{"id":1034,"date":"2019-10-29T09:00:10","date_gmt":"2019-10-29T08:00:10","guid":{"rendered":"https:\/\/www.cineclubaranjuez.es\/?p=1034"},"modified":"2019-10-28T20:20:22","modified_gmt":"2019-10-28T19:20:22","slug":"el-tren","status":"publish","type":"post","link":"https:\/\/www.cineclubaranjuez.es\/index.php\/2019\/10\/29\/el-tren\/","title":{"rendered":"El tren"},"content":{"rendered":"<div style='text-align:left' class='yasr-auto-insert-overall'><!--Yasr Overall Rating Shortcode--><div class='yasr-custom-text-before-overall' id='yasr-custom-text-before-overall'>Nuestra Puntuaci\u00f3n<\/div><div class=\"yasr-overall-rating\"><div class=' yasr-rater-stars'\n                           id='yasr-overall-rating-rater-a967f3f3d049d'\n                           data-rating='3'\n                           data-rater-starsize='32'>\n                       <\/div><\/div><!--End Yasr Overall Rating Shortcode--><\/div><div style='text-align:left' class='yasr-auto-insert-visitor'><!--Yasr Visitor Votes Shortcode--><div id='yasr_visitor_votes_43fd9bf376f97' class='yasr-visitor-votes'><div class=\"yasr-custom-text-vv-before yasr-custom-text-vv-before-1034\">Valoraci\u00f3n de los lectores<\/div><div id='yasr-vv-second-row-container-43fd9bf376f97'\n                                        class='yasr-vv-second-row-container'><div id='yasr-visitor-votes-rater-43fd9bf376f97'\n                                      class='yasr-rater-stars-vv'\n                                      data-rater-postid='1034'\n                                      data-rating='0'\n                                      data-rater-starsize='32'\n                                      data-rater-readonly='false'\n                                      data-rater-nonce='c0255e86f1'\n                                      data-issingular='false'\n                                    ><\/div><div class=\"yasr-vv-stats-text-container\" id=\"yasr-vv-stats-text-container-43fd9bf376f97\"><svg xmlns=\"https:\/\/www.w3.org\/2000\/svg\" width=\"20\" height=\"20\"\n                                   class=\"yasr-dashicons-visitor-stats\"\n                                   data-postid=\"1034\"\n                                   id=\"yasr-stats-dashicon-43fd9bf376f97\">\n                                   <path d=\"M18 18v-16h-4v16h4zM12 18v-11h-4v11h4zM6 18v-8h-4v8h4z\"><\/path>\n                               <\/svg><span id=\"yasr-vv-text-container-43fd9bf376f97\" class=\"yasr-vv-text-container\">[Total: <span id=\"yasr-vv-votes-number-container-43fd9bf376f97\">0<\/span>  Media: <span id=\"yasr-vv-average-container-43fd9bf376f97\">0<\/span>]<\/span><\/div><div id='yasr-vv-loader-43fd9bf376f97' class='yasr-vv-container-loader'><\/div><\/div><div id='yasr-vv-bottom-container-43fd9bf376f97' class='yasr-vv-bottom-container'><\/div><\/div><!--End Yasr Visitor Votes Shortcode--><\/div>\n<p><strong>T\u00edtulo original:<\/strong> The Train<br><strong>A\u00f1o:<\/strong> 1964<br><strong>Duraci\u00f3n: <\/strong>133 min.<\/p>\n\n\n\n<p><strong>Pa\u00eds:<\/strong> Estados Unidos<br><strong>Direcci\u00f3n:<\/strong> John Frankenheimer<br><strong>Guion: <\/strong>Franklin Coen, Frank Davis<br><strong>M\u00fasica:<\/strong> Maurice Jarre<br><strong>Fotograf\u00eda: <\/strong>Jean Tournier, Walter Wottitz (B&amp;W)<\/p>\n\n\n\n<p><strong>Reparto:<\/strong><br>Burt Lancaster, Paul Scofield, Jeanne Moreau, Michel Simon, Howard Vernon, Suzanne Flon, Charles Millot, Wolfgang Preiss, Albert R\u00e9my<\/p>\n\n\n\n<p><strong>Sinopsis:<\/strong><br>El Coronel Franz Von Waldheim se encuentra destacado en Par\u00eds con una misi\u00f3n muy concreta: hacerse con las modernas pinturas francesas, las mismas calificadas de &#8220;degeneradas&#8221; por los nazis, y cargarlas en un tren con destino a Alemania para el Tercer Reich. Eso s\u00ed, ha de tener mucho cuidado de no da\u00f1ar la carga y, adem\u00e1s, tiene de tiempo l\u00edmite lo que tarden los aliados en reconquistar la ciudad, es decir, poco margen ya que cada vez est\u00e1n m\u00e1s cerca. (FILMAFFINITY)<\/p>\n\n\n\n<p><strong>Premios:<\/strong><br> 1965: Nominada al Oscar: Mejor gui\u00f3n original<br> 1965: National Board of Review: Top 10 mejores pel\u00edculas<br> 1964: Premios BAFTA: Nominada a Mejor pel\u00edcula<\/p>\n\n\n\n<p><\/p>\n\n\n\n<!--more-->\n\n\n\n<p><strong>Opini\u00f3n:<\/strong> Una pel\u00edcula un tanto perdida, que decidimos ver hace un par de semanas, para que ve\u00e1is que llevamos un buen retardo en cuanto a cr\u00edticas.<\/p>\n\n\n\n<p>En este caso, parece que nos enfrentamos a una autentico cl\u00e1sico, aunque como siempre, uno tiene que bucear m\u00e1s all\u00e1 de lo m\u00e1s conocido para encontrar esta clase de pel\u00edculas de &#8216;segunda fila&#8217;.<\/p>\n\n\n\n<p>La verdad es que es una pel\u00edcula sobre la segunda guerra mundial bastante at\u00edpica. Aqu\u00ed no se lucha por liberar pa\u00edses o matar alemanes, sino por el transporte en tren de unos valiosos cuadros. La resistencia francesa se convierte en unos ferroviarios tratando de evitar que un tren cargado de obras de arte, atraviese las l\u00edneas alemanas, antes de que Francia sea liberada por los aliados. Con una fotograf\u00eda en blanco y negro, que le da un aspecto muy cl\u00e1sico, aunque la pel\u00edcula es relativamente reciente. <\/p>\n\n\n\n<p>He de reconocer que me pareci\u00f3 muy buena pel\u00edcula hasta aproximadamente los dos tercios de la misma. M\u00e1s adelante empieza a hacerse un poco pesada. Al menos a mi me lo pareci\u00f3. Es un poco repetitiva al final, y quiz\u00e1s algunos minutos menos, para mi gusto le hubieran beneficiado bastante. Es cierto que hasta un poco m\u00e1s all\u00e1 de la primera mitad, es una pel\u00edcula mucho m\u00e1s &#8216;leve&#8217; (lo entrecomillo porque la pel\u00edcula no es para nada alegre o c\u00f3mica), mientras la aventura se va desarrollando en el tren. A partir de ah\u00ed, se me hizo m\u00e1s densa, y tambi\u00e9n es cierto que el final es bastante duro, como no podr\u00eda ser de otra manera, en una pel\u00edcula que hable de una manera grave de la II Guerra mundial. Pero es cierto, que hay escenas finales, como la del bombardeo que no tienen mucho sentido en el desarrollo de la pel\u00edcula, porque al final no sirven para nada.<\/p>\n\n\n\n<p>Me gust\u00f3 mucho la actuaci\u00f3n de Burt Lancaster, que para eso es el gran protagonista de la historia. Es cierto que quiz\u00e1s el malo es un malo un poco teatral, sobre todo al final, pero a\u00fan as\u00ed en general, los actores secundarios son bastante buenos. <\/p>\n\n\n\n<p>Me gust\u00f3 mucho la ambientaci\u00f3n general. Todo lo relacionado con el ferrocarril parece realista, y los efectos est\u00e1n muy logrados. Las cosas que se ven parecen muy reales.<\/p>\n\n\n\n<p>Globalmente la pel\u00edcula me gust\u00f3 mucho. Me parece un acierto, aunque insisto, el tema de la duraci\u00f3n puede desesperar a los m\u00e1s nerviosos.<\/p>\n\n\n\n<p><strong>Lo mejor:<\/strong> Es una historia interesante. Una pel\u00edcula diferente sobre la segunda guerra mundial-<\/p>\n\n\n\n<p><strong>Lo peor:<\/strong> La excesiva duraci\u00f3n y un final demasiado largo y repetitivo.<\/p>\n\n\n\n<figure class=\"wp-block-embed-youtube wp-block-embed is-type-video is-provider-youtube wp-embed-aspect-4-3 wp-has-aspect-ratio\"><div class=\"wp-block-embed__wrapper\">\n<iframe loading=\"lazy\" title=\"Trailer   El tren  1964 (The Train)\" width=\"800\" height=\"600\" src=\"https:\/\/www.youtube.com\/embed\/XrGYBYa0Aes?feature=oembed\" frameborder=\"0\" allow=\"accelerometer; autoplay; clipboard-write; encrypted-media; gyroscope; picture-in-picture\" allowfullscreen><\/iframe>\n<\/div><\/figure>\n","protected":false},"excerpt":{"rendered":"<p>Nuestra Puntuaci\u00f3n Valoraci\u00f3n de los lectores [Total: 0 Media: 0] T\u00edtulo original: The TrainA\u00f1o: 1964Duraci\u00f3n: 133 min. Pa\u00eds: Estados UnidosDirecci\u00f3n:<\/p>\n","protected":false},"author":3,"featured_media":1036,"comment_status":"open","ping_status":"open","sticky":false,"template":"","format":"standard","meta":{"yasr_overall_rating":3,"yasr_post_is_review":"","yasr_auto_insert_disabled":"","yasr_review_type":"","footnotes":""},"categories":[2],"tags":[],"class_list":["post-1034","post","type-post","status-publish","format-standard","has-post-thumbnail","hentry","category-criticas"],"yasr_visitor_votes":{"stars_attributes":{"read_only":false,"span_bottom":false},"number_of_votes":0,"sum_votes":0},"_links":{"self":[{"href":"https:\/\/www.cineclubaranjuez.es\/index.php\/wp-json\/wp\/v2\/posts\/1034"}],"collection":[{"href":"https:\/\/www.cineclubaranjuez.es\/index.php\/wp-json\/wp\/v2\/posts"}],"about":[{"href":"https:\/\/www.cineclubaranjuez.es\/index.php\/wp-json\/wp\/v2\/types\/post"}],"author":[{"embeddable":true,"href":"https:\/\/www.cineclubaranjuez.es\/index.php\/wp-json\/wp\/v2\/users\/3"}],"replies":[{"embeddable":true,"href":"https:\/\/www.cineclubaranjuez.es\/index.php\/wp-json\/wp\/v2\/comments?post=1034"}],"version-history":[{"count":1,"href":"https:\/\/www.cineclubaranjuez.es\/index.php\/wp-json\/wp\/v2\/posts\/1034\/revisions"}],"predecessor-version":[{"id":1037,"href":"https:\/\/www.cineclubaranjuez.es\/index.php\/wp-json\/wp\/v2\/posts\/1034\/revisions\/1037"}],"wp:featuredmedia":[{"embeddable":true,"href":"https:\/\/www.cineclubaranjuez.es\/index.php\/wp-json\/wp\/v2\/media\/1036"}],"wp:attachment":[{"href":"https:\/\/www.cineclubaranjuez.es\/index.php\/wp-json\/wp\/v2\/media?parent=1034"}],"wp:term":[{"taxonomy":"category","embeddable":true,"href":"https:\/\/www.cineclubaranjuez.es\/index.php\/wp-json\/wp\/v2\/categories?post=1034"},{"taxonomy":"post_tag","embeddable":true,"href":"https:\/\/www.cineclubaranjuez.es\/index.php\/wp-json\/wp\/v2\/tags?post=1034"}],"curies":[{"name":"wp","href":"https:\/\/api.w.org\/{rel}","templated":true}]}}