{"id":1143,"date":"2019-12-03T19:56:22","date_gmt":"2019-12-03T18:56:22","guid":{"rendered":"https:\/\/www.cineclubaranjuez.es\/?p=1143"},"modified":"2019-12-03T20:09:57","modified_gmt":"2019-12-03T19:09:57","slug":"el-crack","status":"publish","type":"post","link":"https:\/\/www.cineclubaranjuez.es\/index.php\/2019\/12\/03\/el-crack\/","title":{"rendered":"El crack"},"content":{"rendered":"<div style='text-align:left' class='yasr-auto-insert-overall'><!--Yasr Overall Rating Shortcode--><div class='yasr-custom-text-before-overall' id='yasr-custom-text-before-overall'>Nuestra Puntuaci\u00f3n<\/div><div class=\"yasr-overall-rating\"><div class=' yasr-rater-stars'\n                           id='yasr-overall-rating-rater-68049d0a171fb'\n                           data-rating='4.5'\n                           data-rater-starsize='32'>\n                       <\/div><\/div><!--End Yasr Overall Rating Shortcode--><\/div><div style='text-align:left' class='yasr-auto-insert-visitor'><!--Yasr Visitor Votes Shortcode--><div id='yasr_visitor_votes_08f6900c94110' class='yasr-visitor-votes'><div class=\"yasr-custom-text-vv-before yasr-custom-text-vv-before-1143\">Valoraci\u00f3n de los lectores<\/div><div id='yasr-vv-second-row-container-08f6900c94110'\n                                        class='yasr-vv-second-row-container'><div id='yasr-visitor-votes-rater-08f6900c94110'\n                                      class='yasr-rater-stars-vv'\n                                      data-rater-postid='1143'\n                                      data-rating='5'\n                                      data-rater-starsize='32'\n                                      data-rater-readonly='false'\n                                      data-rater-nonce='8391007680'\n                                      data-issingular='false'\n                                    ><\/div><div class=\"yasr-vv-stats-text-container\" id=\"yasr-vv-stats-text-container-08f6900c94110\"><svg xmlns=\"https:\/\/www.w3.org\/2000\/svg\" width=\"20\" height=\"20\"\n                                   class=\"yasr-dashicons-visitor-stats\"\n                                   data-postid=\"1143\"\n                                   id=\"yasr-stats-dashicon-08f6900c94110\">\n                                   <path d=\"M18 18v-16h-4v16h4zM12 18v-11h-4v11h4zM6 18v-8h-4v8h4z\"><\/path>\n                               <\/svg><span id=\"yasr-vv-text-container-08f6900c94110\" class=\"yasr-vv-text-container\">[Total: <span id=\"yasr-vv-votes-number-container-08f6900c94110\">1<\/span>  Media: <span id=\"yasr-vv-average-container-08f6900c94110\">5<\/span>]<\/span><\/div><div id='yasr-vv-loader-08f6900c94110' class='yasr-vv-container-loader'><\/div><\/div><div id='yasr-vv-bottom-container-08f6900c94110' class='yasr-vv-bottom-container'><\/div><\/div><!--End Yasr Visitor Votes Shortcode--><\/div>\n<p><strong>T\u00edtulo original:<\/strong> El crack<br><strong>A\u00f1o:<\/strong> 1981<br><strong>Duraci\u00f3n:<\/strong> 119 min.<br><strong>Pa\u00eds: <\/strong>Espa\u00f1a<br><strong>Direcci\u00f3n:<\/strong> Jos\u00e9 Luis Garci<br><strong>Gui\u00f3n: <\/strong>Jos\u00e9 Luis Garci, Horacio Valc\u00e1rcel<br><strong>M\u00fasica:<\/strong> Jes\u00fas Gl\u00fcck<br><strong>Fotograf\u00eda:<\/strong> Manuel Rojas<\/p>\n\n\n\n<p><strong>Reparto:<\/strong><br>Alfredo Landa, Mar\u00eda Casanova, Jos\u00e9 B\u00f3dalo, Manuel Tejada, Miguel Rell\u00e1n, Manuel Lorenzo, Ra\u00fal Fraire<\/p>\n\n\n\n<p><strong>Sinopsis:<\/strong><br>Areta, un antiguo polic\u00eda que trabaja como detective, recibe el encargo de encontrar a la hija de un empresario de Ponferrada. Gracias al novio, averigua que la chica estaba embarazada y huy\u00f3 de casa. A partir de ese momento, empieza a sufrir todo tipo de presiones para que abandone el caso, pero Areta seguir\u00e1 investigando hasta el final. (<a href=\"https:\/\/www.filmaffinity.com\/es\/film968154.html\">FILMAFFINITY<\/a>)<\/p>\n\n\n\n<p><\/p>\n\n\n\n<!--more-->\n\n\n\n<p><strong>Opini\u00f3n:<\/strong> Pues qui\u00e9n lo iba  a decir? Honestamente no soy gran fan de Garci. No esperaba nada muy especial y me encontr\u00e9 con una pel\u00edcula espectacular, que te mantiene en tensi\u00f3n, con di\u00e1logos muy bien construidos, grandes personajes&#8230; un pelicul\u00f3n vaya. <\/p>\n\n\n\n<p>Rodada en un Madrid imposible, a caballo entre lo m\u00e1s rancio y lo m\u00e1s moderno. Un Madrid gris, de cemento y acero, pero que a la vez es bonito. Pocas veces se ha visto en una pel\u00edcula a la capital tan bella, y tan bien retratada. Tan de pel\u00edcula y tan real. Un Madrid que perfectamente podr\u00eda ser el Nueva York de cualquier pel\u00edcula de cine negro. De hecho la pel\u00edcula pisa brevemente la ciudad americana, pero precisamente esa es la parte que menos me gusta.<\/p>\n\n\n\n<p>Un Alfredo Landa enorme, sorprendente, alejado de cualquier &#8216;Manolo La Nuit&#8217;, &#8216;Genaro el de los 14&#8217;, o el Benidorm de las suecas. Un actorazo dando vida a un personaje inolvidable. Humano, y fr\u00edo. Duro y sentimental. Incre\u00edble que alguien tan centrado en un cine tan rancio, de un salto y se convierta en un actor con may\u00fasculas. No hay nada de su carrera m\u00e1s ca\u00f1\u00ed que se aprecie aqu\u00ed. Todo contenci\u00f3n y calma. A mi me dej\u00f3 descolocado. Como siempre en estos casos una lecci\u00f3n de c\u00f3mo nos confunden los prejuicios.<\/p>\n\n\n\n<p>En cuanto al resto del reparto, especial menci\u00f3n para Miguel Rell\u00e1n, como Moro, el ayudante de Areta. Otro gran personaje de los muchos que pululan por la pel\u00edcula. El contrapunto divertido al protagonista y muy logrado. <\/p>\n\n\n\n<p>M\u00e1s personajes, a destacar: Rocky, interpretado por Manuel Lorenzo, el enamorado de Rocky Marciano. Otro autentico puntazo, adem\u00e1s, regenta un rinc\u00f3n imposible en el front\u00f3n de Madrid. <\/p>\n\n\n\n<p>Quiz\u00e1s el personaje m\u00e1s flojo es el interpretado por Mar\u00eda Casanova, aunque es cierto, que hace que la segunda mitad de la pel\u00edcula tenga sentido. <\/p>\n\n\n\n<p>Otro punto muy destacable es la banda sonora. Un piano con una melod\u00eda que cala, y que acompa\u00f1a y hace a la pel\u00edcula reconocible e inolvidable.<\/p>\n\n\n\n<p>Por decir algo malo, hay ciertos momentos del gui\u00f3n que son un poco flojos Pero son pocos, y con esto no quiero enturbiar nada la pel\u00edcula, porque creo que ante esta pel\u00edcula se puede perdonar alg\u00fan peque\u00f1o error. <\/p>\n\n\n\n<p>Si crees que el cine espa\u00f1ol es una casta\u00f1a (en general mi opini\u00f3n, debo de reconocer de nuevo mis prejuicios), dale una oportunidad a &#8216;El crack&#8217;. No te va a defraudar. Honestamente, tengo ganas de ver m\u00e1s pel\u00edculas de Garci  (ya hemos visto &#8216;El crack dos&#8217;, de la que hablaremos pr\u00f3ximamente). Estas dos me han borrado de un plumazo le mal sabor de &#8216;Sangre de mayo&#8217;. Veremos a ver si otras pueden mantener el nivel (y no olvidemos que hablamos del ganador de un oscar).<\/p>\n\n\n\n<p><strong>Lo mejor:<\/strong> Creo que se puede hablar de un cl\u00e1sico del cine patrio. Una pel\u00edcula redonda, con grandes personajes, di\u00e1logos, fotograf\u00eda, m\u00fasica&#8230; un Alfredo Landa estratosf\u00e9rico. Una pel\u00edcula para ver y paladear muchas veces.<\/p>\n\n\n\n<p><strong>Lo peor:<\/strong> Los prejuicios que tenemos sobre el cine espa\u00f1ol, y me pongo el primero en la cola. Algunos momentos del gui\u00f3n es un poco incongruente. <\/p>\n\n\n\n<p><\/p>\n\n\n\n<figure class=\"wp-block-embed-youtube wp-block-embed is-type-video is-provider-youtube wp-embed-aspect-4-3 wp-has-aspect-ratio\"><div class=\"wp-block-embed__wrapper\">\n<iframe loading=\"lazy\" title=\"El Crack - Tr\u00e1iler\" width=\"800\" height=\"600\" src=\"https:\/\/www.youtube.com\/embed\/y8mYgfkuEqI?feature=oembed\" frameborder=\"0\" allow=\"accelerometer; autoplay; clipboard-write; encrypted-media; gyroscope; picture-in-picture\" allowfullscreen><\/iframe>\n<\/div><\/figure>\n","protected":false},"excerpt":{"rendered":"<p>Nuestra Puntuaci\u00f3n Valoraci\u00f3n de los lectores [Total: 1 Media: 5] T\u00edtulo original: El crackA\u00f1o: 1981Duraci\u00f3n: 119 min.Pa\u00eds: Espa\u00f1aDirecci\u00f3n: Jos\u00e9 Luis<\/p>\n","protected":false},"author":3,"featured_media":1144,"comment_status":"open","ping_status":"open","sticky":false,"template":"","format":"standard","meta":{"yasr_overall_rating":4.5,"yasr_post_is_review":"","yasr_auto_insert_disabled":"","yasr_review_type":"","footnotes":""},"categories":[2],"tags":[],"class_list":["post-1143","post","type-post","status-publish","format-standard","has-post-thumbnail","hentry","category-criticas"],"yasr_visitor_votes":{"stars_attributes":{"read_only":false,"span_bottom":false},"number_of_votes":1,"sum_votes":5},"_links":{"self":[{"href":"https:\/\/www.cineclubaranjuez.es\/index.php\/wp-json\/wp\/v2\/posts\/1143"}],"collection":[{"href":"https:\/\/www.cineclubaranjuez.es\/index.php\/wp-json\/wp\/v2\/posts"}],"about":[{"href":"https:\/\/www.cineclubaranjuez.es\/index.php\/wp-json\/wp\/v2\/types\/post"}],"author":[{"embeddable":true,"href":"https:\/\/www.cineclubaranjuez.es\/index.php\/wp-json\/wp\/v2\/users\/3"}],"replies":[{"embeddable":true,"href":"https:\/\/www.cineclubaranjuez.es\/index.php\/wp-json\/wp\/v2\/comments?post=1143"}],"version-history":[{"count":4,"href":"https:\/\/www.cineclubaranjuez.es\/index.php\/wp-json\/wp\/v2\/posts\/1143\/revisions"}],"predecessor-version":[{"id":1157,"href":"https:\/\/www.cineclubaranjuez.es\/index.php\/wp-json\/wp\/v2\/posts\/1143\/revisions\/1157"}],"wp:featuredmedia":[{"embeddable":true,"href":"https:\/\/www.cineclubaranjuez.es\/index.php\/wp-json\/wp\/v2\/media\/1144"}],"wp:attachment":[{"href":"https:\/\/www.cineclubaranjuez.es\/index.php\/wp-json\/wp\/v2\/media?parent=1143"}],"wp:term":[{"taxonomy":"category","embeddable":true,"href":"https:\/\/www.cineclubaranjuez.es\/index.php\/wp-json\/wp\/v2\/categories?post=1143"},{"taxonomy":"post_tag","embeddable":true,"href":"https:\/\/www.cineclubaranjuez.es\/index.php\/wp-json\/wp\/v2\/tags?post=1143"}],"curies":[{"name":"wp","href":"https:\/\/api.w.org\/{rel}","templated":true}]}}