{"id":1224,"date":"2020-04-09T12:49:20","date_gmt":"2020-04-09T10:49:20","guid":{"rendered":"https:\/\/www.cineclubaranjuez.es\/?p=1224"},"modified":"2020-04-09T12:49:22","modified_gmt":"2020-04-09T10:49:22","slug":"el-gran-bano","status":"publish","type":"post","link":"https:\/\/www.cineclubaranjuez.es\/index.php\/2020\/04\/09\/el-gran-bano\/","title":{"rendered":"El gran ba\u00f1o"},"content":{"rendered":"<div style='text-align:left' class='yasr-auto-insert-overall'><!--Yasr Overall Rating Shortcode--><div class='yasr-custom-text-before-overall' id='yasr-custom-text-before-overall'>Nuestra Puntuaci\u00f3n<\/div><div class=\"yasr-overall-rating\"><div class=' yasr-rater-stars'\n                           id='yasr-overall-rating-rater-fc4290c64670c'\n                           data-rating='3.5'\n                           data-rater-starsize='32'>\n                       <\/div><\/div><!--End Yasr Overall Rating Shortcode--><\/div><div style='text-align:left' class='yasr-auto-insert-visitor'><!--Yasr Visitor Votes Shortcode--><div id='yasr_visitor_votes_c67097cf60f42' class='yasr-visitor-votes'><div class=\"yasr-custom-text-vv-before yasr-custom-text-vv-before-1224\">Valoraci\u00f3n de los lectores<\/div><div id='yasr-vv-second-row-container-c67097cf60f42'\n                                        class='yasr-vv-second-row-container'><div id='yasr-visitor-votes-rater-c67097cf60f42'\n                                      class='yasr-rater-stars-vv'\n                                      data-rater-postid='1224'\n                                      data-rating='3'\n                                      data-rater-starsize='32'\n                                      data-rater-readonly='false'\n                                      data-rater-nonce='8391007680'\n                                      data-issingular='false'\n                                    ><\/div><div class=\"yasr-vv-stats-text-container\" id=\"yasr-vv-stats-text-container-c67097cf60f42\"><svg xmlns=\"https:\/\/www.w3.org\/2000\/svg\" width=\"20\" height=\"20\"\n                                   class=\"yasr-dashicons-visitor-stats\"\n                                   data-postid=\"1224\"\n                                   id=\"yasr-stats-dashicon-c67097cf60f42\">\n                                   <path d=\"M18 18v-16h-4v16h4zM12 18v-11h-4v11h4zM6 18v-8h-4v8h4z\"><\/path>\n                               <\/svg><span id=\"yasr-vv-text-container-c67097cf60f42\" class=\"yasr-vv-text-container\">[Total: <span id=\"yasr-vv-votes-number-container-c67097cf60f42\">1<\/span>  Media: <span id=\"yasr-vv-average-container-c67097cf60f42\">3<\/span>]<\/span><\/div><div id='yasr-vv-loader-c67097cf60f42' class='yasr-vv-container-loader'><\/div><\/div><div id='yasr-vv-bottom-container-c67097cf60f42' class='yasr-vv-bottom-container'><\/div><\/div><!--End Yasr Visitor Votes Shortcode--><\/div>\n<p><strong>T\u00edtulo original:<\/strong> Le grand bain<br><strong>A\u00f1o:<\/strong> 2018<br><strong>Duraci\u00f3n:<\/strong> 110 min.<br><strong>Pa\u00eds:<\/strong> Francia<br><strong>Direcci\u00f3n:<\/strong> Gilles Lellouche<br><strong>Gui\u00f3n:<\/strong> Gilles Lellouche, Ahmed Hamidi, Julien Lambroschini<br><strong>M\u00fasica:<\/strong> Jon Brion<br><strong>Fotograf\u00eda:<\/strong> Laurent Tangy<\/p>\n\n\n\n<p>Reparto:<br>Mathieu Amalric, Guillaume Canet, Beno\u00eet Poelvoorde, Jean-Hugues Anglade, Virginie Efira, Le\u00efla Bekhti, Philippe Katerine, Alban Ivanov, M\u00e9lanie Doutey, Jonathan Zacca\u00ef, No\u00e9e Abita, Erika Sainte, Marina Fo\u00efs, F\u00e9lix Moati<\/p>\n\n\n\n<p><strong>Sinopsis:<\/strong><br> En plena crisis de los cuarenta, un peculiar grupo de hombres decide formar el primer equipo nacional de nataci\u00f3n sincronizada masculino. Desafiando estereotipos e ignorando la incomprensi\u00f3n de los que les rodean, se sumergen en una ins\u00f3lita aventura que les llevar\u00e1 a hacer frente a las dificultades y a sacar lo mejor de si mismos gracias a la ilusi\u00f3n y el trabajo en equipo.<\/p>\n\n\n\n<!--more-->\n\n\n\n<p><strong>Opini\u00f3n:<\/strong> Una de esas pel\u00edculas positivas y divertidas que merece la pena ver en estos tiempos nefastos que estamos viviendo. No es un pel\u00edcul\u00f3n, no es &#8216;Intocable&#8217;, no vas a fliparlo con ella, pero seguro que te parece muy entretenida, si no te apetece ver &#8216;Ben-Hur&#8217;, o &#8216;Los diez mandamientos&#8217; o el peplum de turno que nos van a colocar en estas fechas. <\/p>\n\n\n\n<p>A veces las situaciones m\u00e1s divertidas surgen en las historias m\u00e1s tristes o en los relatos de esa gente que no brilla y que no aparece en los telediarios. Quiz\u00e1s nos centramos siempre en buscar la perfecci\u00f3n (y en mostrarla), cuando en realidad la vida est\u00e1 en los detalles m\u00e1s sencillos y en aquellos que nos llenan. Lejos de las grandes fanfarrias. Y esta pel\u00edcula, tanto en la historia, como en s\u00ed misma, est\u00e1 alineada con esa idea.<\/p>\n\n\n\n<p>Os recomiendo que le ech\u00e9is un ojo y os ech\u00e9is una risas a costa de los perdedores (vencedores) protagonistas de esta historia. <\/p>\n\n\n\n<p><\/p>\n\n\n\n<p><strong>Lo mejor:<\/strong> Una bonita historia de crecimiento personal y humano tratado con mucho humor y cari\u00f1o<\/p>\n\n\n\n<p><strong>Lo peor:<\/strong> Pasar\u00e1, como es muy habitual, sin pena ni gloria.<\/p>\n\n\n\n<p><\/p>\n\n\n\n<figure class=\"wp-block-embed-youtube wp-block-embed is-type-video is-provider-youtube wp-embed-aspect-16-9 wp-has-aspect-ratio\"><div class=\"wp-block-embed__wrapper\">\n<iframe loading=\"lazy\" title=\"El gran ban\u0303o - Trailer espan\u0303ol (HD)\" width=\"800\" height=\"450\" src=\"https:\/\/www.youtube.com\/embed\/YzBDfEF8FFM?feature=oembed\" frameborder=\"0\" allow=\"accelerometer; autoplay; clipboard-write; encrypted-media; gyroscope; picture-in-picture\" allowfullscreen><\/iframe>\n<\/div><\/figure>\n","protected":false},"excerpt":{"rendered":"<p>Nuestra Puntuaci\u00f3n Valoraci\u00f3n de los lectores [Total: 1 Media: 3] T\u00edtulo original: Le grand bainA\u00f1o: 2018Duraci\u00f3n: 110 min.Pa\u00eds: FranciaDirecci\u00f3n: Gilles<\/p>\n","protected":false},"author":3,"featured_media":1252,"comment_status":"open","ping_status":"open","sticky":false,"template":"","format":"standard","meta":{"yasr_overall_rating":3.5,"yasr_post_is_review":"","yasr_auto_insert_disabled":"","yasr_review_type":"","footnotes":""},"categories":[2],"tags":[],"class_list":["post-1224","post","type-post","status-publish","format-standard","has-post-thumbnail","hentry","category-criticas"],"yasr_visitor_votes":{"stars_attributes":{"read_only":false,"span_bottom":false},"number_of_votes":1,"sum_votes":3},"_links":{"self":[{"href":"https:\/\/www.cineclubaranjuez.es\/index.php\/wp-json\/wp\/v2\/posts\/1224"}],"collection":[{"href":"https:\/\/www.cineclubaranjuez.es\/index.php\/wp-json\/wp\/v2\/posts"}],"about":[{"href":"https:\/\/www.cineclubaranjuez.es\/index.php\/wp-json\/wp\/v2\/types\/post"}],"author":[{"embeddable":true,"href":"https:\/\/www.cineclubaranjuez.es\/index.php\/wp-json\/wp\/v2\/users\/3"}],"replies":[{"embeddable":true,"href":"https:\/\/www.cineclubaranjuez.es\/index.php\/wp-json\/wp\/v2\/comments?post=1224"}],"version-history":[{"count":2,"href":"https:\/\/www.cineclubaranjuez.es\/index.php\/wp-json\/wp\/v2\/posts\/1224\/revisions"}],"predecessor-version":[{"id":1253,"href":"https:\/\/www.cineclubaranjuez.es\/index.php\/wp-json\/wp\/v2\/posts\/1224\/revisions\/1253"}],"wp:featuredmedia":[{"embeddable":true,"href":"https:\/\/www.cineclubaranjuez.es\/index.php\/wp-json\/wp\/v2\/media\/1252"}],"wp:attachment":[{"href":"https:\/\/www.cineclubaranjuez.es\/index.php\/wp-json\/wp\/v2\/media?parent=1224"}],"wp:term":[{"taxonomy":"category","embeddable":true,"href":"https:\/\/www.cineclubaranjuez.es\/index.php\/wp-json\/wp\/v2\/categories?post=1224"},{"taxonomy":"post_tag","embeddable":true,"href":"https:\/\/www.cineclubaranjuez.es\/index.php\/wp-json\/wp\/v2\/tags?post=1224"}],"curies":[{"name":"wp","href":"https:\/\/api.w.org\/{rel}","templated":true}]}}