{"id":1229,"date":"2020-03-27T20:45:18","date_gmt":"2020-03-27T19:45:18","guid":{"rendered":"https:\/\/www.cineclubaranjuez.es\/?p=1229"},"modified":"2020-04-24T21:53:02","modified_gmt":"2020-04-24T19:53:02","slug":"la-trinchera-infinita","status":"publish","type":"post","link":"https:\/\/www.cineclubaranjuez.es\/index.php\/2020\/03\/27\/la-trinchera-infinita\/","title":{"rendered":"La trinchera infinita"},"content":{"rendered":"<div style='text-align:left' class='yasr-auto-insert-overall'><!--Yasr Overall Rating Shortcode--><div class='yasr-custom-text-before-overall' id='yasr-custom-text-before-overall'>Nuestra Puntuaci\u00f3n<\/div><div class=\"yasr-overall-rating\"><div class=' yasr-rater-stars'\n                           id='yasr-overall-rating-rater-664787f339cce'\n                           data-rating='2.8'\n                           data-rater-starsize='32'>\n                       <\/div><\/div><!--End Yasr Overall Rating Shortcode--><\/div><div style='text-align:left' class='yasr-auto-insert-visitor'><!--Yasr Visitor Votes Shortcode--><div id='yasr_visitor_votes_e7170f39c6894' class='yasr-visitor-votes'><div class=\"yasr-custom-text-vv-before yasr-custom-text-vv-before-1229\">Valoraci\u00f3n de los lectores<\/div><div id='yasr-vv-second-row-container-e7170f39c6894'\n                                        class='yasr-vv-second-row-container'><div id='yasr-visitor-votes-rater-e7170f39c6894'\n                                      class='yasr-rater-stars-vv'\n                                      data-rater-postid='1229'\n                                      data-rating='3.5'\n                                      data-rater-starsize='32'\n                                      data-rater-readonly='false'\n                                      data-rater-nonce='a0461da677'\n                                      data-issingular='false'\n                                    ><\/div><div class=\"yasr-vv-stats-text-container\" id=\"yasr-vv-stats-text-container-e7170f39c6894\"><svg xmlns=\"https:\/\/www.w3.org\/2000\/svg\" width=\"20\" height=\"20\"\n                                   class=\"yasr-dashicons-visitor-stats\"\n                                   data-postid=\"1229\"\n                                   id=\"yasr-stats-dashicon-e7170f39c6894\">\n                                   <path d=\"M18 18v-16h-4v16h4zM12 18v-11h-4v11h4zM6 18v-8h-4v8h4z\"><\/path>\n                               <\/svg><span id=\"yasr-vv-text-container-e7170f39c6894\" class=\"yasr-vv-text-container\">[Total: <span id=\"yasr-vv-votes-number-container-e7170f39c6894\">2<\/span>  Media: <span id=\"yasr-vv-average-container-e7170f39c6894\">3.5<\/span>]<\/span><\/div><div id='yasr-vv-loader-e7170f39c6894' class='yasr-vv-container-loader'><\/div><\/div><div id='yasr-vv-bottom-container-e7170f39c6894' class='yasr-vv-bottom-container'><\/div><\/div><!--End Yasr Visitor Votes Shortcode--><\/div>\n<figure class=\"wp-block-image size-large\"><img loading=\"lazy\" decoding=\"async\" width=\"717\" height=\"1024\" src=\"https:\/\/www.cineclubaranjuez.es\/wp-content\/uploads\/2020\/03\/IMG_0410-717x1024.jpg\" alt=\"\" class=\"wp-image-1230\" srcset=\"https:\/\/www.cineclubaranjuez.es\/wp-content\/uploads\/2020\/03\/IMG_0410-717x1024.jpg 717w, https:\/\/www.cineclubaranjuez.es\/wp-content\/uploads\/2020\/03\/IMG_0410-210x300.jpg 210w, https:\/\/www.cineclubaranjuez.es\/wp-content\/uploads\/2020\/03\/IMG_0410.jpg 768w\" sizes=\"(max-width: 717px) 100vw, 717px\" \/><\/figure>\n\n\n\n<p>T\u00edtulo original<br> La trinchera infinita<br> A\u00f1o<br> 2019<br> Duraci\u00f3n<br> 147 min.<br> Pa\u00eds<br> Espa\u00f1a Espa\u00f1a<br> Direcci\u00f3n<br> Jon Gara\u00f1o,  Aitor Arregi,  Jos\u00e9 Mari Goenaga<br> Guion<br> Luiso Berdejo, Jos\u00e9 Mari Goenaga<br> M\u00fasica<br> Pascal Gaigne<br> Fotograf\u00eda<br> Javier Agirre Erauso<br> Reparto<br> Antonio de la Torre,  Bel\u00e9n Cuesta,  Vicente Vergara,  Jos\u00e9 Manuel Poga, Emilio Palacios,  Jos\u00e9 Mar\u00eda del Castillo,  Carlos Bernardino,  Adri\u00e1n Fern\u00e1ndez, Nacho Fortes,  Marco C\u00e1ceres,  Joaqu\u00edn G\u00f3mez,  Esperanza Guardado, \u00d3scar Corrales,  Enrique Asenjo,  Estefan\u00eda Rueda<br> Productora<br> Coproducci\u00f3n Espa\u00f1a-Francia; La Claqueta PC \/ Manny Films \/ Irusoin \/ Moriarti Produkzioak<br> G\u00e9nero<br> Drama | Basado en hechos reales. Guerra Civil Espa\u00f1ola. Posguerra espa\u00f1ola. A\u00f1os 30. A\u00f1os 40<br> Sinopsis<br> Higinio y Rosa llevan pocos meses casados cuando estalla la Guerra Civil, y la vida de \u00e9l pasa a estar seriamente amenazada. Con ayuda de su mujer, decidir\u00e1 utilizar un agujero cavado en su propia casa como escondite provisional. El miedo a las posibles represalias, as\u00ed como el amor que sienten el uno por el otro, les condenar\u00e1 a un encierro que se prolongar\u00e1 durante m\u00e1s de 30 a\u00f1os.<br> Premios<br> 2019: Premios Goya: Mejor actriz (Bel\u00e9n Cuesta) y sonido. 15 nominaciones<br> 2019: Festival de San Sebasti\u00e1n: 4 premios, incluyendo Mejor direcci\u00f3n y gui\u00f3n<br> 2019: Premios Feroz: Mejor actriz (Bel\u00e9n Cuesta). 6 nominaciones<br> 2019: Premios Forqu\u00e9: Mejor pel\u00edcula. 3 nominaciones<br> 2020: Premios Platino: 8 nominaciones incluyendo mejor pel\u00edcula, director y guion<\/p>\n\n\n\n<!--more-->\n\n\n\n<p>Opini\u00f3n:Hac\u00eda mucho tiempo que ten\u00eda pendiente esta peli.Y es que en un a\u00f1o de muy buen cine espa\u00f1ol, esta ha sido una de las pelis m\u00e1s destacadas.Al menos en los nominados a los premios Goya.Adem\u00e1s, hay tres pelis sobre la guerra civil:Mientras dure la guerra, Sordo y esta que os comento.Las tres muy distintas, pero disfrutables.<\/p>\n\n\n\n<p>La peli nos narra las vidas de Higinio y Rosa, desde que en plena guerra civil Higinio tiene que huir para no ser fusilado hasta casi el final de la dictadura.Se le acusa de haber cometido diversos delitos, que \u00e9l niega pero que nunca queda claro si son reales o no.Es lo de menos.Lo importante  es narrar la pesadilla que tuvieron que vivir los llamados topos.<\/p>\n\n\n\n<p>Como no consigue huir, tiene que quedarse escondido en un agujero que hay en su casa.Y all\u00ed, har\u00e1 su vida.Se les llam\u00f3 topos a todos los hombres que tuvieron que esconderse de esta manera, para evitar morir o pasar a\u00f1os en una carcel.Como casi todo lo de la guerra civil, especialmente las calamidades que pasaron los del bando perdedor, es un tema poco conocido.<\/p>\n\n\n\n<p>Si bien ha sido tratada en otras pelis, creo que es la primera vez que se hace de una forma tan claustrofobica.Y es que en ning\u00fan momento vemos nada que no pueda ver el  porta de la peli.De manera que nos tiramos m\u00e1s de dos horas escondidos detr\u00e1s de una pared o metidos en una casa.<\/p>\n\n\n\n<p>Aunque es verdad que la peli est\u00e1 muy bien a ratos, al final se me hizo un poco pesada.Y es que llega un momento en el que no pasa casi nada, y van pasando los a\u00f1os de manera muy lenta.Quiz\u00e1 un poco menos de duraci\u00f3n le hubiera venido muy bien.<\/p>\n\n\n\n<p>Destacar que le dieron el Goya al mejor sonido, cuando en la primera media hora se oye fatal.Entre que se oye mal, y el acento tan cerrado que tienen los protagonistas se hace dif\u00edcil entender el principio.Es verdad que luego mejora bastante.<\/p>\n\n\n\n<p>Los dos protagonistas hacen una gran actuaci\u00f3n.Bel\u00e9n Cuesta gana un m\u00e1s que merecido premio Goya, interpretando a una entregada esposa, que har\u00e1 todo lo posible para ayudar a su marido.Dejando de lado su propia vida, sus sue\u00f1os.Renunciando a llevar una vida m\u00ednimamente digna.Y Antonio De la Torre tambi\u00e9n hace un gran papel, viendo como el miedo se va apoderando de \u00e9l.Y va envejeciendo y perdiendo su vida escondido.<\/p>\n\n\n\n<p>Aunque como pel\u00edcula me parece mejor otra que trata el mismo tema, Los girasoles ciegos, os recomiendo que la ve\u00e1is y me dig\u00e1is qu\u00e9 os parece.<\/p>\n\n\n\n<figure class=\"wp-block-embed-youtube wp-block-embed is-type-video is-provider-youtube wp-embed-aspect-16-9 wp-has-aspect-ratio\"><div class=\"wp-block-embed__wrapper\">\n<iframe loading=\"lazy\" title=\"La trinchera infinita - Trailer final (HD)\" width=\"800\" height=\"450\" src=\"https:\/\/www.youtube.com\/embed\/Vcz8bjVD9d8?feature=oembed\" frameborder=\"0\" allow=\"accelerometer; autoplay; clipboard-write; encrypted-media; gyroscope; picture-in-picture\" allowfullscreen><\/iframe>\n<\/div><\/figure>\n","protected":false},"excerpt":{"rendered":"<p>Nuestra Puntuaci\u00f3n Valoraci\u00f3n de los lectores [Total: 2 Media: 3.5] T\u00edtulo original La trinchera infinita A\u00f1o 2019 Duraci\u00f3n 147 min.<\/p>\n","protected":false},"author":2,"featured_media":0,"comment_status":"open","ping_status":"open","sticky":false,"template":"","format":"standard","meta":{"yasr_overall_rating":2.8,"yasr_post_is_review":"","yasr_auto_insert_disabled":"","yasr_review_type":"","footnotes":""},"categories":[2],"tags":[],"class_list":["post-1229","post","type-post","status-publish","format-standard","hentry","category-criticas"],"yasr_visitor_votes":{"stars_attributes":{"read_only":false,"span_bottom":false},"number_of_votes":2,"sum_votes":7},"_links":{"self":[{"href":"https:\/\/www.cineclubaranjuez.es\/index.php\/wp-json\/wp\/v2\/posts\/1229"}],"collection":[{"href":"https:\/\/www.cineclubaranjuez.es\/index.php\/wp-json\/wp\/v2\/posts"}],"about":[{"href":"https:\/\/www.cineclubaranjuez.es\/index.php\/wp-json\/wp\/v2\/types\/post"}],"author":[{"embeddable":true,"href":"https:\/\/www.cineclubaranjuez.es\/index.php\/wp-json\/wp\/v2\/users\/2"}],"replies":[{"embeddable":true,"href":"https:\/\/www.cineclubaranjuez.es\/index.php\/wp-json\/wp\/v2\/comments?post=1229"}],"version-history":[{"count":2,"href":"https:\/\/www.cineclubaranjuez.es\/index.php\/wp-json\/wp\/v2\/posts\/1229\/revisions"}],"predecessor-version":[{"id":1317,"href":"https:\/\/www.cineclubaranjuez.es\/index.php\/wp-json\/wp\/v2\/posts\/1229\/revisions\/1317"}],"wp:attachment":[{"href":"https:\/\/www.cineclubaranjuez.es\/index.php\/wp-json\/wp\/v2\/media?parent=1229"}],"wp:term":[{"taxonomy":"category","embeddable":true,"href":"https:\/\/www.cineclubaranjuez.es\/index.php\/wp-json\/wp\/v2\/categories?post=1229"},{"taxonomy":"post_tag","embeddable":true,"href":"https:\/\/www.cineclubaranjuez.es\/index.php\/wp-json\/wp\/v2\/tags?post=1229"}],"curies":[{"name":"wp","href":"https:\/\/api.w.org\/{rel}","templated":true}]}}