{"id":1433,"date":"2020-06-16T21:56:33","date_gmt":"2020-06-16T19:56:33","guid":{"rendered":"https:\/\/www.cineclubaranjuez.es\/?p=1433"},"modified":"2020-06-16T22:01:20","modified_gmt":"2020-06-16T20:01:20","slug":"no-estoy-de-acuerdo-con-la-retirada-de-lo-que-el-viento-se-llevo-por-parte-de-hbo-max","status":"publish","type":"post","link":"https:\/\/www.cineclubaranjuez.es\/index.php\/2020\/06\/16\/no-estoy-de-acuerdo-con-la-retirada-de-lo-que-el-viento-se-llevo-por-parte-de-hbo-max\/","title":{"rendered":"No estoy de acuerdo con la retirada de &#8216;Lo que el viento se llev\u00f3&#8217; por parte de HBO Max"},"content":{"rendered":"\n<blockquote class=\"wp-block-quote is-layout-flow wp-block-quote-is-layout-flow\"><p>La historia est\u00e1 ah\u00ed para reflejar lo sucedido, y el arte es parte de esa historia. Independientemente de su ideolog\u00eda o de que represente algo que no nos guste.<\/p><\/blockquote>\n\n\n\n<!--more-->\n\n\n\n<p>Recientemente todos hemos sido testigos del presunto asesinato de George Floyd a manos de la pol\u00edcia de Minneapolis. Creo que viendo el v\u00eddeo, sobran las palabras sobre hechos como este. El racismo en Estados Unidos es algo que est\u00e1 a la orden del d\u00eda y que, a pesar de los avances a favor de los afroamericanos, es muy evidente que sigue siendo un asunto a erradicar. Y no solo en Estados Unidos, creo que en todo el mundo entero.<\/p>\n\n\n\n<p>Las manifestaciones y actos de protesta, se han propagado por todo el mundo en solidaridad por la muerte de un ser humano, cuyo \u00fanico delito fue nacer con el color de piel equivocado para algunos. <\/p>\n\n\n\n<p>Hasta este punto estoy totalmente de acuerdo con las reivindicaciones del movimiento Black lives matters surgido tras la muerte de George Floyd.<\/p>\n\n\n\n<p>Con lo que no estoy de acuerdo, es con la siguiente noticia, de la que se han hecho eco muchos medios de comunicaci\u00f3n:<\/p>\n\n\n\n<p><strong><a rel=\"noreferrer noopener\" href=\"http:\/\/HBO retira de su plataforma 'Lo que el viento se llev\u00f3' por las protestas que la consideran racista\" target=\"_blank\">HBO retira de su plataforma &#8216;Lo que el viento se llev\u00f3&#8217; por las protestas que la consideran racista<\/a><\/strong><\/p>\n\n\n\n<p>En el art\u00edculo se explica como la plataforma HBO ha decidido retirar la pel\u00edcula &#8216;Lo que el viento se llev\u00f3&#8217;, debido a los tintes racistas de la misma. Cito textualmente: &#8220;HBO Max, el servicio de streaming que la cadena lanz\u00f3 hace pocas semanas en el mercado norteamericano, ha eliminado temporalmente de su cat\u00e1logo<em>&nbsp;Lo que el viento se llev\u00f3<\/em>&nbsp;tras&nbsp;<strong>varias quejas que acusaban al cl\u00e1sico protagonizado por Vivien Leigh y Clark Gable de ser un filme racista<\/strong>.&#8221;<\/p>\n\n\n\n<p>Adem\u00e1s se indica que pr\u00f3ximamente se volver\u00e1 a reincorporar al cat\u00e1logo con una serie de advertencias sobre su contenido.<\/p>\n\n\n\n<p>Entiendo que en Estados Unidos, ahora mismo las tensiones raciales deben de estar en un punto cr\u00edtico, y que las presiones sobre determinadas obras deben de ser muy fuertes, pero en mi opini\u00f3n la retirada de esa pel\u00edcula y otras que puedan tener contenidos racistas, no hacen ning\u00fan favor a largo plazo a la lucha por la igualdad y los derechos humanos.<\/p>\n\n\n\n<p>Intento explicarme: considero que la retirada de obras de arte (el cine puede considerarse un arte, y de hecho esta pel\u00edcula, en mi opini\u00f3n es una de ellas), debido a su contenido pol\u00edtico o sus ideas, atenta precisamente contra los derechos que tratamos de defender. A lo largo de la historia han ocurrido hechos deleznables y se han cometido toda clase de tropel\u00edas y holocaustos en nombre de las m\u00e1s peregrinas ideas, pero ello no es excusa para retirar las obras, o los textos, o cualquier expresi\u00f3n que deje constancia sobre esos hechos. La historia est\u00e1 ah\u00ed para reflejar lo sucedido, y el arte es parte de esa historia.  Independientemente de su ideolog\u00eda o de que represente algo que no nos guste. Creo que en ese sentido, es muy dif\u00edcil que alguien se pueda erigir como el garante de lo que es correcto y lo que no en una obra art\u00edstica, sobre todo si el autor de la obra no puede defenderse.<\/p>\n\n\n\n<p>Por la misma regla de tres, podemos empezar a retirar pel\u00edculas machistas, pel\u00edculas en las que se fume, en las que se beba, en las que se haga apolog\u00eda de la violencia, del maltrato a animales&#8230; realmente, la historia del cine quedar\u00eda reducida a muy pocas pel\u00edculas si aplicamos filtros en retrospectiva sobre la historia. <\/p>\n\n\n\n<p>Creo que se puede y se debe educar sobre lo que habla esta pel\u00edcula. Como (supuestos) adultos podemos tener un sentido cr\u00edtico sobre esta obra y entender lo que est\u00e1 bien y lo que no. Y educar a futuras generaciones, para pensar y para entender lo que significa el racismo, la xenofobia, la violencia, etc. Pero adem\u00e1s se puede aprender sobre el cine, y sobre lo que signific\u00f3 toda una \u00e9poca. Hacer desaparecer una pel\u00edcula, un cuadro, un libro, nos acerca precisamente a eso que pretendemos evitar. <\/p>\n\n\n\n<p>Yo no estoy de acuerdo con la retirada de una pel\u00edcula, por los valores que representa. Aunque no los comparta. Creo que nos hace m\u00e1s pobres y nos condena a una posible repetici\u00f3n de la historia.  <\/p>\n\n\n\n<h4 class=\"wp-block-heading\">*Nota: este art\u00edculo representa mi opini\u00f3n personal. En ning\u00fan caso representa a cineclubaranjuez, ni ninguno de sus colaboradores.<\/h4>\n","protected":false},"excerpt":{"rendered":"<p>La historia est\u00e1 ah\u00ed para reflejar lo sucedido, y el arte es parte de esa historia. Independientemente de su ideolog\u00eda<\/p>\n","protected":false},"author":3,"featured_media":0,"comment_status":"open","ping_status":"open","sticky":false,"template":"","format":"standard","meta":{"yasr_overall_rating":0,"yasr_post_is_review":"","yasr_auto_insert_disabled":"yes","yasr_review_type":"","footnotes":""},"categories":[4],"tags":[],"class_list":["post-1433","post","type-post","status-publish","format-standard","hentry","category-editorial"],"yasr_visitor_votes":{"stars_attributes":{"read_only":false,"span_bottom":false},"number_of_votes":0,"sum_votes":0},"_links":{"self":[{"href":"https:\/\/www.cineclubaranjuez.es\/index.php\/wp-json\/wp\/v2\/posts\/1433"}],"collection":[{"href":"https:\/\/www.cineclubaranjuez.es\/index.php\/wp-json\/wp\/v2\/posts"}],"about":[{"href":"https:\/\/www.cineclubaranjuez.es\/index.php\/wp-json\/wp\/v2\/types\/post"}],"author":[{"embeddable":true,"href":"https:\/\/www.cineclubaranjuez.es\/index.php\/wp-json\/wp\/v2\/users\/3"}],"replies":[{"embeddable":true,"href":"https:\/\/www.cineclubaranjuez.es\/index.php\/wp-json\/wp\/v2\/comments?post=1433"}],"version-history":[{"count":3,"href":"https:\/\/www.cineclubaranjuez.es\/index.php\/wp-json\/wp\/v2\/posts\/1433\/revisions"}],"predecessor-version":[{"id":1436,"href":"https:\/\/www.cineclubaranjuez.es\/index.php\/wp-json\/wp\/v2\/posts\/1433\/revisions\/1436"}],"wp:attachment":[{"href":"https:\/\/www.cineclubaranjuez.es\/index.php\/wp-json\/wp\/v2\/media?parent=1433"}],"wp:term":[{"taxonomy":"category","embeddable":true,"href":"https:\/\/www.cineclubaranjuez.es\/index.php\/wp-json\/wp\/v2\/categories?post=1433"},{"taxonomy":"post_tag","embeddable":true,"href":"https:\/\/www.cineclubaranjuez.es\/index.php\/wp-json\/wp\/v2\/tags?post=1433"}],"curies":[{"name":"wp","href":"https:\/\/api.w.org\/{rel}","templated":true}]}}