{"id":1463,"date":"2020-07-01T10:28:00","date_gmt":"2020-07-01T08:28:00","guid":{"rendered":"https:\/\/www.cineclubaranjuez.es\/?p=1463"},"modified":"2020-07-26T18:06:13","modified_gmt":"2020-07-26T16:06:13","slug":"el-crack-cero","status":"publish","type":"post","link":"https:\/\/www.cineclubaranjuez.es\/index.php\/2020\/07\/01\/el-crack-cero\/","title":{"rendered":"El crack Cero"},"content":{"rendered":"<div style='text-align:left' class='yasr-auto-insert-overall'><!--Yasr Overall Rating Shortcode--><div class='yasr-custom-text-before-overall' id='yasr-custom-text-before-overall'>Nuestra Puntuaci\u00f3n<\/div><div class=\"yasr-overall-rating\"><div class=' yasr-rater-stars'\n                           id='yasr-overall-rating-rater-1c2f935c6ae42'\n                           data-rating='0'\n                           data-rater-starsize='32'>\n                       <\/div><\/div><!--End Yasr Overall Rating Shortcode--><\/div><div style='text-align:left' class='yasr-auto-insert-visitor'><!--Yasr Visitor Votes Shortcode--><div id='yasr_visitor_votes_649ec2cf2c5e3' class='yasr-visitor-votes'><div class=\"yasr-custom-text-vv-before yasr-custom-text-vv-before-1463\">Valoraci\u00f3n de los lectores<\/div><div id='yasr-vv-second-row-container-649ec2cf2c5e3'\n                                        class='yasr-vv-second-row-container'><div id='yasr-visitor-votes-rater-649ec2cf2c5e3'\n                                      class='yasr-rater-stars-vv'\n                                      data-rater-postid='1463'\n                                      data-rating='0'\n                                      data-rater-starsize='32'\n                                      data-rater-readonly='false'\n                                      data-rater-nonce='bee0312318'\n                                      data-issingular='false'\n                                    ><\/div><div class=\"yasr-vv-stats-text-container\" id=\"yasr-vv-stats-text-container-649ec2cf2c5e3\"><svg xmlns=\"https:\/\/www.w3.org\/2000\/svg\" width=\"20\" height=\"20\"\n                                   class=\"yasr-dashicons-visitor-stats\"\n                                   data-postid=\"1463\"\n                                   id=\"yasr-stats-dashicon-649ec2cf2c5e3\">\n                                   <path d=\"M18 18v-16h-4v16h4zM12 18v-11h-4v11h4zM6 18v-8h-4v8h4z\"><\/path>\n                               <\/svg><span id=\"yasr-vv-text-container-649ec2cf2c5e3\" class=\"yasr-vv-text-container\">[Total: <span id=\"yasr-vv-votes-number-container-649ec2cf2c5e3\">0<\/span>  Media: <span id=\"yasr-vv-average-container-649ec2cf2c5e3\">0<\/span>]<\/span><\/div><div id='yasr-vv-loader-649ec2cf2c5e3' class='yasr-vv-container-loader'><\/div><\/div><div id='yasr-vv-bottom-container-649ec2cf2c5e3' class='yasr-vv-bottom-container'><\/div><\/div><!--End Yasr Visitor Votes Shortcode--><\/div>\n<p>T\u00edtulo original<br>El crack Cero<br>A\u00f1o<br>2019<br>Duraci\u00f3n<br>122 min.<br>Pa\u00eds<br>Espa\u00f1a Espa\u00f1a<br>Direcci\u00f3n<br>Jos\u00e9 Luis Garci<br>Guion<br>Jos\u00e9 Luis Garci, Javier Mu\u00f1oz<br>Fotograf\u00eda<br>Luis \u00c1ngel P\u00e9rez<br>Reparto<br>Carlos Santos, Miguel \u00c1ngel Mu\u00f1oz, Luisa Gavasa, Patricia Vico, Pedro Casablanc, Mar\u00eda Cantuel, Macarena G\u00f3mez, Bel\u00e9n L\u00f3pez, Ra\u00fal M\u00e9rida, Cayetana Guill\u00e9n Cuervo, Luis Varela, Ram\u00f3n Langa, Andoni Ferre\u00f1o, Alfonso Delgado, Jacobo Dicenta, Samuel Mir\u00f3, Susana Paz, Jero Garc\u00eda, Daniel Huarte<br>Productora<br>Nickel Odeon Dos<br>G\u00e9nero<br>Cine negro. Drama | Precuela. Neo-noir<br>Grupos<br>El crack<br>Sinopsis<br>Seis meses despu\u00e9s del suicidio del afamado sastre Narciso Benavides, una misteriosa y atractiva mujer casada visita a Germ\u00e1n Areta, prestigioso ex polic\u00eda de la Brigada Criminal y ahora detective privado, para que inicie una investigaci\u00f3n exhaustiva sobre el \u201cCaso Benavides\u201d. La mujer est\u00e1 convencida de que el sastre, que era su amante, fue asesinado. Aunque su instinto le dice a Areta que la gente s\u00f3lo mata por amor o por dinero, ir\u00e1 descubriendo que hay m\u00e1s motivos, y m\u00e1s de un sospechoso, para quitar de en medio al sastre\u2026 Precuela de &#8220;El crack&#8221; (1981), que narra de nuevo las investigaciones del detective Areta en los convulsos a\u00f1os de la Transici\u00f3n Espa\u00f1ola. (FILMAFFINITY)<\/p>\n\n\n\n<!--more-->\n\n\n\n<p>Opini\u00f3n:7 a\u00f1os despu\u00e9s de anunciar su retirada como director, Garc\u00eda nos sorprendi\u00f3 con su vuelta al cine.Y adem\u00e1s con una precuela de dos de sus mejores pel\u00edculas.<\/p>\n\n\n\n<p>En mi opini\u00f3n es inferior a las dos anteriores, y es que la falta de los actores principales se notan.Especialmente el de Alfredo Landa.Como se le echa de menos.<\/p>\n\n\n\n<p>En esta ocasi\u00f3n, Garci nos propone una precuela de su primera peli. Areta ha dejado la polic\u00eda, y ahora es un detective privado.Le encargan que investigue el supuesto suicidio de Benavides, un famoso sastre.<\/p>\n\n\n\n<p>La peli es en blanco y negro, como mandan los c\u00e1nones del buen cine negro.La historia est\u00e1 bien, y los actores no lo hacen mal.Y est\u00e1 bien &#8220;volver&#8221; a ver a los personajes originales.<\/p>\n\n\n\n<p>Pero el peso de la interpretaci\u00f3n de Alfredo Landa es muy grande.Y es que lo que \u00e9l era capaz de decir con una mirada, Carlo Santos necesita frases enteras.Y aunque el esp\u00edritu es el mismo, falta algo.<\/p>\n\n\n\n<p>Adem\u00e1s, sigue al dedillo la misma estructura de las dos primeras.Con lo que no te sorprende en absoluto y casi eres capaz de saber lo que va a pasar.<\/p>\n\n\n\n<p>A\u00fan as\u00ed, la peli salva bastante bien los muebles.Y si te gustaron las dos primeras, seguro que eres capaz de disfrutarla.<\/p>\n\n\n\n<p>Creo que la m\u00fasica es la misma que en las dos primeras.Y solo se han rodado las im\u00e1genes de los interiores.Porque han aprovechado las im\u00e1genes que ten\u00edan de los exteriores y las han puesto.Mejor idea y m\u00e1s barata que intentar recrear el Madrid de los 70.<\/p>\n\n\n\n<figure class=\"wp-block-embed-youtube wp-block-embed is-type-video is-provider-youtube wp-embed-aspect-16-9 wp-has-aspect-ratio\"><div class=\"wp-block-embed__wrapper\">\n<iframe loading=\"lazy\" title=\"EL CRACK CERO. Tr\u00e1iler oficial. Ya en cines\" width=\"800\" height=\"450\" src=\"https:\/\/www.youtube.com\/embed\/nYcq_Dy-EWw?feature=oembed\" frameborder=\"0\" allow=\"accelerometer; autoplay; clipboard-write; encrypted-media; gyroscope; picture-in-picture\" allowfullscreen><\/iframe>\n<\/div><\/figure>\n\n\n\n<p><\/p>\n","protected":false},"excerpt":{"rendered":"<p>Nuestra Puntuaci\u00f3n Valoraci\u00f3n de los lectores [Total: 0 Media: 0] T\u00edtulo originalEl crack CeroA\u00f1o2019Duraci\u00f3n122 min.Pa\u00edsEspa\u00f1a Espa\u00f1aDirecci\u00f3nJos\u00e9 Luis GarciGuionJos\u00e9 Luis Garci,<\/p>\n","protected":false},"author":2,"featured_media":1464,"comment_status":"open","ping_status":"open","sticky":false,"template":"","format":"standard","meta":{"yasr_overall_rating":0,"yasr_post_is_review":"","yasr_auto_insert_disabled":"","yasr_review_type":"","footnotes":""},"categories":[2],"tags":[],"class_list":["post-1463","post","type-post","status-publish","format-standard","has-post-thumbnail","hentry","category-criticas"],"yasr_visitor_votes":{"stars_attributes":{"read_only":false,"span_bottom":false},"number_of_votes":0,"sum_votes":0},"_links":{"self":[{"href":"https:\/\/www.cineclubaranjuez.es\/index.php\/wp-json\/wp\/v2\/posts\/1463"}],"collection":[{"href":"https:\/\/www.cineclubaranjuez.es\/index.php\/wp-json\/wp\/v2\/posts"}],"about":[{"href":"https:\/\/www.cineclubaranjuez.es\/index.php\/wp-json\/wp\/v2\/types\/post"}],"author":[{"embeddable":true,"href":"https:\/\/www.cineclubaranjuez.es\/index.php\/wp-json\/wp\/v2\/users\/2"}],"replies":[{"embeddable":true,"href":"https:\/\/www.cineclubaranjuez.es\/index.php\/wp-json\/wp\/v2\/comments?post=1463"}],"version-history":[{"count":2,"href":"https:\/\/www.cineclubaranjuez.es\/index.php\/wp-json\/wp\/v2\/posts\/1463\/revisions"}],"predecessor-version":[{"id":1512,"href":"https:\/\/www.cineclubaranjuez.es\/index.php\/wp-json\/wp\/v2\/posts\/1463\/revisions\/1512"}],"wp:featuredmedia":[{"embeddable":true,"href":"https:\/\/www.cineclubaranjuez.es\/index.php\/wp-json\/wp\/v2\/media\/1464"}],"wp:attachment":[{"href":"https:\/\/www.cineclubaranjuez.es\/index.php\/wp-json\/wp\/v2\/media?parent=1463"}],"wp:term":[{"taxonomy":"category","embeddable":true,"href":"https:\/\/www.cineclubaranjuez.es\/index.php\/wp-json\/wp\/v2\/categories?post=1463"},{"taxonomy":"post_tag","embeddable":true,"href":"https:\/\/www.cineclubaranjuez.es\/index.php\/wp-json\/wp\/v2\/tags?post=1463"}],"curies":[{"name":"wp","href":"https:\/\/api.w.org\/{rel}","templated":true}]}}