{"id":1526,"date":"2020-07-29T20:45:41","date_gmt":"2020-07-29T18:45:41","guid":{"rendered":"https:\/\/www.cineclubaranjuez.es\/?p=1526"},"modified":"2020-08-05T19:02:06","modified_gmt":"2020-08-05T17:02:06","slug":"prisioneros","status":"publish","type":"post","link":"https:\/\/www.cineclubaranjuez.es\/index.php\/2020\/07\/29\/prisioneros\/","title":{"rendered":"Prisioneros"},"content":{"rendered":"<div style='text-align:left' class='yasr-auto-insert-overall'><!--Yasr Overall Rating Shortcode--><div class='yasr-custom-text-before-overall' id='yasr-custom-text-before-overall'>Nuestra Puntuaci\u00f3n<\/div><div class=\"yasr-overall-rating\"><div class=' yasr-rater-stars'\n                           id='yasr-overall-rating-rater-8fa94491ef620'\n                           data-rating='3.9'\n                           data-rater-starsize='32'>\n                       <\/div><\/div><!--End Yasr Overall Rating Shortcode--><\/div><div style='text-align:left' class='yasr-auto-insert-visitor'><!--Yasr Visitor Votes Shortcode--><div id='yasr_visitor_votes_25f929e604886' class='yasr-visitor-votes'><div class=\"yasr-custom-text-vv-before yasr-custom-text-vv-before-1526\">Valoraci\u00f3n de los lectores<\/div><div id='yasr-vv-second-row-container-25f929e604886'\n                                        class='yasr-vv-second-row-container'><div id='yasr-visitor-votes-rater-25f929e604886'\n                                      class='yasr-rater-stars-vv'\n                                      data-rater-postid='1526'\n                                      data-rating='0'\n                                      data-rater-starsize='32'\n                                      data-rater-readonly='false'\n                                      data-rater-nonce='8391007680'\n                                      data-issingular='false'\n                                    ><\/div><div class=\"yasr-vv-stats-text-container\" id=\"yasr-vv-stats-text-container-25f929e604886\"><svg xmlns=\"https:\/\/www.w3.org\/2000\/svg\" width=\"20\" height=\"20\"\n                                   class=\"yasr-dashicons-visitor-stats\"\n                                   data-postid=\"1526\"\n                                   id=\"yasr-stats-dashicon-25f929e604886\">\n                                   <path d=\"M18 18v-16h-4v16h4zM12 18v-11h-4v11h4zM6 18v-8h-4v8h4z\"><\/path>\n                               <\/svg><span id=\"yasr-vv-text-container-25f929e604886\" class=\"yasr-vv-text-container\">[Total: <span id=\"yasr-vv-votes-number-container-25f929e604886\">0<\/span>  Media: <span id=\"yasr-vv-average-container-25f929e604886\">0<\/span>]<\/span><\/div><div id='yasr-vv-loader-25f929e604886' class='yasr-vv-container-loader'><\/div><\/div><div id='yasr-vv-bottom-container-25f929e604886' class='yasr-vv-bottom-container'><\/div><\/div><!--End Yasr Visitor Votes Shortcode--><\/div>\n<p>T\u00edtulo original Prisoners <\/p>\n\n\n\n<p>A\u00f1o 2013 Duraci\u00f3n 153 min. <\/p>\n\n\n\n<p>Pa\u00eds <img decoding=\"async\" alt=\"Estados Unidos\" src=\"https:\/\/www.filmaffinity.com\/imgs\/countries2\/US.png\">&nbsp;Estados Unidos <\/p>\n\n\n\n<p>Direcci\u00f3n <a href=\"https:\/\/www.filmaffinity.com\/es\/search.php?stype=director&amp;sn&amp;stext=Denis%20Villeneuve\">Denis Villeneuve<\/a> <\/p>\n\n\n\n<p>Guion Aaron Guzikowski <\/p>\n\n\n\n<p>M\u00fasica J\u00f3hann J\u00f3hannsson <\/p>\n\n\n\n<p>Fotograf\u00eda Roger Deakins <\/p>\n\n\n\n<p>Reparto <a href=\"https:\/\/www.filmaffinity.com\/es\/search.php?stype=cast&amp;sn&amp;stext=Hugh%20Jackman\">Hugh Jackman<\/a>, <a href=\"https:\/\/www.filmaffinity.com\/es\/search.php?stype=cast&amp;sn&amp;stext=Jake%20Gyllenhaal\">Jake Gyllenhaal<\/a>, <a href=\"https:\/\/www.filmaffinity.com\/es\/search.php?stype=cast&amp;sn&amp;stext=Viola%20Davis\">Viola Davis<\/a>, <a href=\"https:\/\/www.filmaffinity.com\/es\/search.php?stype=cast&amp;sn&amp;stext=Maria%20Bello\">Maria Bello<\/a>, <a href=\"https:\/\/www.filmaffinity.com\/es\/search.php?stype=cast&amp;sn&amp;stext=Terrence%20Howard\">Terrence Howard<\/a>, <a href=\"https:\/\/www.filmaffinity.com\/es\/search.php?stype=cast&amp;sn&amp;stext=Melissa%20Leo\">Melissa Leo<\/a>, <a href=\"https:\/\/www.filmaffinity.com\/es\/search.php?stype=cast&amp;sn&amp;stext=Paul%20Dano\">Paul Dano<\/a>, <a href=\"https:\/\/www.filmaffinity.com\/es\/search.php?stype=cast&amp;sn&amp;stext=David%20Dastmalchian\">David Dastmalchian<\/a>, <a href=\"https:\/\/www.filmaffinity.com\/es\/search.php?stype=cast&amp;sn&amp;stext=Dylan%20Minnette\">Dylan Minnette<\/a>, <a href=\"https:\/\/www.filmaffinity.com\/es\/search.php?stype=cast&amp;sn&amp;stext=Erin%20Gerasimovich\">Erin Gerasimovich<\/a>, <a href=\"https:\/\/www.filmaffinity.com\/es\/search.php?stype=cast&amp;sn&amp;stext=Kyla%20Drew%20Simmons\">Kyla Drew Simmons<\/a>, <a href=\"https:\/\/www.filmaffinity.com\/es\/search.php?stype=cast&amp;sn&amp;stext=Zoe%20Borde\">Zoe Borde<\/a>, <a href=\"https:\/\/www.filmaffinity.com\/es\/search.php?stype=cast&amp;sn&amp;stext=Len%20Cariou\">Len Cariou<\/a>, <a href=\"https:\/\/www.filmaffinity.com\/es\/search.php?stype=cast&amp;sn&amp;stext=Wayne%20Duvall\">Wayne Duvall<\/a>, <a href=\"https:\/\/www.filmaffinity.com\/es\/search.php?stype=cast&amp;sn&amp;stext=Sandra%20Ellis%20Lafferty\">Sandra Ellis Lafferty<\/a> <\/p>\n\n\n\n<p>Productora Distribuida por Warner Bros.. Alcon Entertainment, 8:38 Productions, Madhouse Entertainment<\/p>\n\n\n\n<p> G\u00e9nero <a href=\"https:\/\/www.filmaffinity.com\/es\/moviegenre.php?genre=TH&amp;attr=rat_count&amp;nodoc\">Thriller<\/a>. <a href=\"https:\/\/www.filmaffinity.com\/es\/moviegenre.php?genre=DR&amp;attr=rat_count&amp;nodoc\">Drama<\/a> | <a href=\"https:\/\/www.filmaffinity.com\/es\/movietopic.php?topic=524594&amp;attr=rat_count&amp;nodoc\">Crimen<\/a>. <a href=\"https:\/\/www.filmaffinity.com\/es\/movietopic.php?topic=124690&amp;attr=rat_count&amp;nodoc\">Polic\u00edaco<\/a>. <a href=\"https:\/\/www.filmaffinity.com\/es\/movietopic.php?topic=156542&amp;attr=rat_count&amp;nodoc\">Secuestros \/ Desapariciones<\/a>. <a href=\"https:\/\/www.filmaffinity.com\/es\/movietopic.php?topic=326213&amp;attr=rat_count&amp;nodoc\">Venganza<\/a> <\/p>\n\n\n\n<p>Sinopsis Keller Dover se enfrenta a la peor de las pesadillas: Anna, su hija de seis a\u00f1os, ha desaparecido con su amiga Joy y, a medida que pasa el tiempo, el p\u00e1nico lo va dominando. Desesperado, decide ocuparse personalmente del asunto. Pero, \u00bfhasta d\u00f3nde est\u00e1 dispuesto a llegar para averiguar el paradero de su hija? (FILMAFFINITY) <\/p>\n\n\n\n<p>Premios <a href=\"https:\/\/www.filmaffinity.com\/es\/awards.php?award_id=academy_awards&amp;year=2014\">2013<\/a>: Oscars: Nominada a Mejor fotograf\u00eda <a href=\"https:\/\/www.filmaffinity.com\/es\/awards.php?award_id=nbr&amp;year=2013\">2013<\/a>: National Board of Review (NBR): Top 10 y Mejor reparto <a href=\"https:\/\/www.filmaffinity.com\/es\/awards.php?award_id=toronto&amp;year=2013\">2013<\/a>: Festival de Toronto: Finalista al Premio del p\u00fablico (Mejor pel\u00edcula) <a href=\"https:\/\/www.filmaffinity.com\/es\/awards.php?award_id=satellite&amp;year=2013\">2013<\/a>: Satellite Awards: 3 nominaciones, incluyendo Mejor actor sec. (Gyllenhaal) <a href=\"https:\/\/www.filmaffinity.com\/es\/awards.php?award_id=cfca&amp;year=2013\">2013<\/a>: Asociaci\u00f3n de Cr\u00edticos de Chicago: Nominada a Mejor fotograf\u00eda<\/p>\n\n\n\n<figure class=\"wp-block-table\"><table><tbody><tr><th scope=\"row\">Presupuesto<\/th><td>$46.000.000<sup><a href=\"https:\/\/es.wikipedia.org\/wiki\/Prisoners_(pel%C3%ADcula)#cite_note-bom-2\">2<\/a><\/sup>\u200b<\/td><\/tr><tr><th scope=\"row\">Recaudaci\u00f3n<\/th><td>$122.126.687<sup><a href=\"https:\/\/es.wikipedia.org\/wiki\/Prisoners_(pel%C3%ADcula)#cite_note-bom-2\">2<\/a><\/sup><\/td><\/tr><\/tbody><\/table><\/figure>\n\n\n\n<!--more-->\n\n\n\n<p>Opini\u00f3n:Repetimos con otra peli de Hugh Jackman, en esta ocasi\u00f3n en un papel mucho m\u00e1s serio.<\/p>\n\n\n\n<p>Interpreta al padre de una ni\u00f1a de seis a\u00f1os , que desaparece en extra\u00f1as circunstancias. En un principio s\u00f3lo hay un sospechoso. Un chico con problemas mentales, que fue visto poco antes de la desaparici\u00f3n de la ni\u00f1a en una autocaravana. Pero tras investigarle, la polic\u00eda descarta su implicaci\u00f3n en el caso. Pero Jackman est\u00e1 convencido de que es el culpable.<\/p>\n\n\n\n<p>Junto con la ni\u00f1a, desparece una amiga suya. La peli nos cuenta las m\u00faltiples formas en las que cada persona se puede tomar un desastre de este tipo.<\/p>\n\n\n\n<p>La peli intenta ponernos en la piel del prota, y te deja la pregunta:\u00bfqu\u00e9 har\u00edas t\u00fa en su lugar?. Dif\u00edcil pregunta, y desasosegante respuesta.Seguro que m\u00e1s de uno, har\u00eda lo mismo que Jackman. \u00bfQu\u00e9 har\u00edas t\u00fa?.<\/p>\n\n\n\n<p>Dirigida por el canadiense Denis Villeneuve, la peli nos presenta uno de los mayores miedos de cualquier padre. Que le pase algo a tu hijo\/a y no puedas hacer nada. O lo que es peor, que puedas y no debas. Tras varias pelis en Canad\u00e1, Enemy le lanz\u00f3 a la fama internacional y de all\u00ed a Hollywood solo hab\u00eda un paso.Esta es su primera peli americana, y despu\u00e9s hizo la tambi\u00e9n notable Sicario y m\u00e1s recientemente La llegada y Blade Runner 2049.Sin duda, un director al que seguir.<\/p>\n\n\n\n<p>En el papel de poli, el siempre interesante Jake Gyllenhaal.Con pelis muy notables a sus espaldas como Brokeback Mountain, Zodiac o Nightcrawler no es una megaestrella de Hollywood pero tiene pelis m\u00e1s que notables.<\/p>\n\n\n\n<p>No es un peli f\u00e1cil de ver, por la violencia que tiene, pero sin duda muy recomendable. Te engancha casi desde el principio, y te tiene en vilo dos horas y media.<\/p>\n\n\n\n<figure class=\"wp-block-embed-youtube wp-block-embed is-type-video is-provider-youtube wp-embed-aspect-16-9 wp-has-aspect-ratio\"><div class=\"wp-block-embed__wrapper\">\n<iframe loading=\"lazy\" title=\"Prisioneros - Tr\u00e1iler Oficial en espa\u00f1ol HD\" width=\"800\" height=\"450\" src=\"https:\/\/www.youtube.com\/embed\/AiN1ahjVb3Y?feature=oembed\" frameborder=\"0\" allow=\"accelerometer; autoplay; clipboard-write; encrypted-media; gyroscope; picture-in-picture\" allowfullscreen><\/iframe>\n<\/div><\/figure>\n","protected":false},"excerpt":{"rendered":"<p>Nuestra Puntuaci\u00f3n Valoraci\u00f3n de los lectores [Total: 0 Media: 0] T\u00edtulo original Prisoners A\u00f1o 2013 Duraci\u00f3n 153 min. Pa\u00eds &nbsp;Estados<\/p>\n","protected":false},"author":2,"featured_media":1527,"comment_status":"open","ping_status":"open","sticky":false,"template":"","format":"standard","meta":{"yasr_overall_rating":3.9,"yasr_post_is_review":"","yasr_auto_insert_disabled":"","yasr_review_type":"","footnotes":""},"categories":[2],"tags":[],"class_list":["post-1526","post","type-post","status-publish","format-standard","has-post-thumbnail","hentry","category-criticas"],"yasr_visitor_votes":{"stars_attributes":{"read_only":false,"span_bottom":false},"number_of_votes":0,"sum_votes":0},"_links":{"self":[{"href":"https:\/\/www.cineclubaranjuez.es\/index.php\/wp-json\/wp\/v2\/posts\/1526"}],"collection":[{"href":"https:\/\/www.cineclubaranjuez.es\/index.php\/wp-json\/wp\/v2\/posts"}],"about":[{"href":"https:\/\/www.cineclubaranjuez.es\/index.php\/wp-json\/wp\/v2\/types\/post"}],"author":[{"embeddable":true,"href":"https:\/\/www.cineclubaranjuez.es\/index.php\/wp-json\/wp\/v2\/users\/2"}],"replies":[{"embeddable":true,"href":"https:\/\/www.cineclubaranjuez.es\/index.php\/wp-json\/wp\/v2\/comments?post=1526"}],"version-history":[{"count":2,"href":"https:\/\/www.cineclubaranjuez.es\/index.php\/wp-json\/wp\/v2\/posts\/1526\/revisions"}],"predecessor-version":[{"id":1529,"href":"https:\/\/www.cineclubaranjuez.es\/index.php\/wp-json\/wp\/v2\/posts\/1526\/revisions\/1529"}],"wp:featuredmedia":[{"embeddable":true,"href":"https:\/\/www.cineclubaranjuez.es\/index.php\/wp-json\/wp\/v2\/media\/1527"}],"wp:attachment":[{"href":"https:\/\/www.cineclubaranjuez.es\/index.php\/wp-json\/wp\/v2\/media?parent=1526"}],"wp:term":[{"taxonomy":"category","embeddable":true,"href":"https:\/\/www.cineclubaranjuez.es\/index.php\/wp-json\/wp\/v2\/categories?post=1526"},{"taxonomy":"post_tag","embeddable":true,"href":"https:\/\/www.cineclubaranjuez.es\/index.php\/wp-json\/wp\/v2\/tags?post=1526"}],"curies":[{"name":"wp","href":"https:\/\/api.w.org\/{rel}","templated":true}]}}