{"id":1644,"date":"2020-10-01T19:23:31","date_gmt":"2020-10-01T17:23:31","guid":{"rendered":"https:\/\/www.cineclubaranjuez.es\/?p=1644"},"modified":"2020-10-01T19:23:33","modified_gmt":"2020-10-01T17:23:33","slug":"el-practicante","status":"publish","type":"post","link":"https:\/\/www.cineclubaranjuez.es\/index.php\/2020\/10\/01\/el-practicante\/","title":{"rendered":"El practicante"},"content":{"rendered":"<div style='text-align:left' class='yasr-auto-insert-overall'><!--Yasr Overall Rating Shortcode--><div class='yasr-custom-text-before-overall' id='yasr-custom-text-before-overall'>Nuestra Puntuaci\u00f3n<\/div><div class=\"yasr-overall-rating\"><div class=' yasr-rater-stars'\n                           id='yasr-overall-rating-rater-411977da9f763'\n                           data-rating='2.6'\n                           data-rater-starsize='32'>\n                       <\/div><\/div><!--End Yasr Overall Rating Shortcode--><\/div><div style='text-align:left' class='yasr-auto-insert-visitor'><!--Yasr Visitor Votes Shortcode--><div id='yasr_visitor_votes_7fa19f937f7f6' class='yasr-visitor-votes'><div class=\"yasr-custom-text-vv-before yasr-custom-text-vv-before-1644\">Valoraci\u00f3n de los lectores<\/div><div id='yasr-vv-second-row-container-7fa19f937f7f6'\n                                        class='yasr-vv-second-row-container'><div id='yasr-visitor-votes-rater-7fa19f937f7f6'\n                                      class='yasr-rater-stars-vv'\n                                      data-rater-postid='1644'\n                                      data-rating='0'\n                                      data-rater-starsize='32'\n                                      data-rater-readonly='false'\n                                      data-rater-nonce='b25d7f2148'\n                                      data-issingular='false'\n                                    ><\/div><div class=\"yasr-vv-stats-text-container\" id=\"yasr-vv-stats-text-container-7fa19f937f7f6\"><svg xmlns=\"https:\/\/www.w3.org\/2000\/svg\" width=\"20\" height=\"20\"\n                                   class=\"yasr-dashicons-visitor-stats\"\n                                   data-postid=\"1644\"\n                                   id=\"yasr-stats-dashicon-7fa19f937f7f6\">\n                                   <path d=\"M18 18v-16h-4v16h4zM12 18v-11h-4v11h4zM6 18v-8h-4v8h4z\"><\/path>\n                               <\/svg><span id=\"yasr-vv-text-container-7fa19f937f7f6\" class=\"yasr-vv-text-container\">[Total: <span id=\"yasr-vv-votes-number-container-7fa19f937f7f6\">0<\/span>  Media: <span id=\"yasr-vv-average-container-7fa19f937f7f6\">0<\/span>]<\/span><\/div><div id='yasr-vv-loader-7fa19f937f7f6' class='yasr-vv-container-loader'><\/div><\/div><div id='yasr-vv-bottom-container-7fa19f937f7f6' class='yasr-vv-bottom-container'><\/div><\/div><!--End Yasr Visitor Votes Shortcode--><\/div>\n<p>T\u00edtulo originalEl practicante<\/p>\n\n\n\n<p>A\u00f1o2020Duraci\u00f3n94 min.<\/p>\n\n\n\n<p>Pa\u00eds<img decoding=\"async\" src=\"https:\/\/www.filmaffinity.com\/imgs\/countries2\/ES.png\" alt=\"Espa\u00f1a\">\u00a0Espa\u00f1a<\/p>\n\n\n\n<p>Direcci\u00f3n<a href=\"https:\/\/www.filmaffinity.com\/es\/search.php?stype=director&amp;sn&amp;stext=Carles%20Torras\">Carles Torras<\/a><\/p>\n\n\n\n<p>GuionDavid Desola,\u00a0H\u00e8ctor Hern\u00e1ndez Vicens,\u00a0Carles Torras<\/p>\n\n\n\n<p>Fotograf\u00edaJuan Sebasti\u00e1n Vasquez<\/p>\n\n\n\n<p>Reparto<a href=\"https:\/\/www.filmaffinity.com\/es\/search.php?stype=cast&amp;sn&amp;stext=Mario%20Casas\">Mario Casas<\/a>,\u00a0<a href=\"https:\/\/www.filmaffinity.com\/es\/search.php?stype=cast&amp;sn&amp;stext=D%C3%A9borah%20Fran%C3%A7ois\">D\u00e9borah Fran\u00e7ois<\/a>,\u00a0<a href=\"https:\/\/www.filmaffinity.com\/es\/search.php?stype=cast&amp;sn&amp;stext=Celso%20Bugallo\">Celso Bugallo<\/a>,\u00a0<a href=\"https:\/\/www.filmaffinity.com\/es\/search.php?stype=cast&amp;sn&amp;stext=Ra%C3%BAl%20Jim%C3%A9nez\">Ra\u00fal Jim\u00e9nez<\/a>,\u00a0<a href=\"https:\/\/www.filmaffinity.com\/es\/search.php?stype=cast&amp;sn&amp;stext=Pol%20Monen\">Pol Monen<\/a>,\u00a0<a href=\"https:\/\/www.filmaffinity.com\/es\/search.php?stype=cast&amp;sn&amp;stext=Guillermo%20Pfening\">Guillermo Pfening<\/a>,\u00a0<a href=\"https:\/\/www.filmaffinity.com\/es\/search.php?stype=cast&amp;sn&amp;stext=Maria%20Rodr%C3%ADguez%20Soto\">Maria Rodr\u00edguez Soto<\/a>,\u00a0<a href=\"https:\/\/www.filmaffinity.com\/es\/search.php?stype=cast&amp;sn&amp;stext=Gerard%20Oms\">Gerard Oms<\/a><\/p>\n\n\n\n<p>ProductoraDistribuida por\u00a0Netflix Espa\u00f1a.\u00a0Netflix,\u00a0Babieka,\u00a0Zabriskie Films<\/p>\n\n\n\n<p>G\u00e9nero<a href=\"https:\/\/www.filmaffinity.com\/es\/moviegenre.php?genre=TH&amp;attr=rat_count&amp;nodoc\">Thriller<\/a>\u00a0|\u00a0<a href=\"https:\/\/www.filmaffinity.com\/es\/movietopic.php?topic=135598&amp;attr=rat_count&amp;nodoc\">Thriller psicol\u00f3gico<\/a>.\u00a0<a href=\"https:\/\/www.filmaffinity.com\/es\/movietopic.php?topic=122867&amp;attr=rat_count&amp;nodoc\">Celos<\/a><\/p>\n\n\n\n<p>Web oficial<a rel=\"noreferrer noopener\" target=\"_BLANK\" href=\"https:\/\/www.netflix.com\/title\/81136406\">https:\/\/www.netflix.com\/title\/81136406<\/a><\/p>\n\n\n\n<p>Sinopsis: \u00c1ngel (Mario Casas) trabaja como t\u00e9cnico en emergencias sanitarias a bordo de una ambulancia. Tras sufrir un grave accidente, su vida junto a Vane (D\u00e9borah Fran\u00e7ois) empieza a desmoronarse. Obsesionado con la idea de que ella le es infiel, convertir\u00e1 su vida en un infierno del que ser\u00e1 dif\u00edcil escapar.<\/p>\n\n\n\n<p>Opini\u00f3n: Aunque en un principio no ten\u00eda mala pinta, y sin ser Mario Casas mi actor espa\u00f1ol favorito, la peli deja mucho que desear. Intentan hacer una peli de misterio, pero sin tener ni idea de como hacerlo. Y se nota mucho en el resultado final, sin que Mario Casas sea lo pero de la peli ni mucho menos.<\/p>\n\n\n\n<p>La peli comienza bien, present\u00e1ndonos a una joven pareja, que parece tener una vida id\u00edlica. \u00c9l trabajo como conductor de ambulancias, y en cada uno de los accidentes a los que atiende, se lleva un recuerdo. Y luego los guarda en un cajoncito. Supongo que esto lo hace para darnos a entender que no es trigo limpio, porque en realidad luego no tiene ninguna importancia en la trama. El caso, es que tiene un accidente y se queda en una silla de ruedas. Y aqu\u00ed comienza el cambio de actitud del tipo, que si ya no era muy agradable se convierte en un s\u00e1dico y en un celoso insoportable.<\/p>\n\n\n\n<p>Sin duda, esta primera parte de la peli es lo mejor. Porque despu\u00e9s se convierte en un thriller, pero sin ning\u00fan tipo de gracia ni en la direcci\u00f3n ni en el guion. Cosas que parecen importantes se quedan sin explicaci\u00f3n, las supuestas sorpresas que tiene la peli te las anuncian media hora y varias veces no vaya a ser que te sorprendan, personajes que hacen cosas sin ning\u00fan tipo de explicaci\u00f3n&#8230;<\/p>\n\n\n\n<p>Al director no le conozco, y no he visto ninguna peli suya. Carles Torras firma tambi\u00e9n el guion, y desde luego no ha conseguido que tenga ganas de acercarme a ninguna de sus cinco pelis anteriores. Es verdad que tiene unos primeros quince minutos rescatables, pero el resto es infumable. <\/p>\n\n\n\n<p>En cuanto a los actores, destacar a Mario Casas. No es porque sea el m\u00e1s conocido, sino porque en realidad no hace un mal trabajo. Sin tener un buen guion que le ayude, es de lo poco salvable de la pel\u00edcula.<\/p>\n\n\n\n<p>Por lo dem\u00e1s recordad que esto es solo una opini\u00f3n personal, as\u00ed que juzgad vosotros mismos y ya me contar\u00e9is vuestra opini\u00f3n.<\/p>\n\n\n\n<figure class=\"wp-block-embed-youtube wp-block-embed is-type-video is-provider-youtube wp-embed-aspect-16-9 wp-has-aspect-ratio\"><div class=\"wp-block-embed__wrapper\">\n<iframe loading=\"lazy\" title=\"EL PRACTICANTE Trailer Oficil en Espa\u00f1ol 2020\" width=\"800\" height=\"450\" src=\"https:\/\/www.youtube.com\/embed\/IqUBmitubqQ?feature=oembed\" frameborder=\"0\" allow=\"accelerometer; autoplay; clipboard-write; encrypted-media; gyroscope; picture-in-picture\" allowfullscreen><\/iframe>\n<\/div><\/figure>\n","protected":false},"excerpt":{"rendered":"<p>Nuestra Puntuaci\u00f3n Valoraci\u00f3n de los lectores [Total: 0 Media: 0] T\u00edtulo originalEl practicante A\u00f1o2020Duraci\u00f3n94 min. Pa\u00eds\u00a0Espa\u00f1a Direcci\u00f3nCarles Torras GuionDavid Desola,\u00a0H\u00e8ctor<\/p>\n","protected":false},"author":2,"featured_media":1645,"comment_status":"open","ping_status":"open","sticky":false,"template":"","format":"standard","meta":{"yasr_overall_rating":2.6,"yasr_post_is_review":"","yasr_auto_insert_disabled":"","yasr_review_type":"","footnotes":""},"categories":[2],"tags":[146,148,149,145,147],"class_list":["post-1644","post","type-post","status-publish","format-standard","has-post-thumbnail","hentry","category-criticas","tag-carles-torras","tag-celos","tag-deborah-francois","tag-mario-casas","tag-thriller"],"yasr_visitor_votes":{"stars_attributes":{"read_only":false,"span_bottom":false},"number_of_votes":0,"sum_votes":0},"_links":{"self":[{"href":"https:\/\/www.cineclubaranjuez.es\/index.php\/wp-json\/wp\/v2\/posts\/1644"}],"collection":[{"href":"https:\/\/www.cineclubaranjuez.es\/index.php\/wp-json\/wp\/v2\/posts"}],"about":[{"href":"https:\/\/www.cineclubaranjuez.es\/index.php\/wp-json\/wp\/v2\/types\/post"}],"author":[{"embeddable":true,"href":"https:\/\/www.cineclubaranjuez.es\/index.php\/wp-json\/wp\/v2\/users\/2"}],"replies":[{"embeddable":true,"href":"https:\/\/www.cineclubaranjuez.es\/index.php\/wp-json\/wp\/v2\/comments?post=1644"}],"version-history":[{"count":1,"href":"https:\/\/www.cineclubaranjuez.es\/index.php\/wp-json\/wp\/v2\/posts\/1644\/revisions"}],"predecessor-version":[{"id":1646,"href":"https:\/\/www.cineclubaranjuez.es\/index.php\/wp-json\/wp\/v2\/posts\/1644\/revisions\/1646"}],"wp:featuredmedia":[{"embeddable":true,"href":"https:\/\/www.cineclubaranjuez.es\/index.php\/wp-json\/wp\/v2\/media\/1645"}],"wp:attachment":[{"href":"https:\/\/www.cineclubaranjuez.es\/index.php\/wp-json\/wp\/v2\/media?parent=1644"}],"wp:term":[{"taxonomy":"category","embeddable":true,"href":"https:\/\/www.cineclubaranjuez.es\/index.php\/wp-json\/wp\/v2\/categories?post=1644"},{"taxonomy":"post_tag","embeddable":true,"href":"https:\/\/www.cineclubaranjuez.es\/index.php\/wp-json\/wp\/v2\/tags?post=1644"}],"curies":[{"name":"wp","href":"https:\/\/api.w.org\/{rel}","templated":true}]}}