{"id":1724,"date":"2020-11-02T20:13:51","date_gmt":"2020-11-02T19:13:51","guid":{"rendered":"https:\/\/www.cineclubaranjuez.es\/?p=1724"},"modified":"2020-11-09T20:02:43","modified_gmt":"2020-11-09T19:02:43","slug":"el-juicio-de-los-7-de-chicago","status":"publish","type":"post","link":"https:\/\/www.cineclubaranjuez.es\/index.php\/2020\/11\/02\/el-juicio-de-los-7-de-chicago\/","title":{"rendered":"El juicio de los 7 de Chicago"},"content":{"rendered":"<div style='text-align:left' class='yasr-auto-insert-overall'><!--Yasr Overall Rating Shortcode--><div class='yasr-custom-text-before-overall' id='yasr-custom-text-before-overall'>Nuestra Puntuaci\u00f3n<\/div><div class=\"yasr-overall-rating\"><div class=' yasr-rater-stars'\n                           id='yasr-overall-rating-rater-049e00c19f976'\n                           data-rating='3.5'\n                           data-rater-starsize='32'>\n                       <\/div><\/div><!--End Yasr Overall Rating Shortcode--><\/div><div style='text-align:left' class='yasr-auto-insert-visitor'><!--Yasr Visitor Votes Shortcode--><div id='yasr_visitor_votes_120d70df4996d' class='yasr-visitor-votes'><div class=\"yasr-custom-text-vv-before yasr-custom-text-vv-before-1724\">Valoraci\u00f3n de los lectores<\/div><div id='yasr-vv-second-row-container-120d70df4996d'\n                                        class='yasr-vv-second-row-container'><div id='yasr-visitor-votes-rater-120d70df4996d'\n                                      class='yasr-rater-stars-vv'\n                                      data-rater-postid='1724'\n                                      data-rating='0'\n                                      data-rater-starsize='32'\n                                      data-rater-readonly='false'\n                                      data-rater-nonce='8391007680'\n                                      data-issingular='false'\n                                    ><\/div><div class=\"yasr-vv-stats-text-container\" id=\"yasr-vv-stats-text-container-120d70df4996d\"><svg xmlns=\"https:\/\/www.w3.org\/2000\/svg\" width=\"20\" height=\"20\"\n                                   class=\"yasr-dashicons-visitor-stats\"\n                                   data-postid=\"1724\"\n                                   id=\"yasr-stats-dashicon-120d70df4996d\">\n                                   <path d=\"M18 18v-16h-4v16h4zM12 18v-11h-4v11h4zM6 18v-8h-4v8h4z\"><\/path>\n                               <\/svg><span id=\"yasr-vv-text-container-120d70df4996d\" class=\"yasr-vv-text-container\">[Total: <span id=\"yasr-vv-votes-number-container-120d70df4996d\">0<\/span>  Media: <span id=\"yasr-vv-average-container-120d70df4996d\">0<\/span>]<\/span><\/div><div id='yasr-vv-loader-120d70df4996d' class='yasr-vv-container-loader'><\/div><\/div><div id='yasr-vv-bottom-container-120d70df4996d' class='yasr-vv-bottom-container'><\/div><\/div><!--End Yasr Visitor Votes Shortcode--><\/div>\n<p>T\u00edtulo originalThe Trial of the Chicago 7<\/p>\n\n\n\n<p>A\u00f1o2020<\/p>\n\n\n\n<p>Duraci\u00f3n129 min.<\/p>\n\n\n\n<p>Pa\u00eds<img decoding=\"async\" src=\"https:\/\/www.filmaffinity.com\/imgs\/countries2\/US.png\" alt=\"Estados Unidos\">&nbsp;Estados Unidos<\/p>\n\n\n\n<p>Direcci\u00f3n<a href=\"https:\/\/www.filmaffinity.com\/es\/search.php?stype=director&amp;sn&amp;stext=Aaron%20Sorkin\">Aaron Sorkin<\/a><\/p>\n\n\n\n<p>GuionAaron Sorkin<\/p>\n\n\n\n<p>M\u00fasicaDaniel Pemberton<\/p>\n\n\n\n<p>Fotograf\u00edaPhedon Papamichael<\/p>\n\n\n\n<p>Reparto<a href=\"https:\/\/www.filmaffinity.com\/es\/search.php?stype=cast&amp;sn&amp;stext=Eddie%20Redmayne\">Eddie Redmayne<\/a>,&nbsp;<a href=\"https:\/\/www.filmaffinity.com\/es\/search.php?stype=cast&amp;sn&amp;stext=Sacha%20Baron%20Cohen\">Sacha Baron Cohen<\/a>,&nbsp;<a href=\"https:\/\/www.filmaffinity.com\/es\/search.php?stype=cast&amp;sn&amp;stext=Mark%20Rylance\">Mark Rylance<\/a>,&nbsp;<a href=\"https:\/\/www.filmaffinity.com\/es\/search.php?stype=cast&amp;sn&amp;stext=Frank%20Langella\">Frank Langella<\/a>,&nbsp;<a href=\"https:\/\/www.filmaffinity.com\/es\/search.php?stype=cast&amp;sn&amp;stext=Joseph%20Gordon-Levitt\">Joseph Gordon-Levitt<\/a>,&nbsp;<a href=\"https:\/\/www.filmaffinity.com\/es\/search.php?stype=cast&amp;sn&amp;stext=Jeremy%20Strong\">Jeremy Strong<\/a>,&nbsp;<a href=\"https:\/\/www.filmaffinity.com\/es\/search.php?stype=cast&amp;sn&amp;stext=John%20Carroll%20Lynch\">John Carroll Lynch<\/a>,&nbsp;<a href=\"https:\/\/www.filmaffinity.com\/es\/search.php?stype=cast&amp;sn&amp;stext=Alex%20Sharp\">Alex Sharp<\/a>,&nbsp;<a href=\"https:\/\/www.filmaffinity.com\/es\/search.php?stype=cast&amp;sn&amp;stext=Yahya%20Abdul-Mateen%20II\">Yahya Abdul-Mateen II<\/a>,&nbsp;<a href=\"https:\/\/www.filmaffinity.com\/es\/search.php?stype=cast&amp;sn&amp;stext=Michael%20Keaton\">Michael Keaton<\/a>,&nbsp;<a href=\"https:\/\/www.filmaffinity.com\/es\/search.php?stype=cast&amp;sn&amp;stext=Ben%20Shenkman\">Ben Shenkman<\/a>,&nbsp;<a href=\"https:\/\/www.filmaffinity.com\/es\/search.php?stype=cast&amp;sn&amp;stext=J.C.%20MacKenzie\">J.C. MacKenzie<\/a>,&nbsp;<a href=\"https:\/\/www.filmaffinity.com\/es\/search.php?stype=cast&amp;sn&amp;stext=Noah%20Robbins\">Noah Robbins<\/a>,&nbsp;<a href=\"https:\/\/www.filmaffinity.com\/es\/search.php?stype=cast&amp;sn&amp;stext=Alice%20Kremelberg\">Alice Kremelberg<\/a>,&nbsp;<a href=\"https:\/\/www.filmaffinity.com\/es\/search.php?stype=cast&amp;sn&amp;stext=Danny%20Flaherty\">Danny Flaherty<\/a>,&nbsp;<a href=\"https:\/\/www.filmaffinity.com\/es\/search.php?stype=cast&amp;sn&amp;stext=John%20Doman\">John Doman<\/a>,&nbsp;<a href=\"https:\/\/www.filmaffinity.com\/es\/search.php?stype=cast&amp;sn&amp;stext=Mike%20Geraghty\">Mike Geraghty<\/a>,&nbsp;<a href=\"https:\/\/www.filmaffinity.com\/es\/search.php?stype=cast&amp;sn&amp;stext=Kelvin%20Harrison%20Jr.\">Kelvin Harrison Jr.<\/a>,&nbsp;<a href=\"https:\/\/www.filmaffinity.com\/es\/search.php?stype=cast&amp;sn&amp;stext=Caitlin%20Fitzgerald\">Caitlin Fitzgerald<\/a>,&nbsp;<a href=\"https:\/\/www.filmaffinity.com\/es\/search.php?stype=cast&amp;sn&amp;stext=John%20Quilty\">John Quilty<\/a>,&nbsp;<a href=\"https:\/\/www.filmaffinity.com\/es\/search.php?stype=cast&amp;sn&amp;stext=Max%20Adler\">Max Adler<\/a>,&nbsp;<a href=\"https:\/\/www.filmaffinity.com\/es\/search.php?stype=cast&amp;sn&amp;stext=Wayne%20Duvall\">Wayne Duvall<\/a>,&nbsp;<a href=\"https:\/\/www.filmaffinity.com\/es\/search.php?stype=cast&amp;sn&amp;stext=Damian%20Young\">Damian Young<\/a>,&nbsp;<a href=\"https:\/\/www.filmaffinity.com\/es\/search.php?stype=cast&amp;sn&amp;stext=C.J.%20Wilson\">C.J. Wilson<\/a><\/p>\n\n\n\n<p>ProductoraCoproducci\u00f3n Estados Unidos-Reino Unido;&nbsp;Amblin Partners,&nbsp;Paramount Pictures,&nbsp;Cross Creek Pictures,&nbsp;Marc Platt Productions,&nbsp;Reliance Entertainment,&nbsp;DreamWorks SKG,&nbsp;MadRiver Pictures,&nbsp;ShivHans Pictures.&nbsp;<\/p>\n\n\n\n<p>Distribuida por&nbsp;Netflix<\/p>\n\n\n\n<p>G\u00e9nero<a href=\"https:\/\/www.filmaffinity.com\/es\/moviegenre.php?genre=DR&amp;attr=rat_count&amp;nodoc\">Drama<\/a>&nbsp;|&nbsp;<a href=\"https:\/\/www.filmaffinity.com\/es\/movietopic.php?topic=206211&amp;attr=rat_count&amp;nodoc\">Basado en hechos reales<\/a>.&nbsp;<a href=\"https:\/\/www.filmaffinity.com\/es\/movietopic.php?topic=322214&amp;attr=rat_count&amp;nodoc\">A\u00f1os 60<\/a>.&nbsp;<a href=\"https:\/\/www.filmaffinity.com\/es\/movietopic.php?topic=176478&amp;attr=rat_count&amp;nodoc\">Drama judicial<\/a>.&nbsp;<a href=\"https:\/\/www.filmaffinity.com\/es\/movietopic.php?topic=650611&amp;attr=rat_count&amp;nodoc\">Drama social<\/a><\/p>\n\n\n\n<p>Web oficial<a rel=\"noreferrer noopener\" target=\"_BLANK\" href=\"https:\/\/www.netflix.com\/title\/81043755\">https:\/\/www.netflix.com\/title\/81043755<\/a><\/p>\n\n\n\n<p>SinopsisEn 1969 se celebr\u00f3 uno de los juicios m\u00e1s populares de la Historia de Estados Unidos, en el que siete individuos detenidos durante una manifestaci\u00f3n en contra de la guerra de Vietnam fueron juzgados tras ser acusados de conspirar en contra de la seguridad nacional. Su arresto se produjo a consecuencia de unos disturbios contra la polic\u00eda y el juicio, impulsado por el nuevo fiscal general, fue claramente pol\u00edtico, dando lugar a una serie de conflictos sociales -manifestaciones, movimientos ciudadanos, impulso de los derechos civiles- que pasar\u00edan a la posteridad en una \u00e9poca de grandes cambios en los Estados Unidos. (FILMAFFINITY)<\/p>\n\n\n\n<p>Opini\u00f3n: Es una peli basada en hechos reales. En 1968, diversos disturbios llevaron a la detenci\u00f3n de ocho tipos de diversos or\u00edgenes y sin ninguna relaci\u00f3n entre ellos. Solo ten\u00edan en com\u00fan su animadversi\u00f3n a la guerra de Vietnam, y el haber protagonizado en mayor o menos medida manifestaciones en contra de esta guerra.<\/p>\n\n\n\n<p>Por motivos pol\u00edticos fueron acusados de conspirar contra la seguridad nacional. <\/p>\n\n\n\n<p>La peli se centra sobre todo en el juicio, narr\u00e1ndonos las injusticia que ocurrieron durante el mismo. Acusando a gente que ni siquiera hab\u00eda estado en las manifestaciones, negando pruebas y testimonios claves para la defensa, y dejando claro que el final estaba escrito desde el principio.<\/p>\n\n\n\n<p>El principio es un poco lioso, ya que nos presenta a todos los acusados de una manera muy r\u00e1pida y sin dar tiempo a saber quien es quien. Es verdad que si no conoces el caso, y no sabes quien es cada personaje, en los primeros momentos de la peli est\u00e1s un poco perdido. Pero, esto se soluciona poco a poco y al final consigues terminar conociendo la historia.<\/p>\n\n\n\n<p>Me llam\u00f3 mucho la atenci\u00f3n de Sacha Baron Cohen. Acostumbrados a sus exc\u00e9ntricas actuaciones, en esta ocasi\u00f3n nos deja una actuaci\u00f3n muy seria y creo que con muchas opciones de tener un hueco en la gala de los Oscar.<\/p>\n\n\n\n<p>Si os gusta este tipo de pelis sobre juicios, os recomiendo que le ech\u00e9is un ojo. Y sino os gustan, creo que tambi\u00e9n merece la pena darle una oportunidad.<\/p>\n\n\n\n<figure class=\"wp-block-embed-youtube wp-block-embed is-type-video is-provider-youtube wp-embed-aspect-16-9 wp-has-aspect-ratio\"><div class=\"wp-block-embed__wrapper\">\n<iframe loading=\"lazy\" title=\"El juicio de los 7 de Chicago | Tr\u00e1iler oficial | Pel\u00edcula de Netflix\" width=\"800\" height=\"450\" src=\"https:\/\/www.youtube.com\/embed\/HHJAr_uiZTk?feature=oembed\" frameborder=\"0\" allow=\"accelerometer; autoplay; clipboard-write; encrypted-media; gyroscope; picture-in-picture\" allowfullscreen><\/iframe>\n<\/div><\/figure>\n\n\n\n<p><\/p>\n","protected":false},"excerpt":{"rendered":"<p>Nuestra Puntuaci\u00f3n Valoraci\u00f3n de los lectores [Total: 0 Media: 0] T\u00edtulo originalThe Trial of the Chicago 7 A\u00f1o2020 Duraci\u00f3n129 min.<\/p>\n","protected":false},"author":2,"featured_media":1725,"comment_status":"open","ping_status":"open","sticky":false,"template":"","format":"standard","meta":{"yasr_overall_rating":3.5,"yasr_post_is_review":"","yasr_auto_insert_disabled":"","yasr_review_type":"","footnotes":""},"categories":[2],"tags":[167,165,183,184,72,182,166],"class_list":["post-1724","post","type-post","status-publish","format-standard","has-post-thumbnail","hentry","category-criticas","tag-aaron-sorkin","tag-eddie-redmayne","tag-frank-langella","tag-jeremy-strong","tag-joseph-gordon-levitt","tag-mark-rylance","tag-sacha-baron-cohen"],"yasr_visitor_votes":{"stars_attributes":{"read_only":false,"span_bottom":false},"number_of_votes":0,"sum_votes":0},"_links":{"self":[{"href":"https:\/\/www.cineclubaranjuez.es\/index.php\/wp-json\/wp\/v2\/posts\/1724"}],"collection":[{"href":"https:\/\/www.cineclubaranjuez.es\/index.php\/wp-json\/wp\/v2\/posts"}],"about":[{"href":"https:\/\/www.cineclubaranjuez.es\/index.php\/wp-json\/wp\/v2\/types\/post"}],"author":[{"embeddable":true,"href":"https:\/\/www.cineclubaranjuez.es\/index.php\/wp-json\/wp\/v2\/users\/2"}],"replies":[{"embeddable":true,"href":"https:\/\/www.cineclubaranjuez.es\/index.php\/wp-json\/wp\/v2\/comments?post=1724"}],"version-history":[{"count":1,"href":"https:\/\/www.cineclubaranjuez.es\/index.php\/wp-json\/wp\/v2\/posts\/1724\/revisions"}],"predecessor-version":[{"id":1726,"href":"https:\/\/www.cineclubaranjuez.es\/index.php\/wp-json\/wp\/v2\/posts\/1724\/revisions\/1726"}],"wp:featuredmedia":[{"embeddable":true,"href":"https:\/\/www.cineclubaranjuez.es\/index.php\/wp-json\/wp\/v2\/media\/1725"}],"wp:attachment":[{"href":"https:\/\/www.cineclubaranjuez.es\/index.php\/wp-json\/wp\/v2\/media?parent=1724"}],"wp:term":[{"taxonomy":"category","embeddable":true,"href":"https:\/\/www.cineclubaranjuez.es\/index.php\/wp-json\/wp\/v2\/categories?post=1724"},{"taxonomy":"post_tag","embeddable":true,"href":"https:\/\/www.cineclubaranjuez.es\/index.php\/wp-json\/wp\/v2\/tags?post=1724"}],"curies":[{"name":"wp","href":"https:\/\/api.w.org\/{rel}","templated":true}]}}