{"id":1809,"date":"2020-12-22T10:41:40","date_gmt":"2020-12-22T09:41:40","guid":{"rendered":"https:\/\/www.cineclubaranjuez.es\/?p=1809"},"modified":"2020-12-22T10:41:43","modified_gmt":"2020-12-22T09:41:43","slug":"el-desorden-que-dejas","status":"publish","type":"post","link":"https:\/\/www.cineclubaranjuez.es\/index.php\/2020\/12\/22\/el-desorden-que-dejas\/","title":{"rendered":"El desorden que dejas"},"content":{"rendered":"<div style='text-align:left' class='yasr-auto-insert-overall'><!--Yasr Overall Rating Shortcode--><div class='yasr-custom-text-before-overall' id='yasr-custom-text-before-overall'>Nuestra Puntuaci\u00f3n<\/div><div class=\"yasr-overall-rating\"><div class=' yasr-rater-stars'\n                           id='yasr-overall-rating-rater-9bce967f5a623'\n                           data-rating='3.7'\n                           data-rater-starsize='32'>\n                       <\/div><\/div><!--End Yasr Overall Rating Shortcode--><\/div><div style='text-align:left' class='yasr-auto-insert-visitor'><!--Yasr Visitor Votes Shortcode--><div id='yasr_visitor_votes_b96c6f2596f9e' class='yasr-visitor-votes'><div class=\"yasr-custom-text-vv-before yasr-custom-text-vv-before-1809\">Valoraci\u00f3n de los lectores<\/div><div id='yasr-vv-second-row-container-b96c6f2596f9e'\n                                        class='yasr-vv-second-row-container'><div id='yasr-visitor-votes-rater-b96c6f2596f9e'\n                                      class='yasr-rater-stars-vv'\n                                      data-rater-postid='1809'\n                                      data-rating='0'\n                                      data-rater-starsize='32'\n                                      data-rater-readonly='false'\n                                      data-rater-nonce='c0255e86f1'\n                                      data-issingular='false'\n                                    ><\/div><div class=\"yasr-vv-stats-text-container\" id=\"yasr-vv-stats-text-container-b96c6f2596f9e\"><svg xmlns=\"https:\/\/www.w3.org\/2000\/svg\" width=\"20\" height=\"20\"\n                                   class=\"yasr-dashicons-visitor-stats\"\n                                   data-postid=\"1809\"\n                                   id=\"yasr-stats-dashicon-b96c6f2596f9e\">\n                                   <path d=\"M18 18v-16h-4v16h4zM12 18v-11h-4v11h4zM6 18v-8h-4v8h4z\"><\/path>\n                               <\/svg><span id=\"yasr-vv-text-container-b96c6f2596f9e\" class=\"yasr-vv-text-container\">[Total: <span id=\"yasr-vv-votes-number-container-b96c6f2596f9e\">0<\/span>  Media: <span id=\"yasr-vv-average-container-b96c6f2596f9e\">0<\/span>]<\/span><\/div><div id='yasr-vv-loader-b96c6f2596f9e' class='yasr-vv-container-loader'><\/div><\/div><div id='yasr-vv-bottom-container-b96c6f2596f9e' class='yasr-vv-bottom-container'><\/div><\/div><!--End Yasr Visitor Votes Shortcode--><\/div>\n<p>T\u00edtulo originalEl desorden que dejas<\/p>\n\n\n\n<p>A\u00f1o2020<\/p>\n\n\n\n<p>Duraci\u00f3n50 min.<\/p>\n\n\n\n<p>Pa\u00eds<img decoding=\"async\" src=\"https:\/\/www.filmaffinity.com\/imgs\/countries2\/ES.png\" alt=\"Espa\u00f1a\">\u00a0Espa\u00f1a<\/p>\n\n\n\n<p>Direcci\u00f3n<a href=\"https:\/\/www.filmaffinity.com\/es\/search.php?stype=director&amp;sn&amp;stext=Carlos%20Montero\">Carlos Montero<\/a>\u00a0(Creador),\u00a0<a href=\"https:\/\/www.filmaffinity.com\/es\/search.php?stype=director&amp;sn&amp;stext=Carlos%20Montero\">Carlos Montero<\/a>,\u00a0<a href=\"https:\/\/www.filmaffinity.com\/es\/search.php?stype=director&amp;sn&amp;stext=Silvia%20Quer\">Silvia Quer<\/a>,\u00a0<a href=\"https:\/\/www.filmaffinity.com\/es\/search.php?stype=director&amp;sn&amp;stext=Roger%20Gual\">Roger Gual<\/a><\/p>\n\n\n\n<p>GuionCarlos Montero,\u00a0Javier Holgado,\u00a0Andr\u00e9s Seara\u00a0(Novela:\u00a0Carlos Montero)<\/p>\n\n\n\n<p>M\u00fasicaLucio Godoy,\u00a0Ricardo Curto\u00a0(Canci\u00f3n:\u00a0Xoel L\u00f3pez)<\/p>\n\n\n\n<p>Fotograf\u00edaIsaac Vila<\/p>\n\n\n\n<p>Reparto<a href=\"https:\/\/www.filmaffinity.com\/es\/search.php?stype=cast&amp;sn&amp;stext=Inma%20Cuesta\">Inma Cuesta<\/a>,\u00a0<a href=\"https:\/\/www.filmaffinity.com\/es\/search.php?stype=cast&amp;sn&amp;stext=B%C3%A1rbara%20Lennie\">B\u00e1rbara Lennie<\/a>,\u00a0<a href=\"https:\/\/www.filmaffinity.com\/es\/search.php?stype=cast&amp;sn&amp;stext=Tamar%20Novas\">Tamar Novas<\/a>,\u00a0<a href=\"https:\/\/www.filmaffinity.com\/es\/search.php?stype=cast&amp;sn&amp;stext=Ar%C3%B3n%20Piper\">Ar\u00f3n Piper<\/a>,\u00a0<a href=\"https:\/\/www.filmaffinity.com\/es\/search.php?stype=cast&amp;sn&amp;stext=Roberto%20Enr%C3%ADquez\">Roberto Enr\u00edquez<\/a>,\u00a0<a href=\"https:\/\/www.filmaffinity.com\/es\/search.php?stype=cast&amp;sn&amp;stext=Roque%20Ru%C3%ADz\">Roque Ru\u00edz<\/a>,\u00a0<a href=\"https:\/\/www.filmaffinity.com\/es\/search.php?stype=cast&amp;sn&amp;stext=Isabel%20Garrido\">Isabel Garrido<\/a>,\u00a0<a href=\"https:\/\/www.filmaffinity.com\/es\/search.php?stype=cast&amp;sn&amp;stext=Federico%20P%C3%A9rez\">Federico P\u00e9rez<\/a>,\u00a0<a href=\"https:\/\/www.filmaffinity.com\/es\/search.php?stype=cast&amp;sn&amp;stext=Susana%20Dans\">Susana Dans<\/a>,\u00a0<a href=\"https:\/\/www.filmaffinity.com\/es\/search.php?stype=cast&amp;sn&amp;stext=Alfonso%20Agra\">Alfonso Agra<\/a>,\u00a0<a href=\"https:\/\/www.filmaffinity.com\/es\/search.php?stype=cast&amp;sn&amp;stext=Xos%C3%A9%20A.%20Touri%C3%B1%C3%A1n\">Xos\u00e9 A. Touri\u00f1\u00e1n<\/a>,\u00a0<a href=\"https:\/\/www.filmaffinity.com\/es\/search.php?stype=cast&amp;sn&amp;stext=Abril%20Zamora\">Abril Zamora<\/a>,\u00a0<a href=\"https:\/\/www.filmaffinity.com\/es\/search.php?stype=cast&amp;sn&amp;stext=Xavier%20Est%C3%A9vez\">Xavier Est\u00e9vez<\/a>,\u00a0<a href=\"https:\/\/www.filmaffinity.com\/es\/search.php?stype=cast&amp;sn&amp;stext=Mar%C3%ADa%20Tasende\">Mar\u00eda Tasende<\/a>,\u00a0<a href=\"https:\/\/www.filmaffinity.com\/es\/search.php?stype=cast&amp;sn&amp;stext=Camila%20Bossa\">Camila Bossa<\/a>,\u00a0<a href=\"https:\/\/www.filmaffinity.com\/es\/search.php?stype=cast&amp;sn&amp;stext=Mar%C3%ADa%20Costas\">Mar\u00eda Costas<\/a>,\u00a0<a href=\"https:\/\/www.filmaffinity.com\/es\/search.php?stype=cast&amp;sn&amp;stext=Mela%20Casal\">Mela Casal<\/a>,\u00a0<a href=\"https:\/\/www.filmaffinity.com\/es\/search.php?stype=cast&amp;sn&amp;stext=C%C3%A9sar%20Cambeiro\">C\u00e9sar Cambeiro<\/a><\/p>\n\n\n\n<p>ProductoraVaca Films\u00a0(Distribuidora:\u00a0Netflix Espa\u00f1a)<\/p>\n\n\n\n<p>G\u00e9nero<a href=\"https:\/\/www.filmaffinity.com\/es\/moviegenre.php?genre=TV_SE&amp;attr=rat_count&amp;nodoc\">Serie de TV<\/a>.\u00a0<a href=\"https:\/\/www.filmaffinity.com\/es\/moviegenre.php?genre=INT&amp;attr=rat_count&amp;nodoc\">Intriga<\/a>.\u00a0<a href=\"https:\/\/www.filmaffinity.com\/es\/moviegenre.php?genre=TH&amp;attr=rat_count&amp;nodoc\">Thriller<\/a>.\u00a0<a href=\"https:\/\/www.filmaffinity.com\/es\/moviegenre.php?genre=DR&amp;attr=rat_count&amp;nodoc\">Drama<\/a>\u00a0|\u00a0<a href=\"https:\/\/www.filmaffinity.com\/es\/movietopic.php?topic=676077&amp;attr=rat_count&amp;nodoc\">Miniserie de TV<\/a>.\u00a0<a href=\"https:\/\/www.filmaffinity.com\/es\/movietopic.php?topic=954549&amp;attr=rat_count&amp;nodoc\">Colegios &amp; Universidad<\/a>.\u00a0<a href=\"https:\/\/www.filmaffinity.com\/es\/movietopic.php?topic=842933&amp;attr=rat_count&amp;nodoc\">Ense\u00f1anza<\/a><\/p>\n\n\n\n<p>SinopsisSerie de TV (2020). 8 episodios. Con la intenci\u00f3n de darle una oportunidad a su matrimonio, Raquel (Inma Cuesta), una joven profesora de literatura, acepta un trabajo en el instituto del pueblo donde creci\u00f3 su marido. &#8220;Y t\u00fa, \u00bfcu\u00e1nto vas a tardar en morir?\u201d As\u00ed de contundente es la nota que Raquel encuentra entre los trabajos a corregir el primer d\u00eda de trabajo. Su ilusi\u00f3n por impartir clases se dar\u00e1 de bruces con unos alumnos que la reciben con esa macabra bienvenida. Pronto descubrir\u00e1 qui\u00e9n era la profesora a la que sustituye, Viruca (B\u00e1rbara Lennie), y c\u00f3mo ha marcado la vida de todos. Raquel iniciar\u00e1 su propia b\u00fasqueda para descubrir la verdad en un lugar en el que todos parecen guardar secretos.<\/p>\n\n\n\n<p>Opini\u00f3n: Por recomendaci\u00f3n de una compa\u00f1era, me puse a ver esta serie de Netflix. Es una serie de 8 cap\u00edtulos de unos 50 minutos de duraci\u00f3n cada uno. Una serie de misterio, un thriller muy bien hecho y con un muy buen guion. Basada en un libro de Carlos Montero, quien tambi\u00e9n se encarga del guion y de la direcci\u00f3n.<\/p>\n\n\n\n<p>Todo comienza cuando Raquel(Inma Cuesta) y su novio se van a vivir a un pueblecito gallego. Ella ha aceptado la plaza como profesora de Literatura en el instituto local. Su relaci\u00f3n tiene problemas, y deciden darse una \u00faltima oportunidad en el pueblo natal de \u00e9l. <\/p>\n\n\n\n<p>Al principio todo parece normal, hasta que empiezan las clases y Raquel se entera de lo que le sucedi\u00f3 a la profesora a la que est\u00e1 sustituyendo. Se suicid\u00f3 por presiones, y el misterio comienza a aparecer. Todo empieza a complicarse, y todos parecen guardar alg\u00fan misterio. <\/p>\n\n\n\n<p>A pesar de ser una serie con muchos personajes y en la que todos tienen su importancia, el peso lo llevan dos mujeres. A base de flashbacks nos va narrando casi simult\u00e1neamente la llegada al pueblo de Raquel, y todo lo que fue sufriendo Viruca hasta llegar al nefasto desenlace.<\/p>\n\n\n\n<p>Inma Cuesta interpreta a Raquel, la nueva profesora del instituto. Deber\u00e1 luchar contra todos los fantasmas que hay en el pueblo, en el instituto y adem\u00e1s con los que ella trae en la mochila. Lleva un tiempo sin darse clases debido a la enfermedad de su madre, y volver a reengancharse a las clases no le resultar\u00e1 nada f\u00e1cil. Adem\u00e1s tendr\u00e1 enfrente a los alumnos, que adoraban a la antigua profesora, y no se lo pondr\u00e1n nada sencillo.<\/p>\n\n\n\n<p>Inma Cuesta hace un muy buen trabajo. Y es que con una dilatada y exitosa carrera a sus espaldas, es todo un seguro de vida para cualquier peli o serie en la que aparece. La pod\u00e9is recordar en series como \u00c1guila roja, Amar en tiempos revueltos, El accidente o Criminal. Y en pelis como Primos, La novia, Julieta, Blancanieves o Todos lo saben. <\/p>\n\n\n\n<p>La otra protagonista de la serie es Viruca, la profesora que se ha suicidado. Interpretada por B\u00e1bara Lennie, para m\u00ed es el mejor personaje de la serie. Misteriosa desde el principio, sabes que hay algo detr\u00e1s de ella. Por un lado con una gran facilidad para ense\u00f1ar y llegar a sus alumnos, y por otro lado con una vida alejada de los c\u00e1nones que deber\u00eda llevar una profesora ejemplar.<\/p>\n\n\n\n<p>B\u00e1rbara Lennie interpreta a esta profesora de una manera magistral. En esta caso mucho m\u00e1s centrada en el cine que en las series pod\u00e9is disfrutar del trabajo de esta actriz en pelis como Obaba, Magical girl, El ni\u00f1o, Todos lo saben, Contratiempo o El reino. Tambi\u00e9n ha aparecido en series como Amar en tiempos revueltos(\u00bfqui\u00e9n no ha aparecido en esta serie?), El incidente o Isabel.<\/p>\n\n\n\n<p>Destacar tambi\u00e9n al trio de chavales que aparecen en la serie. Por un lado Iago, el chulito y guapete. Interpretado por Ar\u00f3n Piper, a quien conocimos en Quince a\u00f1os y un d\u00eda, y salt\u00f3 a la fama con la serie \u00c9lite del mismo director que esta. Por otro lado tenemos a Roi, un chico mucho m\u00e1s sensible, t\u00edmido y con m\u00e1s problemas para relacionarse. Interpretado por Roque Ruiz, quien debuta de manera profesional. Muy buen trabajo y habr\u00e1 que seguirle a partir de ahora. Y el tr\u00edo lo completa la chica del grupo, Nerea. Una chica inteligente, luchadora, feminista y con un fuerte car\u00e1cter. Interpretada por Isabel Garrido, qui\u00e9n tambi\u00e9n debuta en el cine profesional.<\/p>\n\n\n\n<p>Completa la serie un personaje importante en la trama, y de una belleza inigualable. Los paisajes gallegos ponen el fondo a todas estas historias. Y es que aparte de los bellos paisajes, esa casi constante niebla, lluvia y mal tiempo, llevan a que sea un paisaje inigualable para poder hacer cualquier serie o peli de misterio que se precie. <\/p>\n\n\n\n<p>Sin contaros mucho m\u00e1s de ala serie, porque ser\u00eda destriparla y est\u00e1 muy lejos de mi intenci\u00f3n, os recomiendo que la ve\u00e1is y nos dej\u00e9is vuestra opini\u00f3n.<\/p>\n\n\n\n<figure class=\"wp-block-embed-youtube wp-block-embed is-type-video is-provider-youtube wp-embed-aspect-16-9 wp-has-aspect-ratio\"><div class=\"wp-block-embed__wrapper\">\n<iframe loading=\"lazy\" title=\"El desorden que dejas | Tr\u00e1iler oficial | Netflix\" width=\"800\" height=\"450\" src=\"https:\/\/www.youtube.com\/embed\/AV-1wmObSd8?feature=oembed\" frameborder=\"0\" allow=\"accelerometer; autoplay; clipboard-write; encrypted-media; gyroscope; picture-in-picture\" allowfullscreen><\/iframe>\n<\/div><\/figure>\n\n\n\n<p><\/p>\n","protected":false},"excerpt":{"rendered":"<p>Nuestra Puntuaci\u00f3n Valoraci\u00f3n de los lectores [Total: 0 Media: 0] T\u00edtulo originalEl desorden que dejas A\u00f1o2020 Duraci\u00f3n50 min. Pa\u00eds\u00a0Espa\u00f1a Direcci\u00f3nCarlos<\/p>\n","protected":false},"author":2,"featured_media":1810,"comment_status":"open","ping_status":"open","sticky":false,"template":"","format":"standard","meta":{"yasr_overall_rating":3.7,"yasr_post_is_review":"","yasr_auto_insert_disabled":"","yasr_review_type":"","footnotes":""},"categories":[2],"tags":[215,216,169,214,83,147],"class_list":["post-1809","post","type-post","status-publish","format-standard","has-post-thumbnail","hentry","category-criticas","tag-barbara-lennie","tag-carlos-montero","tag-ensenanza","tag-inma-cuesta","tag-series-de-tv","tag-thriller"],"yasr_visitor_votes":{"stars_attributes":{"read_only":false,"span_bottom":false},"number_of_votes":0,"sum_votes":0},"_links":{"self":[{"href":"https:\/\/www.cineclubaranjuez.es\/index.php\/wp-json\/wp\/v2\/posts\/1809"}],"collection":[{"href":"https:\/\/www.cineclubaranjuez.es\/index.php\/wp-json\/wp\/v2\/posts"}],"about":[{"href":"https:\/\/www.cineclubaranjuez.es\/index.php\/wp-json\/wp\/v2\/types\/post"}],"author":[{"embeddable":true,"href":"https:\/\/www.cineclubaranjuez.es\/index.php\/wp-json\/wp\/v2\/users\/2"}],"replies":[{"embeddable":true,"href":"https:\/\/www.cineclubaranjuez.es\/index.php\/wp-json\/wp\/v2\/comments?post=1809"}],"version-history":[{"count":1,"href":"https:\/\/www.cineclubaranjuez.es\/index.php\/wp-json\/wp\/v2\/posts\/1809\/revisions"}],"predecessor-version":[{"id":1811,"href":"https:\/\/www.cineclubaranjuez.es\/index.php\/wp-json\/wp\/v2\/posts\/1809\/revisions\/1811"}],"wp:featuredmedia":[{"embeddable":true,"href":"https:\/\/www.cineclubaranjuez.es\/index.php\/wp-json\/wp\/v2\/media\/1810"}],"wp:attachment":[{"href":"https:\/\/www.cineclubaranjuez.es\/index.php\/wp-json\/wp\/v2\/media?parent=1809"}],"wp:term":[{"taxonomy":"category","embeddable":true,"href":"https:\/\/www.cineclubaranjuez.es\/index.php\/wp-json\/wp\/v2\/categories?post=1809"},{"taxonomy":"post_tag","embeddable":true,"href":"https:\/\/www.cineclubaranjuez.es\/index.php\/wp-json\/wp\/v2\/tags?post=1809"}],"curies":[{"name":"wp","href":"https:\/\/api.w.org\/{rel}","templated":true}]}}