{"id":1824,"date":"2021-01-04T20:10:38","date_gmt":"2021-01-04T19:10:38","guid":{"rendered":"https:\/\/www.cineclubaranjuez.es\/?p=1824"},"modified":"2021-01-04T20:10:41","modified_gmt":"2021-01-04T19:10:41","slug":"el-cid","status":"publish","type":"post","link":"https:\/\/www.cineclubaranjuez.es\/index.php\/2021\/01\/04\/el-cid\/","title":{"rendered":"El Cid"},"content":{"rendered":"<div style='text-align:left' class='yasr-auto-insert-overall'><!--Yasr Overall Rating Shortcode--><div class='yasr-custom-text-before-overall' id='yasr-custom-text-before-overall'>Nuestra Puntuaci\u00f3n<\/div><div class=\"yasr-overall-rating\"><div class=' yasr-rater-stars'\n                           id='yasr-overall-rating-rater-455566e9fb9e2'\n                           data-rating='3.6'\n                           data-rater-starsize='32'>\n                       <\/div><\/div><!--End Yasr Overall Rating Shortcode--><\/div><div style='text-align:left' class='yasr-auto-insert-visitor'><!--Yasr Visitor Votes Shortcode--><div id='yasr_visitor_votes_6f9e3f1959456' class='yasr-visitor-votes'><div class=\"yasr-custom-text-vv-before yasr-custom-text-vv-before-1824\">Valoraci\u00f3n de los lectores<\/div><div id='yasr-vv-second-row-container-6f9e3f1959456'\n                                        class='yasr-vv-second-row-container'><div id='yasr-visitor-votes-rater-6f9e3f1959456'\n                                      class='yasr-rater-stars-vv'\n                                      data-rater-postid='1824'\n                                      data-rating='0'\n                                      data-rater-starsize='32'\n                                      data-rater-readonly='false'\n                                      data-rater-nonce='8391007680'\n                                      data-issingular='false'\n                                    ><\/div><div class=\"yasr-vv-stats-text-container\" id=\"yasr-vv-stats-text-container-6f9e3f1959456\"><svg xmlns=\"https:\/\/www.w3.org\/2000\/svg\" width=\"20\" height=\"20\"\n                                   class=\"yasr-dashicons-visitor-stats\"\n                                   data-postid=\"1824\"\n                                   id=\"yasr-stats-dashicon-6f9e3f1959456\">\n                                   <path d=\"M18 18v-16h-4v16h4zM12 18v-11h-4v11h4zM6 18v-8h-4v8h4z\"><\/path>\n                               <\/svg><span id=\"yasr-vv-text-container-6f9e3f1959456\" class=\"yasr-vv-text-container\">[Total: <span id=\"yasr-vv-votes-number-container-6f9e3f1959456\">0<\/span>  Media: <span id=\"yasr-vv-average-container-6f9e3f1959456\">0<\/span>]<\/span><\/div><div id='yasr-vv-loader-6f9e3f1959456' class='yasr-vv-container-loader'><\/div><\/div><div id='yasr-vv-bottom-container-6f9e3f1959456' class='yasr-vv-bottom-container'><\/div><\/div><!--End Yasr Visitor Votes Shortcode--><\/div>\n<p>T\u00edtulo originalEl Cid (TV Series)<\/p>\n\n\n\n<p>A\u00f1o2020<\/p>\n\n\n\n<p>Pa\u00eds<img decoding=\"async\" src=\"https:\/\/www.filmaffinity.com\/imgs\/countries2\/ES.png\" alt=\"Espa\u00f1a\">\u00a0Espa\u00f1a<\/p>\n\n\n\n<p>Direcci\u00f3n<a href=\"https:\/\/www.filmaffinity.com\/es\/search.php?stype=director&amp;sn&amp;stext=Jos%C3%A9%20Velasco\">Jos\u00e9 Velasco<\/a>\u00a0(Creador),\u00a0<a href=\"https:\/\/www.filmaffinity.com\/es\/search.php?stype=director&amp;sn&amp;stext=Luis%20Arranz\">Luis Arranz<\/a>\u00a0(Creador),\u00a0<a href=\"https:\/\/www.filmaffinity.com\/es\/search.php?stype=director&amp;sn&amp;stext=Adolfo%20Mart%C3%ADnez%20P%C3%A9rez\">Adolfo Mart\u00ednez P\u00e9rez<\/a>,\u00a0<a href=\"https:\/\/www.filmaffinity.com\/es\/search.php?stype=director&amp;sn&amp;stext=Miguel%20Alcantud\">Miguel Alcantud<\/a>,\u00a0<a href=\"https:\/\/www.filmaffinity.com\/es\/search.php?stype=director&amp;sn&amp;stext=Marco%20A.%20Castillo\">Marco A. Castillo<\/a>,\u00a0<a href=\"https:\/\/www.filmaffinity.com\/es\/search.php?stype=director&amp;sn&amp;stext=Arantxa%20Echevarria\">Arantxa Echevarria<\/a><\/p>\n\n\n\n<p>GuionLuis Arranz,\u00a0Adolfo Mart\u00ednez P\u00e9rez<\/p>\n\n\n\n<p>M\u00fasicaGustavo Santaolalla<\/p>\n\n\n\n<p>Fotograf\u00edaJavier Salmones<\/p>\n\n\n\n<p>Reparto<a href=\"https:\/\/www.filmaffinity.com\/es\/search.php?stype=cast&amp;sn&amp;stext=Jaime%20Lorente\">Jaime Lorente<\/a>,\u00a0<a href=\"https:\/\/www.filmaffinity.com\/es\/search.php?stype=cast&amp;sn&amp;stext=Carlos%20Bardem\">Carlos Bardem<\/a>,\u00a0<a href=\"https:\/\/www.filmaffinity.com\/es\/search.php?stype=cast&amp;sn&amp;stext=Elia%20Galera\">Elia Galera<\/a>,\u00a0<a href=\"https:\/\/www.filmaffinity.com\/es\/search.php?stype=cast&amp;sn&amp;stext=Jos%C3%A9%20Luis%20Garc%C3%ADa%20P%C3%A9rez\">Jos\u00e9 Luis Garc\u00eda P\u00e9rez<\/a>,\u00a0<a href=\"https:\/\/www.filmaffinity.com\/es\/search.php?stype=cast&amp;sn&amp;stext=Alicia%20Sanz\">Alicia Sanz<\/a>,\u00a0<a href=\"https:\/\/www.filmaffinity.com\/es\/search.php?stype=cast&amp;sn&amp;stext=Francisco%20Ortiz\">Francisco Ortiz<\/a>,\u00a0<a href=\"https:\/\/www.filmaffinity.com\/es\/search.php?stype=cast&amp;sn&amp;stext=Juan%20Echanove\">Juan Echanove<\/a>,\u00a0<a href=\"https:\/\/www.filmaffinity.com\/es\/search.php?stype=cast&amp;sn&amp;stext=Juan%20Fern%C3%A1ndez\">Juan Fern\u00e1ndez<\/a>,\u00a0<a href=\"https:\/\/www.filmaffinity.com\/es\/search.php?stype=cast&amp;sn&amp;stext=Gin%C3%A9s%20Garc%C3%ADa%20Mill%C3%A1n\">Gin\u00e9s Garc\u00eda Mill\u00e1n<\/a>,\u00a0<a href=\"https:\/\/www.filmaffinity.com\/es\/search.php?stype=cast&amp;sn&amp;stext=David%20Castillo\">David Castillo<\/a>,\u00a0<a href=\"https:\/\/www.filmaffinity.com\/es\/search.php?stype=cast&amp;sn&amp;stext=Luc%C3%ADa%20D%C3%ADez\">Luc\u00eda D\u00edez<\/a>,\u00a0<a href=\"https:\/\/www.filmaffinity.com\/es\/search.php?stype=cast&amp;sn&amp;stext=Luc%C3%ADa%20Guerrero\">Luc\u00eda Guerrero<\/a>,\u00a0<a href=\"https:\/\/www.filmaffinity.com\/es\/search.php?stype=cast&amp;sn&amp;stext=Nicol%C3%A1s%20Illoro\">Nicol\u00e1s Illoro<\/a>,\u00a0<a href=\"https:\/\/www.filmaffinity.com\/es\/search.php?stype=cast&amp;sn&amp;stext=Zohar%20Liba\">Zohar Liba<\/a>,\u00a0<a href=\"https:\/\/www.filmaffinity.com\/es\/search.php?stype=cast&amp;sn&amp;stext=Jaime%20Ol%C3%ADas\">Jaime Ol\u00edas<\/a>,\u00a0<a href=\"https:\/\/www.filmaffinity.com\/es\/search.php?stype=cast&amp;sn&amp;stext=%C3%81lvaro%20Rico\">\u00c1lvaro Rico<\/a>,\u00a0<a href=\"https:\/\/www.filmaffinity.com\/es\/search.php?stype=cast&amp;sn&amp;stext=Adri%C3%A1n%20Salzedo\">Adri\u00e1n Salzedo<\/a>,\u00a0<a href=\"https:\/\/www.filmaffinity.com\/es\/search.php?stype=cast&amp;sn&amp;stext=Daniel%20Albaladejo\">Daniel Albaladejo<\/a>,\u00a0<a href=\"https:\/\/www.filmaffinity.com\/es\/search.php?stype=cast&amp;sn&amp;stext=Daniel%20Tatay\">Daniel Tatay<\/a>,\u00a0<a href=\"https:\/\/www.filmaffinity.com\/es\/search.php?stype=cast&amp;sn&amp;stext=Amr%20Waked\">Amr Waked<\/a>,\u00a0<a href=\"https:\/\/www.filmaffinity.com\/es\/search.php?stype=cast&amp;sn&amp;stext=Pablo%20%C3%81lvarez\">Pablo \u00c1lvarez<\/a>,\u00a0<a href=\"https:\/\/www.filmaffinity.com\/es\/search.php?stype=cast&amp;sn&amp;stext=Emilio%20Buale\">Emilio Buale<\/a>,\u00a0<a href=\"https:\/\/www.filmaffinity.com\/es\/search.php?stype=cast&amp;sn&amp;stext=Sara%20Vidorreta\">Sara Vidorreta<\/a>,\u00a0<a href=\"https:\/\/www.filmaffinity.com\/es\/search.php?stype=cast&amp;sn&amp;stext=Rodrigo%20Pois%C3%B3n\">Rodrigo Pois\u00f3n<\/a><\/p>\n\n\n\n<p>ProductoraZebra Producciones\u00a0(Distribuidora:\u00a0Amazon Prime Video)<\/p>\n\n\n\n<p>G\u00e9nero<a href=\"https:\/\/www.filmaffinity.com\/es\/moviegenre.php?genre=TV_SE&amp;attr=rat_count&amp;nodoc\">Serie de TV<\/a>.\u00a0<a href=\"https:\/\/www.filmaffinity.com\/es\/moviegenre.php?genre=AV&amp;attr=rat_count&amp;nodoc\">Aventuras<\/a>.\u00a0<a href=\"https:\/\/www.filmaffinity.com\/es\/moviegenre.php?genre=DR&amp;attr=rat_count&amp;nodoc\">Drama<\/a>\u00a0|\u00a0<a href=\"https:\/\/www.filmaffinity.com\/es\/movietopic.php?topic=374054&amp;attr=rat_count&amp;nodoc\">Hist\u00f3rico<\/a>.\u00a0<a href=\"https:\/\/www.filmaffinity.com\/es\/movietopic.php?topic=641061&amp;attr=rat_count&amp;nodoc\">Siglo XI<\/a>.\u00a0<a href=\"https:\/\/www.filmaffinity.com\/es\/movietopic.php?topic=337935&amp;attr=rat_count&amp;nodoc\">Capa y espada<\/a><\/p>\n\n\n\n<p>Sinopsis5 Episodios. &#8216;El Cid&#8217; cuenta la historia del hombre detr\u00e1s de la leyenda, Rodrigo D\u00edaz de Vivar, tambi\u00e9n conocido como \u201cRuy\u201d, desde que era ni\u00f1o hasta que se convirti\u00f3 en un h\u00e9roe de guerra, mientras intenta encontrar su lugar dentro de una sociedad donde las intrigas de la Corona de Le\u00f3n intenta controlarlo. El Cid es un h\u00e9roe por todos conocido pero tambi\u00e9n uno de los personajes m\u00e1s misteriosos y complejos de la historia de Espa\u00f1a. La trama tiene lugar en el siglo XI, una de las \u00e9pocas m\u00e1s fascinantes de la historia de Espa\u00f1a, donde cristianos, \u00e1rabes y jud\u00edos convivieron en la Pen\u00ednsula Ib\u00e9rica, enfrent\u00e1ndose en guerras y\/o forjando alianzas. Una historia de aventuras, amor, intriga, traici\u00f3n y lucha entre quienes ostentan el poder y quienes poseen la aut\u00e9ntica autoridad.<\/p>\n\n\n\n<p>Opini\u00f3n: Llega a Amazon una serie sobre uno de los mayores h\u00e9roes de la historia de Espa\u00f1a, a la vez que uno de los m\u00e1s pol\u00e9micos. Por un lado el hecho de que viviera hace casi mil a\u00f1os hace que tengamos pocas certezas sobre qui\u00e9n realmente fue. Conocido por El cantar del mio Cid, escrito unos pocos a\u00f1os despu\u00e9s de su muerte, nos narra los \u00faltimos a\u00f1os de la vida de El Cid.<\/p>\n\n\n\n<p>En esta serie sin embargo nos cuentan sus comienzos. Su ascenso en el ej\u00e9rcito del reino de Le\u00f3n, su primera batalla, sus primeros amores.<\/p>\n\n\n\n<p>En mi opini\u00f3n lo mejor de la serie es todo lo que rodea a El Cid. No conozco esta parte de la Historia, as\u00ed que no se cuanto tiene de fiel lo que aqu\u00ed nos cuentan. Pero toda la parte de las intrigas palaciegas, las peleas entre los hijos del Rey por el poder, los intentos de asesinatos entre unos y otros, las alianzas con los moros contra otros reinos&#8230;<\/p>\n\n\n\n<p>Todo esto nos lleva salvando las distancias a Juego de tronos. Es solo una primera temporada con cinco cap\u00edtulos, que sirve m\u00e1s que nada como presentaci\u00f3n de los personajes y de las situaciones que nos encontraremos m\u00e1s adelante. <\/p>\n\n\n\n<p>Para ser una serie espa\u00f1ola, se nota que hay dinero. Las batallas son bastante decentes, con un mont\u00f3n de extras y de caballos hace que sea muy cre\u00edble y bastante mejor que en otras producciones espa\u00f1olas. Se nota que es una apuesta fuerte de Amazon.<\/p>\n\n\n\n<p>Quiz\u00e1s como punto m\u00e1s flojo es la adaptaci\u00f3n de la forma de hablar, de las expresiones, a la actualidad. Supongo que lo hacen aposta, para que no resulte extra\u00f1o, y no eche para atr\u00e1s a los espectadores. Pero llama la atenci\u00f3n determinadas expresiones, y formas de moverse y de hablar seguramente muy alejadas de la \u00e9poca en la que nos encontramos.<\/p>\n\n\n\n<p>Los actores est\u00e1n muy bien en general. Destacando el trabajo de Jaime Lorente como El Cid. Le proporciona mucha fuerza, que salvando las distancias nos recuerda a Denver en La casa de papel. Tambi\u00e9n me ha gustado la actuaci\u00f3n de Carlos Bardem en el papel de Conde de Barcelona, d\u00e1ndole un toque malvado y canalla. Pero sobre todo, quiero destacar el papel de Alicia Sanz como la Infanta Urraca. Una actriz a la que no conoc\u00eda y que habr\u00e1 que seguir en un futuro.<\/p>\n\n\n\n<p>Sin mucho m\u00e1s que decir para no destripar nada de la serie, lo mejor es que la ve\u00e1is y opin\u00e9is vosotros mismos.<\/p>\n\n\n\n<figure class=\"wp-block-embed-youtube wp-block-embed is-type-video is-provider-youtube wp-embed-aspect-16-9 wp-has-aspect-ratio\"><div class=\"wp-block-embed__wrapper\">\n<iframe loading=\"lazy\" title=\"El Cid - Tr\u00e1iler Oficial | Amazon Prime Video\" width=\"800\" height=\"450\" src=\"https:\/\/www.youtube.com\/embed\/XURaNNDxGgo?feature=oembed\" frameborder=\"0\" allow=\"accelerometer; autoplay; clipboard-write; encrypted-media; gyroscope; picture-in-picture\" allowfullscreen><\/iframe>\n<\/div><\/figure>\n","protected":false},"excerpt":{"rendered":"<p>Nuestra Puntuaci\u00f3n Valoraci\u00f3n de los lectores [Total: 0 Media: 0] T\u00edtulo originalEl Cid (TV Series) A\u00f1o2020 Pa\u00eds\u00a0Espa\u00f1a Direcci\u00f3nJos\u00e9 Velasco\u00a0(Creador),\u00a0Luis Arranz\u00a0(Creador),\u00a0Adolfo<\/p>\n","protected":false},"author":2,"featured_media":1825,"comment_status":"open","ping_status":"open","sticky":false,"template":"","format":"standard","meta":{"yasr_overall_rating":3.6,"yasr_post_is_review":"","yasr_auto_insert_disabled":"","yasr_review_type":"","footnotes":""},"categories":[2],"tags":[230,229,227,228,231],"class_list":["post-1824","post","type-post","status-publish","format-standard","has-post-thumbnail","hentry","category-criticas","tag-amazon","tag-carlos-bardem","tag-el-cid","tag-jaime-lorente","tag-juan-echanove"],"yasr_visitor_votes":{"stars_attributes":{"read_only":false,"span_bottom":false},"number_of_votes":0,"sum_votes":0},"_links":{"self":[{"href":"https:\/\/www.cineclubaranjuez.es\/index.php\/wp-json\/wp\/v2\/posts\/1824"}],"collection":[{"href":"https:\/\/www.cineclubaranjuez.es\/index.php\/wp-json\/wp\/v2\/posts"}],"about":[{"href":"https:\/\/www.cineclubaranjuez.es\/index.php\/wp-json\/wp\/v2\/types\/post"}],"author":[{"embeddable":true,"href":"https:\/\/www.cineclubaranjuez.es\/index.php\/wp-json\/wp\/v2\/users\/2"}],"replies":[{"embeddable":true,"href":"https:\/\/www.cineclubaranjuez.es\/index.php\/wp-json\/wp\/v2\/comments?post=1824"}],"version-history":[{"count":1,"href":"https:\/\/www.cineclubaranjuez.es\/index.php\/wp-json\/wp\/v2\/posts\/1824\/revisions"}],"predecessor-version":[{"id":1832,"href":"https:\/\/www.cineclubaranjuez.es\/index.php\/wp-json\/wp\/v2\/posts\/1824\/revisions\/1832"}],"wp:featuredmedia":[{"embeddable":true,"href":"https:\/\/www.cineclubaranjuez.es\/index.php\/wp-json\/wp\/v2\/media\/1825"}],"wp:attachment":[{"href":"https:\/\/www.cineclubaranjuez.es\/index.php\/wp-json\/wp\/v2\/media?parent=1824"}],"wp:term":[{"taxonomy":"category","embeddable":true,"href":"https:\/\/www.cineclubaranjuez.es\/index.php\/wp-json\/wp\/v2\/categories?post=1824"},{"taxonomy":"post_tag","embeddable":true,"href":"https:\/\/www.cineclubaranjuez.es\/index.php\/wp-json\/wp\/v2\/tags?post=1824"}],"curies":[{"name":"wp","href":"https:\/\/api.w.org\/{rel}","templated":true}]}}