{"id":1869,"date":"2021-02-08T21:17:42","date_gmt":"2021-02-08T20:17:42","guid":{"rendered":"https:\/\/www.cineclubaranjuez.es\/?p=1869"},"modified":"2021-02-23T16:36:18","modified_gmt":"2021-02-23T15:36:18","slug":"sesion-doble-vol-3-el-bueno-el-feo-y-el-malo","status":"publish","type":"post","link":"https:\/\/www.cineclubaranjuez.es\/index.php\/2021\/02\/08\/sesion-doble-vol-3-el-bueno-el-feo-y-el-malo\/","title":{"rendered":"Sesi\u00f3n Doble vol.3: El bueno, el feo y el malo"},"content":{"rendered":"\n<p><\/p>\n\n\n\n<figure class=\"wp-block-audio\"><audio controls src=\"https:\/\/www.cineclubaranjuez.es\/wp-content\/uploads\/2020\/11\/sdvol3-elbuenoelfeoyelmalo.ogg\" src=\"https:\/\/www.cineclubaranjuez.es\/wp-content\/uploads\/2020\/11\/sdvol3-elbuenoelfeoyelmalo.mp3\"><\/audio><\/figure>\n\n\n\n<p>Pues aqu\u00ed est\u00e1, reci\u00e9n sacado del horno, ya ten\u00e9is este primer cap\u00edtulo del d\u00edptico que nos prepar\u00f3 Amador. Analizaremos con nuestro estilo (a\u00fan no sabemos cual es), esta magn\u00edfica obra de Sergio Leone. Esperamos que os guste y que os resulte tan divertido escucharlo como a nosotros hacerlo. Pr\u00f3xima parada: Sin perd\u00f3n.<\/p>\n\n\n\n<p>Gracias por escucharnos<\/p>\n","protected":false},"excerpt":{"rendered":"<p>Pues aqu\u00ed est\u00e1, reci\u00e9n sacado del horno, ya ten\u00e9is este primer cap\u00edtulo del d\u00edptico que nos prepar\u00f3 Amador. Analizaremos con<\/p>\n","protected":false},"author":3,"featured_media":1868,"comment_status":"open","ping_status":"open","sticky":false,"template":"","format":"standard","meta":{"yasr_overall_rating":0,"yasr_post_is_review":"","yasr_auto_insert_disabled":"yes","yasr_review_type":"","footnotes":""},"categories":[7],"tags":[262,259,261,263,49,260],"class_list":["post-1869","post","type-post","status-publish","format-standard","has-post-thumbnail","hentry","category-podcast","tag-clint-eastwood","tag-el-bueno-el-feo-y-el-malo","tag-eli-wallach","tag-lee-van-cleef","tag-podcast","tag-sergio-leone"],"yasr_visitor_votes":{"stars_attributes":{"read_only":false,"span_bottom":false},"number_of_votes":0,"sum_votes":0},"_links":{"self":[{"href":"https:\/\/www.cineclubaranjuez.es\/index.php\/wp-json\/wp\/v2\/posts\/1869"}],"collection":[{"href":"https:\/\/www.cineclubaranjuez.es\/index.php\/wp-json\/wp\/v2\/posts"}],"about":[{"href":"https:\/\/www.cineclubaranjuez.es\/index.php\/wp-json\/wp\/v2\/types\/post"}],"author":[{"embeddable":true,"href":"https:\/\/www.cineclubaranjuez.es\/index.php\/wp-json\/wp\/v2\/users\/3"}],"replies":[{"embeddable":true,"href":"https:\/\/www.cineclubaranjuez.es\/index.php\/wp-json\/wp\/v2\/comments?post=1869"}],"version-history":[{"count":1,"href":"https:\/\/www.cineclubaranjuez.es\/index.php\/wp-json\/wp\/v2\/posts\/1869\/revisions"}],"predecessor-version":[{"id":1870,"href":"https:\/\/www.cineclubaranjuez.es\/index.php\/wp-json\/wp\/v2\/posts\/1869\/revisions\/1870"}],"wp:featuredmedia":[{"embeddable":true,"href":"https:\/\/www.cineclubaranjuez.es\/index.php\/wp-json\/wp\/v2\/media\/1868"}],"wp:attachment":[{"href":"https:\/\/www.cineclubaranjuez.es\/index.php\/wp-json\/wp\/v2\/media?parent=1869"}],"wp:term":[{"taxonomy":"category","embeddable":true,"href":"https:\/\/www.cineclubaranjuez.es\/index.php\/wp-json\/wp\/v2\/categories?post=1869"},{"taxonomy":"post_tag","embeddable":true,"href":"https:\/\/www.cineclubaranjuez.es\/index.php\/wp-json\/wp\/v2\/tags?post=1869"}],"curies":[{"name":"wp","href":"https:\/\/api.w.org\/{rel}","templated":true}]}}