{"id":1908,"date":"2021-03-07T19:50:12","date_gmt":"2021-03-07T18:50:12","guid":{"rendered":"https:\/\/www.cineclubaranjuez.es\/?p=1908"},"modified":"2021-03-07T19:51:56","modified_gmt":"2021-03-07T18:51:56","slug":"podcast-05x03-especial-lo-que-el-viento-se-llevo","status":"publish","type":"post","link":"https:\/\/www.cineclubaranjuez.es\/index.php\/2021\/03\/07\/podcast-05x03-especial-lo-que-el-viento-se-llevo\/","title":{"rendered":"Podcast 05&#215;03: Especial Lo que el viento se llev\u00f3"},"content":{"rendered":"\n<figure class=\"wp-block-audio\"><audio controls src=\"https:\/\/www.cineclubaranjuez.es\/wp-content\/uploads\/2020\/11\/podcast05x03_especial_lo_que_el_viento_se_llevo.ogg\" src=\"https:\/\/www.cineclubaranjuez.es\/wp-content\/uploads\/2020\/11\/podcast05x03_especial_lo_que_el_viento_se_llevo.mp3\"><\/audio><\/figure>\n\n\n\n<p><\/p>\n\n\n\n<p>Aunque Amador estuvo llevando las negociaciones en secreto durante un tiempo, al final conseguimos planificar para este s\u00e1bado, primera vez que grabamos un podcast ese d\u00eda, este especial de &#8216;Lo que el viento se llev\u00f3&#8217;. Y dispuestos a tirar la casa por la ventana, tenemos a Laura y Jorge como invitados estrellas, adem\u00e1s del retorno de Eva. As\u00ed que tenemos un especial en el que analizaremos, de la manera que sea, una de las obras m\u00e1s \u00e9picas del cine cl\u00e1sico. Hablaremos de machismo, de racismo y del vestuario, de la m\u00fasica y de mil temas relacionados con la pel\u00edcula. En algunos momentos el debate ha subido de temperatura, pero nada que unas tiritas y un poco mercromina no puedan curar.<\/p>\n\n\n\n<p>Gracias por escucharnos.<\/p>\n","protected":false},"excerpt":{"rendered":"<p>Aunque Amador estuvo llevando las negociaciones en secreto durante un tiempo, al final conseguimos planificar para este s\u00e1bado, primera vez<\/p>\n","protected":false},"author":3,"featured_media":1907,"comment_status":"open","ping_status":"open","sticky":false,"template":"","format":"standard","meta":{"yasr_overall_rating":0,"yasr_post_is_review":"","yasr_auto_insert_disabled":"yes","yasr_review_type":"","footnotes":""},"categories":[7],"tags":[117,272,49,274,273],"class_list":["post-1908","post","type-post","status-publish","format-standard","has-post-thumbnail","hentry","category-podcast","tag-clark-gable","tag-lo-que-el-viento-se-llevo","tag-podcast","tag-victor-flemming","tag-vivien-leigh"],"yasr_visitor_votes":{"stars_attributes":{"read_only":false,"span_bottom":false},"number_of_votes":0,"sum_votes":0},"_links":{"self":[{"href":"https:\/\/www.cineclubaranjuez.es\/index.php\/wp-json\/wp\/v2\/posts\/1908"}],"collection":[{"href":"https:\/\/www.cineclubaranjuez.es\/index.php\/wp-json\/wp\/v2\/posts"}],"about":[{"href":"https:\/\/www.cineclubaranjuez.es\/index.php\/wp-json\/wp\/v2\/types\/post"}],"author":[{"embeddable":true,"href":"https:\/\/www.cineclubaranjuez.es\/index.php\/wp-json\/wp\/v2\/users\/3"}],"replies":[{"embeddable":true,"href":"https:\/\/www.cineclubaranjuez.es\/index.php\/wp-json\/wp\/v2\/comments?post=1908"}],"version-history":[{"count":2,"href":"https:\/\/www.cineclubaranjuez.es\/index.php\/wp-json\/wp\/v2\/posts\/1908\/revisions"}],"predecessor-version":[{"id":1910,"href":"https:\/\/www.cineclubaranjuez.es\/index.php\/wp-json\/wp\/v2\/posts\/1908\/revisions\/1910"}],"wp:featuredmedia":[{"embeddable":true,"href":"https:\/\/www.cineclubaranjuez.es\/index.php\/wp-json\/wp\/v2\/media\/1907"}],"wp:attachment":[{"href":"https:\/\/www.cineclubaranjuez.es\/index.php\/wp-json\/wp\/v2\/media?parent=1908"}],"wp:term":[{"taxonomy":"category","embeddable":true,"href":"https:\/\/www.cineclubaranjuez.es\/index.php\/wp-json\/wp\/v2\/categories?post=1908"},{"taxonomy":"post_tag","embeddable":true,"href":"https:\/\/www.cineclubaranjuez.es\/index.php\/wp-json\/wp\/v2\/tags?post=1908"}],"curies":[{"name":"wp","href":"https:\/\/api.w.org\/{rel}","templated":true}]}}