{"id":1912,"date":"2021-03-08T20:27:17","date_gmt":"2021-03-08T19:27:17","guid":{"rendered":"https:\/\/www.cineclubaranjuez.es\/?p=1912"},"modified":"2021-03-08T20:41:31","modified_gmt":"2021-03-08T19:41:31","slug":"las-bicicletas-son-para-el-verano","status":"publish","type":"post","link":"https:\/\/www.cineclubaranjuez.es\/index.php\/2021\/03\/08\/las-bicicletas-son-para-el-verano\/","title":{"rendered":"Las bicicletas son para el verano"},"content":{"rendered":"<div style='text-align:left' class='yasr-auto-insert-overall'><!--Yasr Overall Rating Shortcode--><div class='yasr-custom-text-before-overall' id='yasr-custom-text-before-overall'>Nuestra Puntuaci\u00f3n<\/div><div class=\"yasr-overall-rating\"><div class=' yasr-rater-stars'\n                           id='yasr-overall-rating-rater-06398fa0f1685'\n                           data-rating='3.5'\n                           data-rater-starsize='32'>\n                       <\/div><\/div><!--End Yasr Overall Rating Shortcode--><\/div><div style='text-align:left' class='yasr-auto-insert-visitor'><!--Yasr Visitor Votes Shortcode--><div id='yasr_visitor_votes_0f58794a6043f' class='yasr-visitor-votes'><div class=\"yasr-custom-text-vv-before yasr-custom-text-vv-before-1912\">Valoraci\u00f3n de los lectores<\/div><div id='yasr-vv-second-row-container-0f58794a6043f'\n                                        class='yasr-vv-second-row-container'><div id='yasr-visitor-votes-rater-0f58794a6043f'\n                                      class='yasr-rater-stars-vv'\n                                      data-rater-postid='1912'\n                                      data-rating='0'\n                                      data-rater-starsize='32'\n                                      data-rater-readonly='false'\n                                      data-rater-nonce='b25d7f2148'\n                                      data-issingular='false'\n                                    ><\/div><div class=\"yasr-vv-stats-text-container\" id=\"yasr-vv-stats-text-container-0f58794a6043f\"><svg xmlns=\"https:\/\/www.w3.org\/2000\/svg\" width=\"20\" height=\"20\"\n                                   class=\"yasr-dashicons-visitor-stats\"\n                                   data-postid=\"1912\"\n                                   id=\"yasr-stats-dashicon-0f58794a6043f\">\n                                   <path d=\"M18 18v-16h-4v16h4zM12 18v-11h-4v11h4zM6 18v-8h-4v8h4z\"><\/path>\n                               <\/svg><span id=\"yasr-vv-text-container-0f58794a6043f\" class=\"yasr-vv-text-container\">[Total: <span id=\"yasr-vv-votes-number-container-0f58794a6043f\">0<\/span>  Media: <span id=\"yasr-vv-average-container-0f58794a6043f\">0<\/span>]<\/span><\/div><div id='yasr-vv-loader-0f58794a6043f' class='yasr-vv-container-loader'><\/div><\/div><div id='yasr-vv-bottom-container-0f58794a6043f' class='yasr-vv-bottom-container'><\/div><\/div><!--End Yasr Visitor Votes Shortcode--><\/div>\n<p>T\u00edtulo originalLas bicicletas son para el verano<\/p>\n\n\n\n<p>A\u00f1o1984<\/p>\n\n\n\n<p>Duraci\u00f3n103 min.<\/p>\n\n\n\n<p>Pa\u00eds<img decoding=\"async\" src=\"https:\/\/www.filmaffinity.com\/imgs\/countries2\/ES.png\" alt=\"Espa\u00f1a\">&nbsp;Espa\u00f1a<\/p>\n\n\n\n<p>Direcci\u00f3n<a href=\"https:\/\/www.filmaffinity.com\/es\/search.php?stype=director&amp;sn&amp;stext=Jaime%20Ch%C3%A1varri\">Jaime Ch\u00e1varri<\/a><\/p>\n\n\n\n<p>GuionSalvador Maldonado&nbsp;(Teatro:&nbsp;Fernando Fern\u00e1n G\u00f3mez)<\/p>\n\n\n\n<p>M\u00fasicaFrancisco Guerrero<\/p>\n\n\n\n<p>Fotograf\u00edaMiguel \u00c1ngel Trujillo<\/p>\n\n\n\n<p>Reparto<a href=\"https:\/\/www.filmaffinity.com\/es\/search.php?stype=cast&amp;sn&amp;stext=Amparo%20Soler%20Leal\">Amparo Soler Leal<\/a>,&nbsp;<a href=\"https:\/\/www.filmaffinity.com\/es\/search.php?stype=cast&amp;sn&amp;stext=Agust%C3%ADn%20Gonz%C3%A1lez\">Agust\u00edn Gonz\u00e1lez<\/a>,&nbsp;<a href=\"https:\/\/www.filmaffinity.com\/es\/search.php?stype=cast&amp;sn&amp;stext=Victoria%20Abril\">Victoria Abril<\/a>,&nbsp;<a href=\"https:\/\/www.filmaffinity.com\/es\/search.php?stype=cast&amp;sn&amp;stext=Alicia%20Hermida\">Alicia Hermida<\/a>,&nbsp;<a href=\"https:\/\/www.filmaffinity.com\/es\/search.php?stype=cast&amp;sn&amp;stext=Gabino%20Diego\">Gabino Diego<\/a>,&nbsp;<a href=\"https:\/\/www.filmaffinity.com\/es\/search.php?stype=cast&amp;sn&amp;stext=Marisa%20Paredes\">Marisa Paredes<\/a>,&nbsp;<a href=\"https:\/\/www.filmaffinity.com\/es\/search.php?stype=cast&amp;sn&amp;stext=Patricia%20Adriani\">Patricia Adriani<\/a>,&nbsp;<a href=\"https:\/\/www.filmaffinity.com\/es\/search.php?stype=cast&amp;sn&amp;stext=Aurora%20Redondo\">Aurora Redondo<\/a>,&nbsp;<a href=\"https:\/\/www.filmaffinity.com\/es\/search.php?stype=cast&amp;sn&amp;stext=Laura%20del%20Sol\">Laura del Sol<\/a>,&nbsp;<a href=\"https:\/\/www.filmaffinity.com\/es\/search.php?stype=cast&amp;sn&amp;stext=Emilio%20Guti%C3%A9rrez%20Caba\">Emilio Guti\u00e9rrez Caba<\/a>,&nbsp;<a href=\"https:\/\/www.filmaffinity.com\/es\/search.php?stype=cast&amp;sn&amp;stext=Carlos%20Tristancho\">Carlos Tristancho<\/a>,&nbsp;<a href=\"https:\/\/www.filmaffinity.com\/es\/search.php?stype=cast&amp;sn&amp;stext=Guillermo%20Mar%C3%ADn\">Guillermo Mar\u00edn<\/a>,&nbsp;<a href=\"https:\/\/www.filmaffinity.com\/es\/search.php?stype=cast&amp;sn&amp;stext=Miguel%20Rell%C3%A1n\">Miguel Rell\u00e1n<\/a>,&nbsp;<a href=\"https:\/\/www.filmaffinity.com\/es\/search.php?stype=cast&amp;sn&amp;stext=Jorge%20de%20Juan\">Jorge de Juan<\/a>,&nbsp;<a href=\"https:\/\/www.filmaffinity.com\/es\/search.php?stype=cast&amp;sn&amp;stext=Marina%20Saura\">Marina Saura<\/a>,&nbsp;<a href=\"https:\/\/www.filmaffinity.com\/es\/search.php?stype=cast&amp;sn&amp;stext=Sandra%20Eloani\">Sandra Eloani<\/a>,&nbsp;<a href=\"https:\/\/www.filmaffinity.com\/es\/search.php?stype=cast&amp;sn&amp;stext=Rosa%20Men%C3%A9ndez\">Rosa Men\u00e9ndez<\/a>,&nbsp;<a href=\"https:\/\/www.filmaffinity.com\/es\/search.php?stype=cast&amp;sn&amp;stext=Emilio%20Serrano\">Emilio Serrano<\/a>,&nbsp;<a href=\"https:\/\/www.filmaffinity.com\/es\/search.php?stype=cast&amp;sn&amp;stext=Will%20More\">Will More<\/a><\/p>\n\n\n\n<p>ProductoraInCine S.A,&nbsp;Jet Films,&nbsp;Impala&nbsp;(Productor:&nbsp;Alfredo Matas)<\/p>\n\n\n\n<p>G\u00e9nero<a href=\"https:\/\/www.filmaffinity.com\/es\/moviegenre.php?genre=DR&amp;attr=rat_count&amp;nodoc\">Drama<\/a>&nbsp;|&nbsp;<a href=\"https:\/\/www.filmaffinity.com\/es\/movietopic.php?topic=607659&amp;attr=rat_count&amp;nodoc\">Guerra Civil Espa\u00f1ola<\/a>.&nbsp;<a href=\"https:\/\/www.filmaffinity.com\/es\/movietopic.php?topic=751350&amp;attr=rat_count&amp;nodoc\">A\u00f1os 30<\/a><\/p>\n\n\n\n<p>SinopsisEl 18 de julio de 1936, estalla la Guerra Civil. En Madrid, una familia formada por un matrimonio y dos hijos comparte los avatares de la guerra con la criada y los vecinos. El ni\u00f1o de la casa, aunque ha suspendido, quiere que su padre le compre una bicicleta, pero la guerra har\u00e1 que la compra se aplace indefinidamente. (FILMAFFINITY)<\/p>\n\n\n\n<p>Premios<a href=\"https:\/\/www.filmaffinity.com\/es\/awards.php?award_id=karlovy&amp;year=1984\">1984<\/a>: Festival Internacional Karlovy Vary: Mejor actor (Agust\u00edn Gonz\u00e1lez)<\/p>\n\n\n\n<p>Opini\u00f3n: Pel\u00edcula muy interesante sobre la Guerra civil espa\u00f1ola. Siendo lo m\u00e1s parcial posible, nos muestra la miseria que produce cualquier guerra y muy especialmente las guerras civiles. No muestra batallas, ni muertos ni fusilamientos. Ni falta que le hace para conseguir llegar al coraz\u00f3n y hacernos entender que no cualquier tiempo pasado fue mejor, y que las guerras no traen m\u00e1s que miseria, odios y hambre.<\/p>\n\n\n\n<p>La peli comienza d\u00edas antes de estallar la guerra civil. Nos presenta a una familia espa\u00f1ola de clase media. Con una hija mayor que quiere ser actriz, y uno peque\u00f1o que ha terminado el curso. Como lo ha suspendido, no le regalan la bicicleta que lleva todo el a\u00f1o esperando. Pero pronto este deseo deja de ser importante en las vidas de todos, ya que el estallido de la guerra hace que cada vez la vida de esta acomodada familia sea m\u00e1s complicada.<\/p>\n\n\n\n<p>Dirigida por Jaime Ch\u00e1varri, sin buscar la l\u00e1grima f\u00e1cil ni el sentimentalismo. Nos va mostrando como la guerra va destrozando poco a poco las ilusiones y los sue\u00f1os de la mayor\u00eda de la gente. A\u00f1os perdidos, ciudades destruidas, hambre y muerte. Pero nos lo va mostrando poco a poco y de una manera muy sutil. Genial la escena en la que la madre cree que la vecina le roba las lentejas, y al final resulta que son todo los miembros de la familia los que cogen lentejas. Y es que el hambre agudiza el ingenio.<\/p>\n\n\n\n<p>Un gran reparto, encabezado por Amparo Soler, Agust\u00edn Gonz\u00e1lez, Victoria Abril, Marisa Paredes o el debut de un jovenc\u00edsimo Gabino Diego. Sin duda algunos de los mejores actores y actrices de la d\u00e9cada de los 80. Sin extravagancias, nos dejan una actuaci\u00f3n muy realista.<\/p>\n\n\n\n<p>Quiz\u00e1s no sea una de las pelis sobre la guerra civil m\u00e1s conocidas, al menos para mi, pero sin duda merece la pena echarle un vistazo. Sin posicionarse demasiado pol\u00edticamente, nos deja un retrato de la miseria en la que se sume el pa\u00eds durante la guerra. Y como al final lo de menos son las ideas, sino el lugar en el que te pille, o lo listo que seas a la hora de elegir bando.<\/p>\n\n\n\n<p>Sin m\u00e1s, solo os puede recomendar que la ve\u00e1is. Y si ya la hab\u00e9is visto dejadnos vuestras opiniones.<\/p>\n\n\n\n<figure class=\"wp-block-embed is-type-video is-provider-youtube wp-block-embed-youtube wp-embed-aspect-4-3 wp-has-aspect-ratio\"><div class=\"wp-block-embed__wrapper\">\n<iframe loading=\"lazy\" title=\"(PROMO) Las Bicicletas son para el Verano\" width=\"800\" height=\"600\" src=\"https:\/\/www.youtube.com\/embed\/IXY44dNGmaM?feature=oembed\" frameborder=\"0\" allow=\"accelerometer; autoplay; clipboard-write; encrypted-media; gyroscope; picture-in-picture\" allowfullscreen><\/iframe>\n<\/div><\/figure>\n\n\n\n<p><\/p>\n\n\n\n<p><\/p>\n","protected":false},"excerpt":{"rendered":"<p>Nuestra Puntuaci\u00f3n Valoraci\u00f3n de los lectores [Total: 0 Media: 0] T\u00edtulo originalLas bicicletas son para el verano A\u00f1o1984 Duraci\u00f3n103 min.<\/p>\n","protected":false},"author":2,"featured_media":1914,"comment_status":"open","ping_status":"open","sticky":false,"template":"","format":"standard","meta":{"yasr_overall_rating":3.5,"yasr_post_is_review":"","yasr_auto_insert_disabled":"","yasr_review_type":"","footnotes":""},"categories":[2],"tags":[276,275,279,278,277],"class_list":["post-1912","post","type-post","status-publish","format-standard","has-post-thumbnail","hentry","category-criticas","tag-agustin-gonzalez","tag-amparo-soler","tag-guerra-civil","tag-jaime-chavarri","tag-victoria-abril"],"yasr_visitor_votes":{"stars_attributes":{"read_only":false,"span_bottom":false},"number_of_votes":0,"sum_votes":0},"_links":{"self":[{"href":"https:\/\/www.cineclubaranjuez.es\/index.php\/wp-json\/wp\/v2\/posts\/1912"}],"collection":[{"href":"https:\/\/www.cineclubaranjuez.es\/index.php\/wp-json\/wp\/v2\/posts"}],"about":[{"href":"https:\/\/www.cineclubaranjuez.es\/index.php\/wp-json\/wp\/v2\/types\/post"}],"author":[{"embeddable":true,"href":"https:\/\/www.cineclubaranjuez.es\/index.php\/wp-json\/wp\/v2\/users\/2"}],"replies":[{"embeddable":true,"href":"https:\/\/www.cineclubaranjuez.es\/index.php\/wp-json\/wp\/v2\/comments?post=1912"}],"version-history":[{"count":2,"href":"https:\/\/www.cineclubaranjuez.es\/index.php\/wp-json\/wp\/v2\/posts\/1912\/revisions"}],"predecessor-version":[{"id":1915,"href":"https:\/\/www.cineclubaranjuez.es\/index.php\/wp-json\/wp\/v2\/posts\/1912\/revisions\/1915"}],"wp:featuredmedia":[{"embeddable":true,"href":"https:\/\/www.cineclubaranjuez.es\/index.php\/wp-json\/wp\/v2\/media\/1914"}],"wp:attachment":[{"href":"https:\/\/www.cineclubaranjuez.es\/index.php\/wp-json\/wp\/v2\/media?parent=1912"}],"wp:term":[{"taxonomy":"category","embeddable":true,"href":"https:\/\/www.cineclubaranjuez.es\/index.php\/wp-json\/wp\/v2\/categories?post=1912"},{"taxonomy":"post_tag","embeddable":true,"href":"https:\/\/www.cineclubaranjuez.es\/index.php\/wp-json\/wp\/v2\/tags?post=1912"}],"curies":[{"name":"wp","href":"https:\/\/api.w.org\/{rel}","templated":true}]}}