{"id":1918,"date":"2021-03-11T20:11:00","date_gmt":"2021-03-11T19:11:00","guid":{"rendered":"https:\/\/www.cineclubaranjuez.es\/?p=1918"},"modified":"2021-03-09T20:46:29","modified_gmt":"2021-03-09T19:46:29","slug":"z","status":"publish","type":"post","link":"https:\/\/www.cineclubaranjuez.es\/index.php\/2021\/03\/11\/z\/","title":{"rendered":"Z"},"content":{"rendered":"<div style='text-align:left' class='yasr-auto-insert-overall'><!--Yasr Overall Rating Shortcode--><div class='yasr-custom-text-before-overall' id='yasr-custom-text-before-overall'>Nuestra Puntuaci\u00f3n<\/div><div class=\"yasr-overall-rating\"><div class=' yasr-rater-stars'\n                           id='yasr-overall-rating-rater-d92731f6896d7'\n                           data-rating='4.5'\n                           data-rater-starsize='32'>\n                       <\/div><\/div><!--End Yasr Overall Rating Shortcode--><\/div><div style='text-align:left' class='yasr-auto-insert-visitor'><!--Yasr Visitor Votes Shortcode--><div id='yasr_visitor_votes_d967f3c791f86' class='yasr-visitor-votes'><div class=\"yasr-custom-text-vv-before yasr-custom-text-vv-before-1918\">Valoraci\u00f3n de los lectores<\/div><div id='yasr-vv-second-row-container-d967f3c791f86'\n                                        class='yasr-vv-second-row-container'><div id='yasr-visitor-votes-rater-d967f3c791f86'\n                                      class='yasr-rater-stars-vv'\n                                      data-rater-postid='1918'\n                                      data-rating='0'\n                                      data-rater-starsize='32'\n                                      data-rater-readonly='false'\n                                      data-rater-nonce='b25d7f2148'\n                                      data-issingular='false'\n                                    ><\/div><div class=\"yasr-vv-stats-text-container\" id=\"yasr-vv-stats-text-container-d967f3c791f86\"><svg xmlns=\"https:\/\/www.w3.org\/2000\/svg\" width=\"20\" height=\"20\"\n                                   class=\"yasr-dashicons-visitor-stats\"\n                                   data-postid=\"1918\"\n                                   id=\"yasr-stats-dashicon-d967f3c791f86\">\n                                   <path d=\"M18 18v-16h-4v16h4zM12 18v-11h-4v11h4zM6 18v-8h-4v8h4z\"><\/path>\n                               <\/svg><span id=\"yasr-vv-text-container-d967f3c791f86\" class=\"yasr-vv-text-container\">[Total: <span id=\"yasr-vv-votes-number-container-d967f3c791f86\">0<\/span>  Media: <span id=\"yasr-vv-average-container-d967f3c791f86\">0<\/span>]<\/span><\/div><div id='yasr-vv-loader-d967f3c791f86' class='yasr-vv-container-loader'><\/div><\/div><div id='yasr-vv-bottom-container-d967f3c791f86' class='yasr-vv-bottom-container'><\/div><\/div><!--End Yasr Visitor Votes Shortcode--><\/div>\n<p><strong>T\u00edtulo original:<\/strong> Z<strong><br>A\u00f1o:<\/strong> 1969<br><strong>Duraci\u00f3n:<\/strong> 127 min.<br><strong>Pa\u00eds:<\/strong> Argelia<br><strong>Direcci\u00f3n:<\/strong> Costa-Gavras<br>Gui\u00f3n: Jorge Sempr\u00fan (Novela: Vasilis Vasilic\u00f3s)<br><strong>M\u00fasica:<\/strong> Mikis Theodorakis<br><strong>Fotograf\u00eda:<\/strong> Raoul Coutard<br><strong>Reparto<\/strong><br>Yves Montand, Jean-Louis Trintignant, Irene Papas, Jacques Perrin, Fran\u00e7ois P\u00e9rier, Pierre Dux, Charles Denner, Marcel Bozzuffi, Magali No\u00ebl, Renato Salvatori, Georges G\u00e9ret<\/p>\n\n\n\n<p><strong>Premios<\/strong><br>1969: 2 Oscar: Mejor pel\u00edcula de habla no inglesa, montaje. 5 nominaciones<br>1969: Globos de oro: Mejor pel\u00edcula extranjera<br>1969: Premios BAFTA: Mejor m\u00fasica. 4 nominaciones incluyendo mejor pel\u00edcula<br>1969: Festival de Cannes: Premo del Jurado y Mejor actor (Jean-Louis Trintignant)<br>1969: C\u00edrculo de Cr\u00edticos de Nueva York: Mejor pel\u00edcula y mejor director<br>1969: Sindicato de Directores (DGA): Nominada a Mejor director<\/p>\n\n\n\n<p><strong>Sinopsis<\/strong><\/p>\n\n\n\n<p>En un pa\u00eds regido por una corrupta democracia, donde el gobierno utiliza a la Polic\u00eda y al Ej\u00e9rcito para erradicar cualquier amenaza izquierdista, un diputado de la oposici\u00f3n es asesinado en plena calle cuando acababa de presidir un mitin de car\u00e1cter pacifista. De la investigaci\u00f3n del caso se encarga un joven magistrado, consciente de que se trata de un crimen pol\u00edtico cometido por dos sicarios a sueldo. Al mismo tiempo, un ambicioso periodista se servir\u00e1 de m\u00e9todos poco ortodoxos para acumular pruebas que inculpen a varios militantes de un partido de extrema derecha, los cuales, a su vez, atribuyen la responsabilidad del atentado a altos cargos de la polic\u00eda y del ej\u00e9rcito. (<a rel=\"noreferrer noopener\" href=\"https:\/\/www.filmaffinity.com\/es\/film845433.html\" target=\"_blank\">FILMAFFINITY<\/a>)<\/p>\n\n\n\n<p><strong>Opini\u00f3n:<\/strong><\/p>\n\n\n\n<p>Una pel\u00edcula imprescindible, si te gusta el cine de tem\u00e1tica pol\u00edtica. Lo digo con confianza y con la humildad de no haber visto en mi vida una pel\u00edcula del director, al que suelen nombrar en las cr\u00edticas de las revistas cinematogr\u00e1ficas, pero del que personalmente no hab\u00eda visto nada. <\/p>\n\n\n\n<p>Una historia tan cercana a nuestra \u00e9poca actual que ya solo por eso te hace engancharte. Curiosa tambi\u00e9n la manera de tratar por ejemplo al lider asesinado, del que poco a poco iremos descubriendo cosas a base de flashback. No quiero contar demasiado, aunque el misterio tampoco es algo muy relavante en esta pel\u00edcula, con un final que te deja un regusto a: esto ya lo he visto en alguna parte. Escrita por Jorge Semprum, que fue ministro de cultura en Espa\u00f1a, y vivi\u00f3 exiliado en Francia durante la dictadura de Franco. Fue nominado al  Oscar por el gui\u00f3n de esta pel\u00edcula.<\/p>\n\n\n\n<p>Como siempre, mi propio prejuicio por el cine europeo (y mas agudizado con el patrio) me hace perderme este tipo de pel\u00edculas, tan necesarias como cortantes. La pel\u00edcula sin ser de una factura espectacular, te deja una buena cicatr\u00edz. A pesar de haberla visto hace tres meses m\u00e1s o menos es una pel\u00edcula que seguir\u00e9 recomendando mucho tiempo. Si te gusta el cine pol\u00edtico y si eres capaz de ver una pel\u00edcula que aborde un tema desde el punto de vista de la izquierda, no te lo pienses. Y si no te gusta, pues pon un comentario, el debate tambi\u00e9n est\u00e1 bien.<\/p>\n\n\n\n<p><strong>Lo mejor:<\/strong> Una historia muy bien contada y que te deja un regusto muy amargo.<\/p>\n\n\n\n<p><strong>Lo peor:<\/strong> Yo me repito en cada cr\u00edtica con lo peor, pero que estas pel\u00edculas no tengan m\u00e1s difusi\u00f3n, es verdaderamente desolador. Probablemente volveremos a repetir lo que cuenta esta historia.<\/p>\n\n\n\n<p><\/p>\n\n\n\n<figure class=\"wp-block-embed is-type-video is-provider-youtube wp-block-embed-youtube wp-embed-aspect-4-3 wp-has-aspect-ratio\"><div class=\"wp-block-embed__wrapper\">\n<iframe loading=\"lazy\" title=\"\u0396 (Costa Gavras) - Trailer\" width=\"800\" height=\"600\" src=\"https:\/\/www.youtube.com\/embed\/rHB28qfsV2w?feature=oembed\" frameborder=\"0\" allow=\"accelerometer; autoplay; clipboard-write; encrypted-media; gyroscope; picture-in-picture\" allowfullscreen><\/iframe>\n<\/div><\/figure>\n","protected":false},"excerpt":{"rendered":"<p>Nuestra Puntuaci\u00f3n Valoraci\u00f3n de los lectores [Total: 0 Media: 0] T\u00edtulo original: ZA\u00f1o: 1969Duraci\u00f3n: 127 min.Pa\u00eds: ArgeliaDirecci\u00f3n: Costa-GavrasGui\u00f3n: Jorge Sempr\u00fan<\/p>\n","protected":false},"author":3,"featured_media":1919,"comment_status":"open","ping_status":"open","sticky":false,"template":"","format":"standard","meta":{"yasr_overall_rating":4.5,"yasr_post_is_review":"","yasr_auto_insert_disabled":"","yasr_review_type":"","footnotes":""},"categories":[2],"tags":[280,282,284,283,285,281],"class_list":["post-1918","post","type-post","status-publish","format-standard","has-post-thumbnail","hentry","category-criticas","tag-constantin-costra-gavras","tag-irene-papas","tag-jacques-perrin","tag-jean-louis-trintignant","tag-politica","tag-yves-montand"],"yasr_visitor_votes":{"stars_attributes":{"read_only":false,"span_bottom":false},"number_of_votes":0,"sum_votes":0},"_links":{"self":[{"href":"https:\/\/www.cineclubaranjuez.es\/index.php\/wp-json\/wp\/v2\/posts\/1918"}],"collection":[{"href":"https:\/\/www.cineclubaranjuez.es\/index.php\/wp-json\/wp\/v2\/posts"}],"about":[{"href":"https:\/\/www.cineclubaranjuez.es\/index.php\/wp-json\/wp\/v2\/types\/post"}],"author":[{"embeddable":true,"href":"https:\/\/www.cineclubaranjuez.es\/index.php\/wp-json\/wp\/v2\/users\/3"}],"replies":[{"embeddable":true,"href":"https:\/\/www.cineclubaranjuez.es\/index.php\/wp-json\/wp\/v2\/comments?post=1918"}],"version-history":[{"count":1,"href":"https:\/\/www.cineclubaranjuez.es\/index.php\/wp-json\/wp\/v2\/posts\/1918\/revisions"}],"predecessor-version":[{"id":1920,"href":"https:\/\/www.cineclubaranjuez.es\/index.php\/wp-json\/wp\/v2\/posts\/1918\/revisions\/1920"}],"wp:featuredmedia":[{"embeddable":true,"href":"https:\/\/www.cineclubaranjuez.es\/index.php\/wp-json\/wp\/v2\/media\/1919"}],"wp:attachment":[{"href":"https:\/\/www.cineclubaranjuez.es\/index.php\/wp-json\/wp\/v2\/media?parent=1918"}],"wp:term":[{"taxonomy":"category","embeddable":true,"href":"https:\/\/www.cineclubaranjuez.es\/index.php\/wp-json\/wp\/v2\/categories?post=1918"},{"taxonomy":"post_tag","embeddable":true,"href":"https:\/\/www.cineclubaranjuez.es\/index.php\/wp-json\/wp\/v2\/tags?post=1918"}],"curies":[{"name":"wp","href":"https:\/\/api.w.org\/{rel}","templated":true}]}}