{"id":1923,"date":"2021-03-12T10:55:00","date_gmt":"2021-03-12T09:55:00","guid":{"rendered":"https:\/\/www.cineclubaranjuez.es\/?p=1923"},"modified":"2021-03-10T20:26:45","modified_gmt":"2021-03-10T19:26:45","slug":"la-gran-evasion","status":"publish","type":"post","link":"https:\/\/www.cineclubaranjuez.es\/index.php\/2021\/03\/12\/la-gran-evasion\/","title":{"rendered":"La gran evasi\u00f3n"},"content":{"rendered":"<div style='text-align:left' class='yasr-auto-insert-overall'><!--Yasr Overall Rating Shortcode--><div class='yasr-custom-text-before-overall' id='yasr-custom-text-before-overall'>Nuestra Puntuaci\u00f3n<\/div><div class=\"yasr-overall-rating\"><div class=' yasr-rater-stars'\n                           id='yasr-overall-rating-rater-3d1bf9fce688c'\n                           data-rating='3.9'\n                           data-rater-starsize='32'>\n                       <\/div><\/div><!--End Yasr Overall Rating Shortcode--><\/div><div style='text-align:left' class='yasr-auto-insert-visitor'><!--Yasr Visitor Votes Shortcode--><div id='yasr_visitor_votes_3cd8c9f28f169' class='yasr-visitor-votes'><div class=\"yasr-custom-text-vv-before yasr-custom-text-vv-before-1923\">Valoraci\u00f3n de los lectores<\/div><div id='yasr-vv-second-row-container-3cd8c9f28f169'\n                                        class='yasr-vv-second-row-container'><div id='yasr-visitor-votes-rater-3cd8c9f28f169'\n                                      class='yasr-rater-stars-vv'\n                                      data-rater-postid='1923'\n                                      data-rating='0'\n                                      data-rater-starsize='32'\n                                      data-rater-readonly='false'\n                                      data-rater-nonce='b25d7f2148'\n                                      data-issingular='false'\n                                    ><\/div><div class=\"yasr-vv-stats-text-container\" id=\"yasr-vv-stats-text-container-3cd8c9f28f169\"><svg xmlns=\"https:\/\/www.w3.org\/2000\/svg\" width=\"20\" height=\"20\"\n                                   class=\"yasr-dashicons-visitor-stats\"\n                                   data-postid=\"1923\"\n                                   id=\"yasr-stats-dashicon-3cd8c9f28f169\">\n                                   <path d=\"M18 18v-16h-4v16h4zM12 18v-11h-4v11h4zM6 18v-8h-4v8h4z\"><\/path>\n                               <\/svg><span id=\"yasr-vv-text-container-3cd8c9f28f169\" class=\"yasr-vv-text-container\">[Total: <span id=\"yasr-vv-votes-number-container-3cd8c9f28f169\">0<\/span>  Media: <span id=\"yasr-vv-average-container-3cd8c9f28f169\">0<\/span>]<\/span><\/div><div id='yasr-vv-loader-3cd8c9f28f169' class='yasr-vv-container-loader'><\/div><\/div><div id='yasr-vv-bottom-container-3cd8c9f28f169' class='yasr-vv-bottom-container'><\/div><\/div><!--End Yasr Visitor Votes Shortcode--><\/div>\n<p>T\u00edtulo originalThe Great Escape<\/p>\n\n\n\n<p>A\u00f1o1963<\/p>\n\n\n\n<p>Duraci\u00f3n168 min.<\/p>\n\n\n\n<p>Pa\u00eds<img decoding=\"async\" src=\"https:\/\/www.filmaffinity.com\/imgs\/countries2\/US.png\" alt=\"Estados Unidos\">\u00a0Estados Unidos<\/p>\n\n\n\n<p>Direcci\u00f3n<a href=\"https:\/\/www.filmaffinity.com\/es\/search.php?stype=director&amp;sn&amp;stext=John%20Sturges\">John Sturges<\/a><\/p>\n\n\n\n<p>GuionJames Clavell,\u00a0W.R. Burnett\u00a0(Libro:\u00a0Paul Brickhill)<\/p>\n\n\n\n<p>M\u00fasicaElmer Bernstein<\/p>\n\n\n\n<p>Fotograf\u00edaDaniel L. Fapp<\/p>\n\n\n\n<p>Reparto<a href=\"https:\/\/www.filmaffinity.com\/es\/search.php?stype=cast&amp;sn&amp;stext=Steve%20McQueen\">Steve McQueen<\/a>,\u00a0<a href=\"https:\/\/www.filmaffinity.com\/es\/search.php?stype=cast&amp;sn&amp;stext=James%20Garner\">James Garner<\/a>,\u00a0<a href=\"https:\/\/www.filmaffinity.com\/es\/search.php?stype=cast&amp;sn&amp;stext=Charles%20Bronson\">Charles Bronson<\/a>,\u00a0<a href=\"https:\/\/www.filmaffinity.com\/es\/search.php?stype=cast&amp;sn&amp;stext=Richard%20Attenborough\">Richard Attenborough<\/a>,\u00a0<a href=\"https:\/\/www.filmaffinity.com\/es\/search.php?stype=cast&amp;sn&amp;stext=James%20Coburn\">James Coburn<\/a>,\u00a0<a href=\"https:\/\/www.filmaffinity.com\/es\/search.php?stype=cast&amp;sn&amp;stext=James%20Donald\">James Donald<\/a>,\u00a0<a href=\"https:\/\/www.filmaffinity.com\/es\/search.php?stype=cast&amp;sn&amp;stext=Donald%20Pleasence\">Donald Pleasence<\/a>,\u00a0<a href=\"https:\/\/www.filmaffinity.com\/es\/search.php?stype=cast&amp;sn&amp;stext=David%20McCallum\">David McCallum<\/a>,\u00a0<a href=\"https:\/\/www.filmaffinity.com\/es\/search.php?stype=cast&amp;sn&amp;stext=Gordon%20Jackson\">Gordon Jackson<\/a>,\u00a0<a href=\"https:\/\/www.filmaffinity.com\/es\/search.php?stype=cast&amp;sn&amp;stext=Angus%20Lennie\">Angus Lennie<\/a>,\u00a0<a href=\"https:\/\/www.filmaffinity.com\/es\/search.php?stype=cast&amp;sn&amp;stext=Hannes%20Messemer\">Hannes Messemer<\/a>,\u00a0<a href=\"https:\/\/www.filmaffinity.com\/es\/search.php?stype=cast&amp;sn&amp;stext=John%20Leyton\">John Leyton<\/a>,\u00a0<a href=\"https:\/\/www.filmaffinity.com\/es\/search.php?stype=cast&amp;sn&amp;stext=Lawrence%20Montaigne\">Lawrence Montaigne<\/a>,\u00a0<a href=\"https:\/\/www.filmaffinity.com\/es\/search.php?stype=cast&amp;sn&amp;stext=Nigel%20Stock\">Nigel Stock<\/a><\/p>\n\n\n\n<p>ProductoraThe Mirisch Corporation\u00a0(Distribuidora:\u00a0United Artists)<\/p>\n\n\n\n<p>G\u00e9nero<a href=\"https:\/\/www.filmaffinity.com\/es\/moviegenre.php?genre=DR&amp;attr=rat_count&amp;nodoc\">Drama<\/a>.\u00a0<a href=\"https:\/\/www.filmaffinity.com\/es\/moviegenre.php?genre=AV&amp;attr=rat_count&amp;nodoc\">Aventuras<\/a>\u00a0|\u00a0<a href=\"https:\/\/www.filmaffinity.com\/es\/movietopic.php?topic=664233&amp;attr=rat_count&amp;nodoc\">II Guerra Mundial<\/a>.\u00a0<a href=\"https:\/\/www.filmaffinity.com\/es\/movietopic.php?topic=113555&amp;attr=rat_count&amp;nodoc\">Drama carcelario<\/a>.\u00a0<a href=\"https:\/\/www.filmaffinity.com\/es\/movietopic.php?topic=595210&amp;attr=rat_count&amp;nodoc\">Nazismo<\/a>.\u00a0<a href=\"https:\/\/www.filmaffinity.com\/es\/movietopic.php?topic=206211&amp;attr=rat_count&amp;nodoc\">Basado en hechos reales<\/a>Grupos<a href=\"https:\/\/www.filmaffinity.com\/es\/movie-group.php?group-id=1500\">Adaptaciones de Paul Brickhill<\/a><\/p>\n\n\n\n<p>SinopsisSegunda Guerra Mundial (1939-1945). Un grupo de oficiales ingleses y norteamericanos que est\u00e1n prisioneros en un campo de concentraci\u00f3n nazi, se proponen organizar una fuga en la que se ver\u00e1n implicados doscientos cincuenta presos. Para llevar a cabo su plan comienzan a excavar tres t\u00faneles. (FILMAFFINITY)<br>Premios<a href=\"https:\/\/www.filmaffinity.com\/es\/awards.php?award_id=academy_awards&amp;year=1964\">1963<\/a>: Nominada al Oscar: Mejor montaje<a href=\"https:\/\/www.filmaffinity.com\/es\/awards.php?award_id=goldenglobes&amp;year=1964\">1963<\/a>: Globos de oro: Nominada Mejor pel\u00edcula &#8211; Drama<a href=\"https:\/\/www.filmaffinity.com\/es\/awards.php?award_id=nbr&amp;year=1963\">1963<\/a>: National Board of Review: Top 10 mejores pel\u00edculas<a href=\"https:\/\/www.filmaffinity.com\/es\/awards.php?award_id=wga&amp;year=1964\">1963<\/a>: Sindicato de Guionistas (WGA): Nominada a Mejor gui\u00f3n drama<\/p>\n\n\n\n<p>Opini\u00f3n: Estamos ante todo un cl\u00e1sico del cine de fugas. En este caso los prisioneros no tratan escaparse de una c\u00e1rcel, sino de un campo de prisioneros durante la II Guerra Mundial. Pero el tono de la peli es m\u00e1s o menos el mismo que el de todo este tipo de pelis: presentaci\u00f3n de los personajes, propuesta del plan de escape, preparaci\u00f3n de la fuga y la fuga. <\/p>\n\n\n\n<p>Sin duda estamos ante una de las mejores pel\u00edculas del g\u00e9nero. Con un reparto de lujo, con muchas de las grandes estrellas del momento tanto en EEUU como en Inglaterra. Con actores de la talla de Steve Mc Queen, James Garner, Charles Bronson, Richard Attenborough o James Coburn, cada uno tiene su lugar en la peli y su importancia. Es dif\u00edcil imaginar hoy en d\u00eda poder juntar un reparto de esta altura. Y es que estamos ante cine de otra \u00e9poca.<\/p>\n\n\n\n<p>A los mandos el director John Sturges, seguro que os suena de pelis como Los siete magn\u00edficos. As\u00ed que estaba acostumbrado a dirigir pelis con muchos nombres importantes en n\u00f3mina. Consigue darle un gran ritmo, proponi\u00e9ndonos una primera mitad de peli casi en tono c\u00f3mico y una segunda mucho m\u00e1s dram\u00e1tica.<\/p>\n\n\n\n<p>Muchas de las cr\u00edticas que he escuchado sobre la peli tienen que ver sobre todo con la primera parte. El tono casi c\u00f3mico en el que nos presentan el campo de concentraci\u00f3n hace que parezca poco realista. Supongo que ser\u00eda algo m\u00e1s duro de lo que nos propones la peli, pero tambi\u00e9n hay que tener en cuenta que estamos ante un campo de prisioneros no ante uno de concentraci\u00f3n. Y es que el trato que los nazis dieron a los prisioneros americanos nada tiene que ver con lo que pasaba en los campos de exterminio. A\u00fan as\u00ed si alguien con m\u00e1s conocimientos nos lo puede aclarar, encantado de leeros.<\/p>\n\n\n\n<p>Para la m\u00fasica el elegido fue Elmer Bernstein. Un viejo conocido del director ya que hab\u00edan trabajado juntos en Los siete magn\u00edficos. Y aqu\u00ed nos vuelve a dejar una banda sonora m\u00edtica que es muy dif\u00edcil no silbar una vez empieza. Ya hablaremos de \u00e9l en nuestro pr\u00f3ximo podcast, porque tambi\u00e9n es el autor de la banda sonora de El hombre del brazo de oro.<\/p>\n\n\n\n<p>Solo a\u00f1adir que est\u00e1 basada en una historia real, y que sino la hab\u00e9is visto ya est\u00e1is tardando porque es una entretenid\u00edsima pel\u00edcula.<\/p>\n\n\n\n<figure class=\"wp-block-embed is-type-video is-provider-youtube wp-block-embed-youtube wp-embed-aspect-4-3 wp-has-aspect-ratio\"><div class=\"wp-block-embed__wrapper\">\n<iframe loading=\"lazy\" title=\"La gran evasi\u00f3n (A\u00f1o 1963) Trailer\" width=\"800\" height=\"600\" src=\"https:\/\/www.youtube.com\/embed\/9Q1WD6t758Y?feature=oembed\" frameborder=\"0\" allow=\"accelerometer; autoplay; clipboard-write; encrypted-media; gyroscope; picture-in-picture\" allowfullscreen><\/iframe>\n<\/div><\/figure>\n\n\n\n<p><\/p>\n","protected":false},"excerpt":{"rendered":"<p>Nuestra Puntuaci\u00f3n Valoraci\u00f3n de los lectores [Total: 0 Media: 0] T\u00edtulo originalThe Great Escape A\u00f1o1963 Duraci\u00f3n168 min. Pa\u00eds\u00a0Estados Unidos Direcci\u00f3nJohn<\/p>\n","protected":false},"author":2,"featured_media":1924,"comment_status":"open","ping_status":"open","sticky":false,"template":"","format":"standard","meta":{"yasr_overall_rating":3.9,"yasr_post_is_review":"","yasr_auto_insert_disabled":"","yasr_review_type":"","footnotes":""},"categories":[2],"tags":[289,290,10,288,286,287],"class_list":["post-1923","post","type-post","status-publish","format-standard","has-post-thumbnail","hentry","category-criticas","tag-charles-bronson","tag-fuga","tag-ii-guerra-mundial","tag-james-garner","tag-john-sturges","tag-steve-mcqueen"],"yasr_visitor_votes":{"stars_attributes":{"read_only":false,"span_bottom":false},"number_of_votes":0,"sum_votes":0},"_links":{"self":[{"href":"https:\/\/www.cineclubaranjuez.es\/index.php\/wp-json\/wp\/v2\/posts\/1923"}],"collection":[{"href":"https:\/\/www.cineclubaranjuez.es\/index.php\/wp-json\/wp\/v2\/posts"}],"about":[{"href":"https:\/\/www.cineclubaranjuez.es\/index.php\/wp-json\/wp\/v2\/types\/post"}],"author":[{"embeddable":true,"href":"https:\/\/www.cineclubaranjuez.es\/index.php\/wp-json\/wp\/v2\/users\/2"}],"replies":[{"embeddable":true,"href":"https:\/\/www.cineclubaranjuez.es\/index.php\/wp-json\/wp\/v2\/comments?post=1923"}],"version-history":[{"count":1,"href":"https:\/\/www.cineclubaranjuez.es\/index.php\/wp-json\/wp\/v2\/posts\/1923\/revisions"}],"predecessor-version":[{"id":1925,"href":"https:\/\/www.cineclubaranjuez.es\/index.php\/wp-json\/wp\/v2\/posts\/1923\/revisions\/1925"}],"wp:featuredmedia":[{"embeddable":true,"href":"https:\/\/www.cineclubaranjuez.es\/index.php\/wp-json\/wp\/v2\/media\/1924"}],"wp:attachment":[{"href":"https:\/\/www.cineclubaranjuez.es\/index.php\/wp-json\/wp\/v2\/media?parent=1923"}],"wp:term":[{"taxonomy":"category","embeddable":true,"href":"https:\/\/www.cineclubaranjuez.es\/index.php\/wp-json\/wp\/v2\/categories?post=1923"},{"taxonomy":"post_tag","embeddable":true,"href":"https:\/\/www.cineclubaranjuez.es\/index.php\/wp-json\/wp\/v2\/tags?post=1923"}],"curies":[{"name":"wp","href":"https:\/\/api.w.org\/{rel}","templated":true}]}}