{"id":1927,"date":"2021-03-13T12:38:00","date_gmt":"2021-03-13T11:38:00","guid":{"rendered":"https:\/\/www.cineclubaranjuez.es\/?p=1927"},"modified":"2021-03-12T13:13:39","modified_gmt":"2021-03-12T12:13:39","slug":"akelarre","status":"publish","type":"post","link":"https:\/\/www.cineclubaranjuez.es\/index.php\/2021\/03\/13\/akelarre\/","title":{"rendered":"Akelarre"},"content":{"rendered":"<div style='text-align:left' class='yasr-auto-insert-overall'><!--Yasr Overall Rating Shortcode--><div class='yasr-custom-text-before-overall' id='yasr-custom-text-before-overall'>Nuestra Puntuaci\u00f3n<\/div><div class=\"yasr-overall-rating\"><div class=' yasr-rater-stars'\n                           id='yasr-overall-rating-rater-781a96f2b9c0b'\n                           data-rating='2.9'\n                           data-rater-starsize='32'>\n                       <\/div><\/div><!--End Yasr Overall Rating Shortcode--><\/div><div style='text-align:left' class='yasr-auto-insert-visitor'><!--Yasr Visitor Votes Shortcode--><div id='yasr_visitor_votes_cf7bb8591a263' class='yasr-visitor-votes'><div class=\"yasr-custom-text-vv-before yasr-custom-text-vv-before-1927\">Valoraci\u00f3n de los lectores<\/div><div id='yasr-vv-second-row-container-cf7bb8591a263'\n                                        class='yasr-vv-second-row-container'><div id='yasr-visitor-votes-rater-cf7bb8591a263'\n                                      class='yasr-rater-stars-vv'\n                                      data-rater-postid='1927'\n                                      data-rating='0'\n                                      data-rater-starsize='32'\n                                      data-rater-readonly='false'\n                                      data-rater-nonce='bee0312318'\n                                      data-issingular='false'\n                                    ><\/div><div class=\"yasr-vv-stats-text-container\" id=\"yasr-vv-stats-text-container-cf7bb8591a263\"><svg xmlns=\"https:\/\/www.w3.org\/2000\/svg\" width=\"20\" height=\"20\"\n                                   class=\"yasr-dashicons-visitor-stats\"\n                                   data-postid=\"1927\"\n                                   id=\"yasr-stats-dashicon-cf7bb8591a263\">\n                                   <path d=\"M18 18v-16h-4v16h4zM12 18v-11h-4v11h4zM6 18v-8h-4v8h4z\"><\/path>\n                               <\/svg><span id=\"yasr-vv-text-container-cf7bb8591a263\" class=\"yasr-vv-text-container\">[Total: <span id=\"yasr-vv-votes-number-container-cf7bb8591a263\">0<\/span>  Media: <span id=\"yasr-vv-average-container-cf7bb8591a263\">0<\/span>]<\/span><\/div><div id='yasr-vv-loader-cf7bb8591a263' class='yasr-vv-container-loader'><\/div><\/div><div id='yasr-vv-bottom-container-cf7bb8591a263' class='yasr-vv-bottom-container'><\/div><\/div><!--End Yasr Visitor Votes Shortcode--><\/div>\n<p>T\u00edtulo originalAkelarre<\/p>\n\n\n\n<p>A\u00f1o2020<\/p>\n\n\n\n<p>Duraci\u00f3n90 min.<\/p>\n\n\n\n<p>Pa\u00eds<img decoding=\"async\" src=\"https:\/\/www.filmaffinity.com\/imgs\/countries2\/ES.png\" alt=\"Espa\u00f1a\">\u00a0Espa\u00f1a<\/p>\n\n\n\n<p>Direcci\u00f3n<a href=\"https:\/\/www.filmaffinity.com\/es\/search.php?stype=director&amp;sn&amp;stext=Pablo%20Ag%C3%BCero\">Pablo Ag\u00fcero<\/a><\/p>\n\n\n\n<p>GuionPablo Ag\u00fcero,\u00a0Katell Guillou<\/p>\n\n\n\n<p>M\u00fasicaMaite Arrotajauregi,\u00a0Ar\u00e1nzazu Calleja<\/p>\n\n\n\n<p>Fotograf\u00edaJavier Agirre Erauso<\/p>\n\n\n\n<p>Reparto<a href=\"https:\/\/www.filmaffinity.com\/es\/search.php?stype=cast&amp;sn&amp;stext=Amaia%20Aberasturi\">Amaia Aberasturi<\/a>,\u00a0<a href=\"https:\/\/www.filmaffinity.com\/es\/search.php?stype=cast&amp;sn&amp;stext=%C3%80lex%20Brendem%C3%BChl\">\u00c0lex Brendem\u00fchl<\/a>,\u00a0<a href=\"https:\/\/www.filmaffinity.com\/es\/search.php?stype=cast&amp;sn&amp;stext=Daniel%20Fanego\">Daniel Fanego<\/a>,\u00a0<a href=\"https:\/\/www.filmaffinity.com\/es\/search.php?stype=cast&amp;sn&amp;stext=Jone%20Laspiur\">Jone Laspiur<\/a>,\u00a0<a href=\"https:\/\/www.filmaffinity.com\/es\/search.php?stype=cast&amp;sn&amp;stext=Daniel%20Chamorro\">Daniel Chamorro<\/a>,\u00a0<a href=\"https:\/\/www.filmaffinity.com\/es\/search.php?stype=cast&amp;sn&amp;stext=I%C3%B1igo%20de%20la%20Iglesia\">I\u00f1igo de la Iglesia<\/a>,\u00a0<a href=\"https:\/\/www.filmaffinity.com\/es\/search.php?stype=cast&amp;sn&amp;stext=Yune%20Nogueiras\">Yune Nogueiras<\/a>,\u00a0<a href=\"https:\/\/www.filmaffinity.com\/es\/search.php?stype=cast&amp;sn&amp;stext=Elena%20Uriz\">Elena Uriz<\/a>,\u00a0<a href=\"https:\/\/www.filmaffinity.com\/es\/search.php?stype=cast&amp;sn&amp;stext=Asier%20Oruesagasti\">Asier Oruesagasti<\/a>,\u00a0<a href=\"https:\/\/www.filmaffinity.com\/es\/search.php?stype=cast&amp;sn&amp;stext=Garazi%20Urkola\">Garazi Urkola<\/a>,\u00a0<a href=\"https:\/\/www.filmaffinity.com\/es\/search.php?stype=cast&amp;sn&amp;stext=Irati%20Saez%20de%20Urabain\">Irati Saez de Urabain<\/a>,\u00a0<a href=\"https:\/\/www.filmaffinity.com\/es\/search.php?stype=cast&amp;sn&amp;stext=Lorea%20Ibarra\">Lorea Ibarra<\/a><\/p>\n\n\n\n<p>ProductoraCo-production Espa\u00f1a-Argentina-Francia;\u00a0Sorgin Films,\u00a0Tita Productions,\u00a0Kowalski Films,\u00a0Lamia Producciones,\u00a0La Fid\u00e8le Production<\/p>\n\n\n\n<p>G\u00e9nero<a href=\"https:\/\/www.filmaffinity.com\/es\/moviegenre.php?genre=DR&amp;attr=rat_count&amp;nodoc\">Drama<\/a>\u00a0|\u00a0<a href=\"https:\/\/www.filmaffinity.com\/es\/movietopic.php?topic=524985&amp;attr=rat_count&amp;nodoc\">Siglo XVII<\/a>.\u00a0<a href=\"https:\/\/www.filmaffinity.com\/es\/movietopic.php?topic=946896&amp;attr=rat_count&amp;nodoc\">Brujer\u00eda<\/a><\/p>\n\n\n\n<p>SinopsisPa\u00eds Vasco, 1609. Los hombres de la regi\u00f3n se han ido a la mar. Ana participa en una fiesta en el bosque con otras chicas de la aldea. El juez Rostegui, encomendado por el Rey para purificar la regi\u00f3n, las hace arrestar y las acusa de brujer\u00eda. Decide hacer lo necesario para que confiesen lo que saben sobre el akelarre, ceremonia m\u00e1gica durante la cual supuestamente el Diablo inicia a sus servidoras y se aparea con ellas. (FILMAFFINITY)<\/p>\n\n\n\n<p>Premios<a href=\"https:\/\/www.filmaffinity.com\/es\/awards.php?award_id=goya&amp;year=2021\">2020<\/a>: Premios Goya: Mejor m\u00fasica, vestuario, maquillaje, dir. art\u00edstica y ef. especiales<a href=\"https:\/\/www.filmaffinity.com\/es\/awards.php?award_id=feroz&amp;year=2021\">2020<\/a>: Premios Feroz: 6 nominaciones, incluyendo Mejor pel\u00edcula<a href=\"https:\/\/www.filmaffinity.com\/es\/awards.php?award_id=ss&amp;year=2020\">2020<\/a>: Festival de San Sebasti\u00e1n: Secci\u00f3n oficial largometrajes a concurso<a href=\"https:\/\/www.filmaffinity.com\/es\/awards.php?award_id=forque&amp;year=2021\">2020<\/a>: Premios Forqu\u00e9: Nominada a Mejor pel\u00edcula<\/p>\n\n\n\n<p>Opini\u00f3n: Hoy llega a nuestra p\u00e1gina la cr\u00edtica de la pel\u00edcula que m\u00e1s Goyas ha ganado en esta edici\u00f3n. Aunque es verdad que no ha conseguido ninguno de los premios principales, tambi\u00e9n tiene su m\u00e9rito.<\/p>\n\n\n\n<p>Estamos en el Pa\u00eds Vasco a principios del Siglo XVII. El juez Rostegui va por toda la regi\u00f3n en una caza de brujas. Van deteniendo a mujeres, y las queman acus\u00e1ndolas de brujer\u00eda. Adem\u00e1s est\u00e1n intentando saber c\u00f3mo es el Sabath de las brujas. Una especie de ceremonia m\u00e1gica en la que se baila, se canta y se invoca al Diablo para que inicie a sus servidoras y se aparee con ellas.<\/p>\n\n\n\n<p>Una vez terminado su trabajo en el interior del Pa\u00eds Vasco, van a los pueblos pesqueros. Y es aqu\u00ed donde detienen a 6 chicas acus\u00e1ndolas de brujer\u00eda e intentando sonsacarlas como es el Sabath.<\/p>\n\n\n\n<p>Acabo de ver la peli y tengo un sentimiento encontrado. Por un lado me ha parecido muy original, tratando el tema desde el punto de vista femenino. El de las chicas que eran injustamente acusadas de brujer\u00eda y eran torturadas hasta que confesaban y luego quemadas vivas. Por otro lado hay partes que se me han hecho muy raras, y no he terminado de entrar en la historia.<\/p>\n\n\n\n<p>A la peli le cuesta arrancar, y que m\u00e1s de la mitad de la peli sea en Euskera hace que tardes un poco en entrar en ella. Al menos para m\u00ed, que no estoy acostumbrado a ver las pelis en VOS.<\/p>\n\n\n\n<p>Me han llamado la atenci\u00f3n las actuaciones de dos de las chicas. La que lleva el peso m\u00e1s importante de la peli, a pesar de ser muy coral, es Amaia Aberasturi. Me ha parecido una gran actuaci\u00f3n, recompensada m\u00e1s que merecidamente con una nominaci\u00f3n a los Goya. Ha hecho un par de pelis anteriores y ha participado en alguna serie como Cu\u00e9ntame como pas\u00f3 o V\u00edctor Ros. Y tambi\u00e9n destacable el de la chica m\u00e1s joven, Garazi Urkola que a m\u00ed me ha parecido bastante llamativo. Y muy destacable la actuaci\u00f3n de Alex Brendem\u00fchl, en el papel del juez Rostegui.<\/p>\n\n\n\n<p>Tambi\u00e9n me ha llamado mucho la atenci\u00f3n el \u00faltimo tercio de la pel\u00edcula, creo que tan llamativo como dif\u00edcil de rodar. No os cuento nada porque merece la pena verlo, ya me contar\u00e9is vuestras opiniones.<\/p>\n\n\n\n<p>Una peli interesante por lo original, aunque se queda lejos en mi opini\u00f3n de las mejores pelis espa\u00f1olas de los \u00faltimos tiempos. A\u00fan as\u00ed, pod\u00e9is echarle un ojo, adem\u00e1s la ten\u00e9is en Netflix.<\/p>\n\n\n\n<figure class=\"wp-block-embed is-type-video is-provider-youtube wp-block-embed-youtube wp-embed-aspect-16-9 wp-has-aspect-ratio\"><div class=\"wp-block-embed__wrapper\">\n<iframe loading=\"lazy\" title=\"Akelarre | Tr\u00e1iler oficial | Avalon\" width=\"800\" height=\"450\" src=\"https:\/\/www.youtube.com\/embed\/RMl4bKHKu3M?feature=oembed\" frameborder=\"0\" allow=\"accelerometer; autoplay; clipboard-write; encrypted-media; gyroscope; picture-in-picture\" allowfullscreen><\/iframe>\n<\/div><\/figure>\n","protected":false},"excerpt":{"rendered":"<p>Nuestra Puntuaci\u00f3n Valoraci\u00f3n de los lectores [Total: 0 Media: 0] T\u00edtulo originalAkelarre A\u00f1o2020 Duraci\u00f3n90 min. Pa\u00eds\u00a0Espa\u00f1a Direcci\u00f3nPablo Ag\u00fcero GuionPablo Ag\u00fcero,\u00a0Katell<\/p>\n","protected":false},"author":2,"featured_media":1928,"comment_status":"open","ping_status":"open","sticky":false,"template":"","format":"standard","meta":{"yasr_overall_rating":2.9,"yasr_post_is_review":"","yasr_auto_insert_disabled":"","yasr_review_type":"","footnotes":""},"categories":[2],"tags":[291,45,295,293,294,292],"class_list":["post-1927","post","type-post","status-publish","format-standard","has-post-thumbnail","hentry","category-criticas","tag-amaia-aberasturi","tag-brujas","tag-goyas","tag-pablo-aguero","tag-siglo-xvii","tag-yune-nogueiras"],"yasr_visitor_votes":{"stars_attributes":{"read_only":false,"span_bottom":false},"number_of_votes":0,"sum_votes":0},"_links":{"self":[{"href":"https:\/\/www.cineclubaranjuez.es\/index.php\/wp-json\/wp\/v2\/posts\/1927"}],"collection":[{"href":"https:\/\/www.cineclubaranjuez.es\/index.php\/wp-json\/wp\/v2\/posts"}],"about":[{"href":"https:\/\/www.cineclubaranjuez.es\/index.php\/wp-json\/wp\/v2\/types\/post"}],"author":[{"embeddable":true,"href":"https:\/\/www.cineclubaranjuez.es\/index.php\/wp-json\/wp\/v2\/users\/2"}],"replies":[{"embeddable":true,"href":"https:\/\/www.cineclubaranjuez.es\/index.php\/wp-json\/wp\/v2\/comments?post=1927"}],"version-history":[{"count":1,"href":"https:\/\/www.cineclubaranjuez.es\/index.php\/wp-json\/wp\/v2\/posts\/1927\/revisions"}],"predecessor-version":[{"id":1929,"href":"https:\/\/www.cineclubaranjuez.es\/index.php\/wp-json\/wp\/v2\/posts\/1927\/revisions\/1929"}],"wp:featuredmedia":[{"embeddable":true,"href":"https:\/\/www.cineclubaranjuez.es\/index.php\/wp-json\/wp\/v2\/media\/1928"}],"wp:attachment":[{"href":"https:\/\/www.cineclubaranjuez.es\/index.php\/wp-json\/wp\/v2\/media?parent=1927"}],"wp:term":[{"taxonomy":"category","embeddable":true,"href":"https:\/\/www.cineclubaranjuez.es\/index.php\/wp-json\/wp\/v2\/categories?post=1927"},{"taxonomy":"post_tag","embeddable":true,"href":"https:\/\/www.cineclubaranjuez.es\/index.php\/wp-json\/wp\/v2\/tags?post=1927"}],"curies":[{"name":"wp","href":"https:\/\/api.w.org\/{rel}","templated":true}]}}