{"id":1946,"date":"2021-03-22T10:42:00","date_gmt":"2021-03-22T09:42:00","guid":{"rendered":"https:\/\/www.cineclubaranjuez.es\/?p=1946"},"modified":"2021-03-21T20:13:17","modified_gmt":"2021-03-21T19:13:17","slug":"una-bolsa-de-canicas","status":"publish","type":"post","link":"https:\/\/www.cineclubaranjuez.es\/index.php\/2021\/03\/22\/una-bolsa-de-canicas\/","title":{"rendered":"Una bolsa de canicas"},"content":{"rendered":"<div style='text-align:left' class='yasr-auto-insert-overall'><!--Yasr Overall Rating Shortcode--><div class='yasr-custom-text-before-overall' id='yasr-custom-text-before-overall'>Nuestra Puntuaci\u00f3n<\/div><div class=\"yasr-overall-rating\"><div class=' yasr-rater-stars'\n                           id='yasr-overall-rating-rater-7adb60697fd3a'\n                           data-rating='3.2'\n                           data-rater-starsize='32'>\n                       <\/div><\/div><!--End Yasr Overall Rating Shortcode--><\/div><div style='text-align:left' class='yasr-auto-insert-visitor'><!--Yasr Visitor Votes Shortcode--><div id='yasr_visitor_votes_3d6b77f49966a' class='yasr-visitor-votes'><div class=\"yasr-custom-text-vv-before yasr-custom-text-vv-before-1946\">Valoraci\u00f3n de los lectores<\/div><div id='yasr-vv-second-row-container-3d6b77f49966a'\n                                        class='yasr-vv-second-row-container'><div id='yasr-visitor-votes-rater-3d6b77f49966a'\n                                      class='yasr-rater-stars-vv'\n                                      data-rater-postid='1946'\n                                      data-rating='0'\n                                      data-rater-starsize='32'\n                                      data-rater-readonly='false'\n                                      data-rater-nonce='a0461da677'\n                                      data-issingular='false'\n                                    ><\/div><div class=\"yasr-vv-stats-text-container\" id=\"yasr-vv-stats-text-container-3d6b77f49966a\"><svg xmlns=\"https:\/\/www.w3.org\/2000\/svg\" width=\"20\" height=\"20\"\n                                   class=\"yasr-dashicons-visitor-stats\"\n                                   data-postid=\"1946\"\n                                   id=\"yasr-stats-dashicon-3d6b77f49966a\">\n                                   <path d=\"M18 18v-16h-4v16h4zM12 18v-11h-4v11h4zM6 18v-8h-4v8h4z\"><\/path>\n                               <\/svg><span id=\"yasr-vv-text-container-3d6b77f49966a\" class=\"yasr-vv-text-container\">[Total: <span id=\"yasr-vv-votes-number-container-3d6b77f49966a\">0<\/span>  Media: <span id=\"yasr-vv-average-container-3d6b77f49966a\">0<\/span>]<\/span><\/div><div id='yasr-vv-loader-3d6b77f49966a' class='yasr-vv-container-loader'><\/div><\/div><div id='yasr-vv-bottom-container-3d6b77f49966a' class='yasr-vv-bottom-container'><\/div><\/div><!--End Yasr Visitor Votes Shortcode--><\/div>\n<p>T\u00edtulo originalUn sac de billes<\/p>\n\n\n\n<p>A\u00f1o2017<\/p>\n\n\n\n<p>Duraci\u00f3n110 min.<\/p>\n\n\n\n<p>Pa\u00eds<img decoding=\"async\" src=\"https:\/\/www.filmaffinity.com\/imgs\/countries2\/FR.png\" alt=\"Francia\">\u00a0Francia<\/p>\n\n\n\n<p>Direcci\u00f3n<a href=\"https:\/\/www.filmaffinity.com\/es\/search.php?stype=director&amp;sn&amp;stext=Christian%20Duguay\">Christian Duguay<\/a><\/p>\n\n\n\n<p>GuionJonathan Allouche,\u00a0Christian Duguay,\u00a0Alexandra Geismar,\u00a0Beno\u00eet Guichard\u00a0(Novela:\u00a0Joseph Joffo)<\/p>\n\n\n\n<p>Fotograf\u00edaChristophe Graillot<\/p>\n\n\n\n<p>Reparto<a href=\"https:\/\/www.filmaffinity.com\/es\/search.php?stype=cast&amp;sn&amp;stext=Dorian%20Le%20Clech\">Dorian Le Clech<\/a>,\u00a0<a href=\"https:\/\/www.filmaffinity.com\/es\/search.php?stype=cast&amp;sn&amp;stext=Batyste%20Fleurial\">Batyste Fleurial<\/a>,\u00a0<a href=\"https:\/\/www.filmaffinity.com\/es\/search.php?stype=cast&amp;sn&amp;stext=Patrick%20Bruel\">Patrick Bruel<\/a>,\u00a0<a href=\"https:\/\/www.filmaffinity.com\/es\/search.php?stype=cast&amp;sn&amp;stext=Elsa%20Zylberstein\">Elsa Zylberstein<\/a>,\u00a0<a href=\"https:\/\/www.filmaffinity.com\/es\/search.php?stype=cast&amp;sn&amp;stext=Christian%20Clavier\">Christian Clavier<\/a>,\u00a0<a href=\"https:\/\/www.filmaffinity.com\/es\/search.php?stype=cast&amp;sn&amp;stext=C%C3%A9sar%20Domboy\">C\u00e9sar Domboy<\/a>,\u00a0<a href=\"https:\/\/www.filmaffinity.com\/es\/search.php?stype=cast&amp;sn&amp;stext=Ilian%20Bergala\">Ilian Bergala<\/a>,\u00a0<a href=\"https:\/\/www.filmaffinity.com\/es\/search.php?stype=cast&amp;sn&amp;stext=Kev%20Adams\">Kev Adams<\/a>,\u00a0<a href=\"https:\/\/www.filmaffinity.com\/es\/search.php?stype=cast&amp;sn&amp;stext=Lucas%20Prisor\">Lucas Prisor<\/a>,\u00a0<a href=\"https:\/\/www.filmaffinity.com\/es\/search.php?stype=cast&amp;sn&amp;stext=Bernard%20Campan\">Bernard Campan<\/a><\/p>\n\n\n\n<p>ProductoraQuad Productions,\u00a0Main Journey,\u00a0Forecast Pictures,\u00a0Gaumont,\u00a0Okko Productions<\/p>\n\n\n\n<p>G\u00e9nero<a href=\"https:\/\/www.filmaffinity.com\/es\/moviegenre.php?genre=DR&amp;attr=rat_count&amp;nodoc\">Drama<\/a>\u00a0|\u00a0<a href=\"https:\/\/www.filmaffinity.com\/es\/movietopic.php?topic=664233&amp;attr=rat_count&amp;nodoc\">II Guerra Mundial<\/a>.\u00a0<a href=\"https:\/\/www.filmaffinity.com\/es\/movietopic.php?topic=595210&amp;attr=rat_count&amp;nodoc\">Nazismo<\/a>.\u00a0<a href=\"https:\/\/www.filmaffinity.com\/es\/movietopic.php?topic=103053&amp;attr=rat_count&amp;nodoc\">Holocausto<\/a>.\u00a0<a href=\"https:\/\/www.filmaffinity.com\/es\/movietopic.php?topic=279137&amp;attr=rat_count&amp;nodoc\">Familia<\/a><\/p>\n\n\n\n<p>SinopsisSegunda Guerra Mundial. Maurice y Joseph son dos j\u00f3venes hermanos jud\u00edos que viven en la Francia ocupada por los nazis. Para salvarse, deber\u00e1n abandonar a su familia. Haciendo muestra de una gran astucia, coraje e ingenio para sortear a los invasores enemigos, los dos hermanos intentar\u00e1n reunir a toda su familia de nuevo en la zona libre del sur de Francia. (FILMAFFINITY)<\/p>\n\n\n\n<p>Opini\u00f3n: No hab\u00eda o\u00eddo nada de este pel\u00edcula, y decid\u00ed verla por la sinopsis. Y es que es un tema que me atrae mucho, aunque sea una historia m\u00e1s de las muchas que hubo durante esta triste \u00e9poca.<\/p>\n\n\n\n<p>Durante la ocupaci\u00f3n nazi de Francia, una familia tiene que huir de Par\u00eds donde viven y tienen una peluquer\u00eda, debido a que son jud\u00edos y su futuro est\u00e1 bastante complicado debido a las deportaciones a los campos de concentraci\u00f3n. As\u00ed que deciden huir pero por separado, para as\u00ed tener m\u00e1s oportunidades de conseguirlo. <\/p>\n\n\n\n<p>La peli se centra en las aventuras que les pasan a los hijos m\u00e1s j\u00f3venes de la familia. Ellos huyen solos, y pasar\u00e1n por un millar de avatares antes de conseguir su objetivo y el de millones de jud\u00edos en esta \u00e9poca: sobrevivir.<\/p>\n\n\n\n<p>En mi opini\u00f3n no es la mejor peli sobre este tema. Pelis como La lista de Schindler o La vida es bella est\u00e1n muy por encima, pero es interesante el punto de vista infantil desde el que nos muestran el conflicto. Con los miedos, la inocencia y la prematura madurez que alcanzan los protagonistas.<\/p>\n\n\n\n<p>Me sobra un poco algunos momentos con m\u00fasica tristona buscando la l\u00e1grima f\u00e1cil que creo que la peli no necesita ni le sienta bien. Pero como siempre, esto solo es una opini\u00f3n personal. <\/p>\n\n\n\n<p>La peli est\u00e1 basada en una historia real, de hecho es una adaptaci\u00f3n de un libro escrito por uno de los dos hermanos protagonistas. Como dec\u00eda al principio una de las millones de historias que hubo durante este per\u00edodo. Por desgracia no todos tuvieron la fortuna de poder sobrevivir y contar su historia. Y por suerte, tenemos el testimonio de algunos de los que s\u00ed lo hicieron. Espero que sirva de advertencia para el ascenso de la extrema derecha. Aunque sinceramente, lo dudo.<\/p>\n\n\n\n<p>Para m\u00ed lo mejor de la peli son los ni\u00f1os protagonistas. Muy buena interpretaci\u00f3n de ambos, siempre movi\u00e9ndose por el drama pero con positividad. Y lo peor aparte de alguna escena buscando la lagrimita, toda la parte de la detenci\u00f3n de los chavales. A pesar de estar basada en una historia real, a mi no me lo parece. Habr\u00e1 que leer el libro para saber si es real o se lo han sacado de la manga.<\/p>\n\n\n\n<p>Sin m\u00e1s que a\u00f1adir, os recomiendo que la ve\u00e1is y nos dej\u00e9is vuestra opini\u00f3n.<\/p>\n\n\n\n<figure class=\"wp-block-embed is-type-video is-provider-youtube wp-block-embed-youtube wp-embed-aspect-16-9 wp-has-aspect-ratio\"><div class=\"wp-block-embed__wrapper\">\n<iframe loading=\"lazy\" title=\"Una bolsa de canicas - Trailer espa\u00f1ol (HD)\" width=\"800\" height=\"450\" src=\"https:\/\/www.youtube.com\/embed\/vJ-4BkkEdUY?feature=oembed\" frameborder=\"0\" allow=\"accelerometer; autoplay; clipboard-write; encrypted-media; gyroscope; picture-in-picture\" allowfullscreen><\/iframe>\n<\/div><\/figure>\n","protected":false},"excerpt":{"rendered":"<p>Nuestra Puntuaci\u00f3n Valoraci\u00f3n de los lectores [Total: 0 Media: 0] T\u00edtulo originalUn sac de billes A\u00f1o2017 Duraci\u00f3n110 min. Pa\u00eds\u00a0Francia Direcci\u00f3nChristian<\/p>\n","protected":false},"author":2,"featured_media":1947,"comment_status":"open","ping_status":"open","sticky":false,"template":"","format":"standard","meta":{"yasr_overall_rating":3.2,"yasr_post_is_review":"","yasr_auto_insert_disabled":"","yasr_review_type":"","footnotes":""},"categories":[2],"tags":[313,312,310,311],"class_list":["post-1946","post","type-post","status-publish","format-standard","has-post-thumbnail","hentry","category-criticas","tag-batyste-fleurial","tag-christian-duguay","tag-dorian-le-clech","tag-segunda-guerra-mundial"],"yasr_visitor_votes":{"stars_attributes":{"read_only":false,"span_bottom":false},"number_of_votes":0,"sum_votes":0},"_links":{"self":[{"href":"https:\/\/www.cineclubaranjuez.es\/index.php\/wp-json\/wp\/v2\/posts\/1946"}],"collection":[{"href":"https:\/\/www.cineclubaranjuez.es\/index.php\/wp-json\/wp\/v2\/posts"}],"about":[{"href":"https:\/\/www.cineclubaranjuez.es\/index.php\/wp-json\/wp\/v2\/types\/post"}],"author":[{"embeddable":true,"href":"https:\/\/www.cineclubaranjuez.es\/index.php\/wp-json\/wp\/v2\/users\/2"}],"replies":[{"embeddable":true,"href":"https:\/\/www.cineclubaranjuez.es\/index.php\/wp-json\/wp\/v2\/comments?post=1946"}],"version-history":[{"count":1,"href":"https:\/\/www.cineclubaranjuez.es\/index.php\/wp-json\/wp\/v2\/posts\/1946\/revisions"}],"predecessor-version":[{"id":1948,"href":"https:\/\/www.cineclubaranjuez.es\/index.php\/wp-json\/wp\/v2\/posts\/1946\/revisions\/1948"}],"wp:featuredmedia":[{"embeddable":true,"href":"https:\/\/www.cineclubaranjuez.es\/index.php\/wp-json\/wp\/v2\/media\/1947"}],"wp:attachment":[{"href":"https:\/\/www.cineclubaranjuez.es\/index.php\/wp-json\/wp\/v2\/media?parent=1946"}],"wp:term":[{"taxonomy":"category","embeddable":true,"href":"https:\/\/www.cineclubaranjuez.es\/index.php\/wp-json\/wp\/v2\/categories?post=1946"},{"taxonomy":"post_tag","embeddable":true,"href":"https:\/\/www.cineclubaranjuez.es\/index.php\/wp-json\/wp\/v2\/tags?post=1946"}],"curies":[{"name":"wp","href":"https:\/\/api.w.org\/{rel}","templated":true}]}}