{"id":1955,"date":"2021-03-28T15:01:06","date_gmt":"2021-03-28T13:01:06","guid":{"rendered":"https:\/\/www.cineclubaranjuez.es\/?p=1955"},"modified":"2021-03-28T15:01:08","modified_gmt":"2021-03-28T13:01:08","slug":"arrugas","status":"publish","type":"post","link":"https:\/\/www.cineclubaranjuez.es\/index.php\/2021\/03\/28\/arrugas\/","title":{"rendered":"Arrugas"},"content":{"rendered":"<div style='text-align:left' class='yasr-auto-insert-overall'><!--Yasr Overall Rating Shortcode--><div class='yasr-custom-text-before-overall' id='yasr-custom-text-before-overall'>Nuestra Puntuaci\u00f3n<\/div><div class=\"yasr-overall-rating\"><div class=' yasr-rater-stars'\n                           id='yasr-overall-rating-rater-df1b2669039f8'\n                           data-rating='4'\n                           data-rater-starsize='32'>\n                       <\/div><\/div><!--End Yasr Overall Rating Shortcode--><\/div><div style='text-align:left' class='yasr-auto-insert-visitor'><!--Yasr Visitor Votes Shortcode--><div id='yasr_visitor_votes_2680b650f39d9' class='yasr-visitor-votes'><div class=\"yasr-custom-text-vv-before yasr-custom-text-vv-before-1955\">Valoraci\u00f3n de los lectores<\/div><div id='yasr-vv-second-row-container-2680b650f39d9'\n                                        class='yasr-vv-second-row-container'><div id='yasr-visitor-votes-rater-2680b650f39d9'\n                                      class='yasr-rater-stars-vv'\n                                      data-rater-postid='1955'\n                                      data-rating='0'\n                                      data-rater-starsize='32'\n                                      data-rater-readonly='false'\n                                      data-rater-nonce='b25d7f2148'\n                                      data-issingular='false'\n                                    ><\/div><div class=\"yasr-vv-stats-text-container\" id=\"yasr-vv-stats-text-container-2680b650f39d9\"><svg xmlns=\"https:\/\/www.w3.org\/2000\/svg\" width=\"20\" height=\"20\"\n                                   class=\"yasr-dashicons-visitor-stats\"\n                                   data-postid=\"1955\"\n                                   id=\"yasr-stats-dashicon-2680b650f39d9\">\n                                   <path d=\"M18 18v-16h-4v16h4zM12 18v-11h-4v11h4zM6 18v-8h-4v8h4z\"><\/path>\n                               <\/svg><span id=\"yasr-vv-text-container-2680b650f39d9\" class=\"yasr-vv-text-container\">[Total: <span id=\"yasr-vv-votes-number-container-2680b650f39d9\">0<\/span>  Media: <span id=\"yasr-vv-average-container-2680b650f39d9\">0<\/span>]<\/span><\/div><div id='yasr-vv-loader-2680b650f39d9' class='yasr-vv-container-loader'><\/div><\/div><div id='yasr-vv-bottom-container-2680b650f39d9' class='yasr-vv-bottom-container'><\/div><\/div><!--End Yasr Visitor Votes Shortcode--><\/div>\n<p>T\u00edtulo originalArrugas<\/p>\n\n\n\n<p>A\u00f1o2011<\/p>\n\n\n\n<p>Duraci\u00f3n80 min.<\/p>\n\n\n\n<p>Pa\u00eds<img decoding=\"async\" src=\"https:\/\/www.filmaffinity.com\/imgs\/countries2\/ES.png\" alt=\"Espa\u00f1a\">\u00a0Espa\u00f1a<\/p>\n\n\n\n<p>Direcci\u00f3n<a href=\"https:\/\/www.filmaffinity.com\/es\/search.php?stype=director&amp;sn&amp;stext=Ignacio%20Ferreras\">Ignacio Ferreras<\/a><\/p>\n\n\n\n<p>Guion\u00c1ngel de la Cruz,\u00a0Paco Roca,\u00a0Ignacio Ferreras,\u00a0Rosanna Cecchini\u00a0(C\u00f3mic:\u00a0Paco Roca)<\/p>\n\n\n\n<p>M\u00fasicaNani Garc\u00eda<\/p>\n\n\n\n<p>Fotograf\u00edaAnimaci\u00f3n<\/p>\n\n\n\n<p>RepartoAnimaci\u00f3n<\/p>\n\n\n\n<p>ProductoraPerro Verde Films,\u00a0Cromosoma TV produccions<\/p>\n\n\n\n<p>G\u00e9nero<a href=\"https:\/\/www.filmaffinity.com\/es\/moviegenre.php?genre=AN&amp;attr=rat_count&amp;nodoc\">Animaci\u00f3n<\/a>.\u00a0<a href=\"https:\/\/www.filmaffinity.com\/es\/moviegenre.php?genre=DR&amp;attr=rat_count&amp;nodoc\">Drama<\/a>.\u00a0<a href=\"https:\/\/www.filmaffinity.com\/es\/moviegenre.php?genre=CO&amp;attr=rat_count&amp;nodoc\">Comedia<\/a>\u00a0|\u00a0<a href=\"https:\/\/www.filmaffinity.com\/es\/movietopic.php?topic=446953&amp;attr=rat_count&amp;nodoc\">Alzheimer<\/a>.\u00a0<a href=\"https:\/\/www.filmaffinity.com\/es\/movietopic.php?topic=244289&amp;attr=rat_count&amp;nodoc\">Vejez\/Madurez<\/a>.\u00a0<a href=\"https:\/\/www.filmaffinity.com\/es\/movietopic.php?topic=279137&amp;attr=rat_count&amp;nodoc\">Familia<\/a>.\u00a0<a href=\"https:\/\/www.filmaffinity.com\/es\/movietopic.php?topic=407014&amp;attr=rat_count&amp;nodoc\">Discapacidad<\/a>.\u00a0<a href=\"https:\/\/www.filmaffinity.com\/es\/movietopic.php?topic=521556&amp;attr=rat_count&amp;nodoc\">Amistad<\/a>.\u00a0<a href=\"https:\/\/www.filmaffinity.com\/es\/movietopic.php?topic=470842&amp;attr=rat_count&amp;nodoc\">Animaci\u00f3n para adultos<\/a>.\u00a0<a href=\"https:\/\/www.filmaffinity.com\/es\/movietopic.php?topic=899776&amp;attr=rat_count&amp;nodoc\">Comedia dram\u00e1tica<\/a>.\u00a0<a href=\"https:\/\/www.filmaffinity.com\/es\/movietopic.php?topic=725819&amp;attr=rat_count&amp;nodoc\">C\u00f3mic<\/a>.\u00a0<a href=\"https:\/\/www.filmaffinity.com\/es\/movietopic.php?topic=650611&amp;attr=rat_count&amp;nodoc\">Drama social<\/a>Links<a rel=\"noreferrer noopener\" target=\"_BLANK\" href=\"https:\/\/es.wikipedia.org\/wiki\/Arrugas_(pel%C3%ADcula)\">https:\/\/es.wikipedia.org\/wiki\/Arrugas_(pel%C3%ADcula)<\/a><\/p>\n\n\n\n<p>SinopsisEmilio y Miguel, dos ancianos recluidos en un geri\u00e1trico se hacen amigos. Emilio, que padece un principio de Alzheimer, cuenta inmediatamente con la ayuda de Miguel y otros compa\u00f1eros que tratar\u00e1n de evitar que vaya a parar a la planta de los desahuciados. Su disparatado plan ti\u00f1e de humor y ternura el tedioso d\u00eda a d\u00eda de la residencia, pues para ellos acaba de empezar una nueva vida. Largometraje de animaci\u00f3n 2D para adultos, basado en el c\u00f3mic hom\u00f3nimo de Paco Roca (Premio Nacional de C\u00f3mic 2008). (FILMAFFINITY)<\/p>\n\n\n\n<p>Premios<a href=\"https:\/\/www.filmaffinity.com\/es\/awards.php?award_id=european&amp;year=2012\">2012<\/a>: Premios del Cine Europeo: Nominada a Mejor pel\u00edcula de animaci\u00f3n<a href=\"https:\/\/www.filmaffinity.com\/es\/awards.php?award_id=annecy&amp;year=2012\">2012<\/a>: Festival de Annecy: Distinci\u00f3n especial (2\u00ba mejor largometraje)<a href=\"https:\/\/www.filmaffinity.com\/es\/awards.php?award_id=goya&amp;year=2012\">2011<\/a>: 2 Premios Goya: Mejor pel\u00edcula de animaci\u00f3n y mejor gui\u00f3n adaptado<a href=\"https:\/\/www.filmaffinity.com\/es\/awards.php?award_id=annie&amp;year=2012\">2011<\/a>: Premios Annie: Nominada a Mejor pel\u00edcula<a href=\"https:\/\/www.filmaffinity.com\/es\/awards.php?award_id=gaudi&amp;year=2012\">2011<\/a>: Premios Gaud\u00ed: Nominada a Mejor pel\u00edcula de animaci\u00f3n<a href=\"https:\/\/www.filmaffinity.com\/es\/awards.php?award_id=satellite&amp;year=2014\">2014<\/a>: Satellite Awards: Nominada a Mejor largometraje animaci\u00f3n<\/p>\n\n\n\n<p>Opini\u00f3n: Hoy os traigo una peli de animaci\u00f3n, pero de una animaci\u00f3n muy adulta. Y es una de esas pel\u00edculas que te deja mucho tiempo pensando en qu\u00e9 has visto, y por supuesto te deja con una lagrimita en el ojo.<\/p>\n\n\n\n<p>Todo comienza cuando a Emilio, un hombre mayor que vive con su hijo y con su nuera, comienza a tener s\u00edntomas de Alzheimer. Llega un momento que ante la imposibilidad de poder seguir cuid\u00e1ndole el hijo decide llevarle a una residencia. All\u00ed conoce a Miguel, un argentino que se encargar\u00e1 de ir ense\u00f1\u00e1ndole toda la residencia y a la gente que vive all\u00ed.<\/p>\n\n\n\n<p>Mientras Emilio es un buen hombre cuyo gran sue\u00f1o es poder ba\u00f1arse en la piscina de la residencia, Miguel es un tipo que se aprovecha del mal estado mental de muchos de los residentes para sacarles la pasta. <\/p>\n\n\n\n<p>Poco a poco vas entrando en el mundo de esta residencia, y conociendo a todos los ancianos que habitan. Y poco a poco se va viendo el cada vez mayor deterioro de Emilio, a pesar de los esfuerzos que \u00e9l y Miguel hacen para evitar que le suban a la temida planta de asistidos.<\/p>\n\n\n\n<p>La peli nos muestra lo que a todos nos espera en un futuro, si es que llegamos, y es es deterioro f\u00edsico y mental que tanto nos aterra. Pero a veces es a\u00fan mucho m\u00e1s duro ver como tu familia ya casi no se acuerda de ti y terminas siendo m\u00e1s un estorbo que un ser querido.<\/p>\n\n\n\n<p>Realista y muy dura, pero a la vez nos deja tambi\u00e9n un mensaje muy positivo. Y es que hasta nuestros \u00faltimos d\u00edas podemos tener sue\u00f1os, ilusiones, podemos aprender, podemos mejorar, podemos amar y encontrar amigos, y podemos mejorar las vidas de aquellos que est\u00e1n a nuestro alrededor.<\/p>\n\n\n\n<p>Est\u00e1 basada en una novela gr\u00e1fica de Paco Plaza, a la que habr\u00e1 que echar un ojo.<\/p>\n\n\n\n<p>Solo os puedo recomendar que la ve\u00e1is. Eso s\u00ed, no os olvid\u00e9is la caja de pa\u00f1uelos para secaros las lagrimitas que seguramente caer\u00e1n.<\/p>\n\n\n\n<figure class=\"wp-block-embed is-type-video is-provider-youtube wp-block-embed-youtube wp-embed-aspect-16-9 wp-has-aspect-ratio\"><div class=\"wp-block-embed__wrapper\">\n<iframe loading=\"lazy\" title=\"Arrugas - Trailer espa\u00f1ol HD\" width=\"800\" height=\"450\" src=\"https:\/\/www.youtube.com\/embed\/7fAi0P7hHr8?feature=oembed\" frameborder=\"0\" allow=\"accelerometer; autoplay; clipboard-write; encrypted-media; gyroscope; picture-in-picture\" allowfullscreen><\/iframe>\n<\/div><\/figure>\n","protected":false},"excerpt":{"rendered":"<p>Nuestra Puntuaci\u00f3n Valoraci\u00f3n de los lectores [Total: 0 Media: 0] T\u00edtulo originalArrugas A\u00f1o2011 Duraci\u00f3n80 min. Pa\u00eds\u00a0Espa\u00f1a Direcci\u00f3nIgnacio Ferreras Guion\u00c1ngel de<\/p>\n","protected":false},"author":2,"featured_media":1956,"comment_status":"open","ping_status":"open","sticky":false,"template":"","format":"standard","meta":{"yasr_overall_rating":4,"yasr_post_is_review":"","yasr_auto_insert_disabled":"","yasr_review_type":"","footnotes":""},"categories":[2],"tags":[320,318,319,317],"class_list":["post-1955","post","type-post","status-publish","format-standard","has-post-thumbnail","hentry","category-criticas","tag-angel-de-la-cruz","tag-animacion","tag-ignacio-ferreras","tag-paco-plaza"],"yasr_visitor_votes":{"stars_attributes":{"read_only":false,"span_bottom":false},"number_of_votes":0,"sum_votes":0},"_links":{"self":[{"href":"https:\/\/www.cineclubaranjuez.es\/index.php\/wp-json\/wp\/v2\/posts\/1955"}],"collection":[{"href":"https:\/\/www.cineclubaranjuez.es\/index.php\/wp-json\/wp\/v2\/posts"}],"about":[{"href":"https:\/\/www.cineclubaranjuez.es\/index.php\/wp-json\/wp\/v2\/types\/post"}],"author":[{"embeddable":true,"href":"https:\/\/www.cineclubaranjuez.es\/index.php\/wp-json\/wp\/v2\/users\/2"}],"replies":[{"embeddable":true,"href":"https:\/\/www.cineclubaranjuez.es\/index.php\/wp-json\/wp\/v2\/comments?post=1955"}],"version-history":[{"count":1,"href":"https:\/\/www.cineclubaranjuez.es\/index.php\/wp-json\/wp\/v2\/posts\/1955\/revisions"}],"predecessor-version":[{"id":1957,"href":"https:\/\/www.cineclubaranjuez.es\/index.php\/wp-json\/wp\/v2\/posts\/1955\/revisions\/1957"}],"wp:featuredmedia":[{"embeddable":true,"href":"https:\/\/www.cineclubaranjuez.es\/index.php\/wp-json\/wp\/v2\/media\/1956"}],"wp:attachment":[{"href":"https:\/\/www.cineclubaranjuez.es\/index.php\/wp-json\/wp\/v2\/media?parent=1955"}],"wp:term":[{"taxonomy":"category","embeddable":true,"href":"https:\/\/www.cineclubaranjuez.es\/index.php\/wp-json\/wp\/v2\/categories?post=1955"},{"taxonomy":"post_tag","embeddable":true,"href":"https:\/\/www.cineclubaranjuez.es\/index.php\/wp-json\/wp\/v2\/tags?post=1955"}],"curies":[{"name":"wp","href":"https:\/\/api.w.org\/{rel}","templated":true}]}}