{"id":1975,"date":"2021-04-07T11:23:32","date_gmt":"2021-04-07T09:23:32","guid":{"rendered":"https:\/\/www.cineclubaranjuez.es\/?p=1975"},"modified":"2021-04-07T11:23:34","modified_gmt":"2021-04-07T09:23:34","slug":"caronte","status":"publish","type":"post","link":"https:\/\/www.cineclubaranjuez.es\/index.php\/2021\/04\/07\/caronte\/","title":{"rendered":"Caronte"},"content":{"rendered":"<div style='text-align:left' class='yasr-auto-insert-overall'><!--Yasr Overall Rating Shortcode--><div class='yasr-custom-text-before-overall' id='yasr-custom-text-before-overall'>Nuestra Puntuaci\u00f3n<\/div><div class=\"yasr-overall-rating\"><div class=' yasr-rater-stars'\n                           id='yasr-overall-rating-rater-7319ed673a39f'\n                           data-rating='3.5'\n                           data-rater-starsize='32'>\n                       <\/div><\/div><!--End Yasr Overall Rating Shortcode--><\/div><div style='text-align:left' class='yasr-auto-insert-visitor'><!--Yasr Visitor Votes Shortcode--><div id='yasr_visitor_votes_97679316381f4' class='yasr-visitor-votes'><div class=\"yasr-custom-text-vv-before yasr-custom-text-vv-before-1975\">Valoraci\u00f3n de los lectores<\/div><div id='yasr-vv-second-row-container-97679316381f4'\n                                        class='yasr-vv-second-row-container'><div id='yasr-visitor-votes-rater-97679316381f4'\n                                      class='yasr-rater-stars-vv'\n                                      data-rater-postid='1975'\n                                      data-rating='0'\n                                      data-rater-starsize='32'\n                                      data-rater-readonly='false'\n                                      data-rater-nonce='cb543bff4a'\n                                      data-issingular='false'\n                                    ><\/div><div class=\"yasr-vv-stats-text-container\" id=\"yasr-vv-stats-text-container-97679316381f4\"><svg xmlns=\"https:\/\/www.w3.org\/2000\/svg\" width=\"20\" height=\"20\"\n                                   class=\"yasr-dashicons-visitor-stats\"\n                                   data-postid=\"1975\"\n                                   id=\"yasr-stats-dashicon-97679316381f4\">\n                                   <path d=\"M18 18v-16h-4v16h4zM12 18v-11h-4v11h4zM6 18v-8h-4v8h4z\"><\/path>\n                               <\/svg><span id=\"yasr-vv-text-container-97679316381f4\" class=\"yasr-vv-text-container\">[Total: <span id=\"yasr-vv-votes-number-container-97679316381f4\">0<\/span>  Media: <span id=\"yasr-vv-average-container-97679316381f4\">0<\/span>]<\/span><\/div><div id='yasr-vv-loader-97679316381f4' class='yasr-vv-container-loader'><\/div><\/div><div id='yasr-vv-bottom-container-97679316381f4' class='yasr-vv-bottom-container'><\/div><\/div><!--End Yasr Visitor Votes Shortcode--><\/div>\n<p>T\u00edtulo originalCaronte (TV Series)<\/p>\n\n\n\n<p>A\u00f1o2020<\/p>\n\n\n\n<p>Duraci\u00f3n70 min.<\/p>\n\n\n\n<p>Pa\u00eds<img decoding=\"async\" src=\"https:\/\/www.filmaffinity.com\/imgs\/countries2\/ES.png\" alt=\"Espa\u00f1a\">\u00a0Espa\u00f1a<\/p>\n\n\n\n<p>Direcci\u00f3n<a href=\"https:\/\/www.filmaffinity.com\/es\/search.php?stype=director&amp;sn&amp;stext=Ver%C3%B3nica%20Fern%C3%A1ndez\">Ver\u00f3nica Fern\u00e1ndez<\/a>\u00a0(Creador),\u00a0<a href=\"https:\/\/www.filmaffinity.com\/es\/search.php?stype=director&amp;sn&amp;stext=Jes%C3%BAs%20Font\">Jes\u00fas Font<\/a>,\u00a0<a href=\"https:\/\/www.filmaffinity.com\/es\/search.php?stype=director&amp;sn&amp;stext=Alberto%20Ruiz%20Rojo\">Alberto Ruiz Rojo<\/a><\/p>\n\n\n\n<p>GuionVer\u00f3nica Fern\u00e1ndez,\u00a0Natxo L\u00f3pez,\u00a0Mikel Bar\u00f3n,\u00a0Roberto Jim\u00e9nez,\u00a0Antonio Hern\u00e1ndez,\u00a0David Moreno,\u00a0Eligio R. Montero<\/p>\n\n\n\n<p>Fotograf\u00eda\u00d3scar Montesinos,\u00a0Felipe Alba,\u00a0Jes\u00fas Valera<\/p>\n\n\n\n<p>Reparto<a href=\"https:\/\/www.filmaffinity.com\/es\/search.php?stype=cast&amp;sn&amp;stext=Roberto%20%C3%81lamo\">Roberto \u00c1lamo<\/a>,\u00a0<a href=\"https:\/\/www.filmaffinity.com\/es\/search.php?stype=cast&amp;sn&amp;stext=Miriam%20Giovanelli\">Miriam Giovanelli<\/a>,\u00a0<a href=\"https:\/\/www.filmaffinity.com\/es\/search.php?stype=cast&amp;sn&amp;stext=Bel%C3%A9n%20L%C3%B3pez\">Bel\u00e9n L\u00f3pez<\/a>,\u00a0<a href=\"https:\/\/www.filmaffinity.com\/es\/search.php?stype=cast&amp;sn&amp;stext=Nathalie%20Poza\">Nathalie Poza<\/a>,\u00a0<a href=\"https:\/\/www.filmaffinity.com\/es\/search.php?stype=cast&amp;sn&amp;stext=Carlos%20Hip%C3%B3lito\">Carlos Hip\u00f3lito<\/a>,\u00a0<a href=\"https:\/\/www.filmaffinity.com\/es\/search.php?stype=cast&amp;sn&amp;stext=Julieta%20Serrano\">Julieta Serrano<\/a>,\u00a0<a href=\"https:\/\/www.filmaffinity.com\/es\/search.php?stype=cast&amp;sn&amp;stext=Marta%20Larralde\">Marta Larralde<\/a>,\u00a0<a href=\"https:\/\/www.filmaffinity.com\/es\/search.php?stype=cast&amp;sn&amp;stext=Ismael%20Mart%C3%ADnez\">Ismael Mart\u00ednez<\/a>,\u00a0<a href=\"https:\/\/www.filmaffinity.com\/es\/search.php?stype=cast&amp;sn&amp;stext=Juli%C3%A1n%20Valc%C3%A1rcel\">Juli\u00e1n Valc\u00e1rcel<\/a>,\u00a0<a href=\"https:\/\/www.filmaffinity.com\/es\/search.php?stype=cast&amp;sn&amp;stext=Andrea%20Trepat\">Andrea Trepat<\/a>,\u00a0<a href=\"https:\/\/www.filmaffinity.com\/es\/search.php?stype=cast&amp;sn&amp;stext=Mauricio%20Bautista\">Mauricio Bautista<\/a>,\u00a0<a href=\"https:\/\/www.filmaffinity.com\/es\/search.php?stype=cast&amp;sn&amp;stext=Carolina%20Yuste\">Carolina Yuste<\/a>,\u00a0<a href=\"https:\/\/www.filmaffinity.com\/es\/search.php?stype=cast&amp;sn&amp;stext=Itziar%20Atienza\">Itziar Atienza<\/a>,\u00a0<a href=\"https:\/\/www.filmaffinity.com\/es\/search.php?stype=cast&amp;sn&amp;stext=Flor%C3%ADn%20Opritescu\">Flor\u00edn Opritescu<\/a>,\u00a0<a href=\"https:\/\/www.filmaffinity.com\/es\/search.php?stype=cast&amp;sn&amp;stext=Ra%C3%BAl%20Tej%C3%B3n\">Ra\u00fal Tej\u00f3n<\/a>,\u00a0<a href=\"https:\/\/www.filmaffinity.com\/es\/search.php?stype=cast&amp;sn&amp;stext=Eva%20Mart%C3%ADn\">Eva Mart\u00edn<\/a>,\u00a0<a href=\"https:\/\/www.filmaffinity.com\/es\/search.php?stype=cast&amp;sn&amp;stext=Arlette%20Torres\">Arlette Torres<\/a>,\u00a0<a href=\"https:\/\/www.filmaffinity.com\/es\/search.php?stype=cast&amp;sn&amp;stext=Juli%C3%A1n%20Teurlais\">Juli\u00e1n Teurlais<\/a>,\u00a0<a href=\"https:\/\/www.filmaffinity.com\/es\/search.php?stype=cast&amp;sn&amp;stext=Virginia%20de%20Morata\">Virginia de Morata<\/a>,\u00a0<a href=\"https:\/\/www.filmaffinity.com\/es\/search.php?stype=cast&amp;sn&amp;stext=Pepa%20Gracia\">Pepa Gracia<\/a>,\u00a0<a href=\"https:\/\/www.filmaffinity.com\/es\/search.php?stype=cast&amp;sn&amp;stext=Martin%20Aslan\">Martin Aslan<\/a>,\u00a0<a href=\"https:\/\/www.filmaffinity.com\/es\/search.php?stype=cast&amp;sn&amp;stext=Algis%20Arlauskas\">Algis Arlauskas<\/a>,\u00a0<a href=\"https:\/\/www.filmaffinity.com\/es\/search.php?stype=cast&amp;sn&amp;stext=Oleg%20Kricunoff\">Oleg Kricunoff<\/a>,\u00a0<a href=\"https:\/\/www.filmaffinity.com\/es\/search.php?stype=cast&amp;sn&amp;stext=Carmela%20Lloret\">Carmela Lloret<\/a>,\u00a0<a href=\"https:\/\/www.filmaffinity.com\/es\/search.php?stype=cast&amp;sn&amp;stext=%C3%81lex%20Villaz%C3%A1n\">\u00c1lex Villaz\u00e1n<\/a>,\u00a0<a href=\"https:\/\/www.filmaffinity.com\/es\/search.php?stype=cast&amp;sn&amp;stext=Miguel%20Bernardeau\">Miguel Bernardeau<\/a>,\u00a0<a href=\"https:\/\/www.filmaffinity.com\/es\/search.php?stype=cast&amp;sn&amp;stext=Esteban%20Ciudad\">Esteban Ciudad<\/a>,\u00a0<a href=\"https:\/\/www.filmaffinity.com\/es\/search.php?stype=cast&amp;sn&amp;stext=Jos%C3%A9%20Emilio%20Vera\">Jos\u00e9 Emilio Vera<\/a>,\u00a0<a href=\"https:\/\/www.filmaffinity.com\/es\/search.php?stype=cast&amp;sn&amp;stext=Luis%20Rallo\">Luis Rallo<\/a>,\u00a0<a href=\"https:\/\/www.filmaffinity.com\/es\/search.php?stype=cast&amp;sn&amp;stext=Victor%20Rebull\">Victor Rebull<\/a>,\u00a0<a href=\"https:\/\/www.filmaffinity.com\/es\/search.php?stype=cast&amp;sn&amp;stext=Marina%20Campos\">Marina Campos<\/a>,\u00a0<a href=\"https:\/\/www.filmaffinity.com\/es\/search.php?stype=cast&amp;sn&amp;stext=Antonio%20de%20Cos\">Antonio de Cos<\/a>,\u00a0<a href=\"https:\/\/www.filmaffinity.com\/es\/search.php?stype=cast&amp;sn&amp;stext=Natalia%20Hernandez\">Natalia Hernandez<\/a>,\u00a0<a href=\"https:\/\/www.filmaffinity.com\/es\/search.php?stype=cast&amp;sn&amp;stext=Luc%C3%ADa%20Bravo\">Luc\u00eda Bravo<\/a>,\u00a0<a href=\"https:\/\/www.filmaffinity.com\/es\/search.php?stype=cast&amp;sn&amp;stext=Jasmine%20Rold%C3%A1n\">Jasmine Rold\u00e1n<\/a><\/p>\n\n\n\n<p>ProductoraMediaset Espa\u00f1a,\u00a0Big Bang Media\u00a0(Distribuidora:\u00a0Amazon Prime Video,\u00a0Telecinco)<\/p>\n\n\n\n<p>G\u00e9nero<a href=\"https:\/\/www.filmaffinity.com\/es\/moviegenre.php?genre=TV_SE&amp;attr=rat_count&amp;nodoc\">Serie de TV<\/a>.\u00a0<a href=\"https:\/\/www.filmaffinity.com\/es\/moviegenre.php?genre=DR&amp;attr=rat_count&amp;nodoc\">Drama<\/a>\u00a0|\u00a0<a href=\"https:\/\/www.filmaffinity.com\/es\/movietopic.php?topic=176478&amp;attr=rat_count&amp;nodoc\">Drama judicial \/ Abogados\/as<\/a><\/p>\n\n\n\n<p>SinopsisSerie de TV (2020-Actualidad). 13 episodios. Samuel Caronte, ex polic\u00eda que acaba de cumplir condena por un asesinato que no cometi\u00f3, al salir de prisi\u00f3n quiere comenzar una nueva vida y olvidar su pasado. Durante su estancia en la c\u00e1rcel ha aprovechado para estudiar y convertirse en un abogado penalista. Adem\u00e1s, con su experiencia como polic\u00eda, est\u00e1 decidido a impartir justicia y defender a aquellos que han pasado por su situaci\u00f3n. (FILMAFFINITY)<\/p>\n\n\n\n<p>OPINI\u00d3N: Acabo de terminar de ver esta serie, y me ha parecido muy entretenida. Con un buen elenco de actores, temas muy de actualidad y mucha emoci\u00f3n hasta el final de la serie. Y adem\u00e1s, un buen final. Dej\u00e1ndola abierta, pero cerrando la trama de esta primera temporada. As\u00ed que, esperando que hagan una segunda.<\/p>\n\n\n\n<p>Roberto \u00c1lamo, interpreta a Caronte. Un ex polic\u00eda que acaba de salir de la c\u00e1rcel por un delito que no cometi\u00f3. En la c\u00e1rcel se ha sacado la carrera de Derecho, y al salir comienza a trabajar en cosas simples, como arreglar papeles a inmigrantes. Pero el hijo de una vieja amiga, se ve involucrado en una pelea a la salida de un partido de f\u00fatbol, y es acusado de homicidio. As\u00ed que decide defenderlo.<\/p>\n\n\n\n<p>Terminar\u00e1 haci\u00e9ndose socio de Marta Pelayo, una joven abogada que necesita ayuda para poder comenzar su carrera alejada del bufete de sus padres. Ambos terminar\u00e1n haciendo un gran equipo, y trabajando en diversos casos. <\/p>\n\n\n\n<p>Pero el \u00fanico problema de Caronte no ser\u00e1n los casos que defienda, sino que adem\u00e1s tendr\u00e1 que lidiar con problemas sentimentales, con problemas con su familia, y adem\u00e1s intentar\u00e1 recobrar la relaci\u00f3n con su hijo al que no ve desde que ingres\u00f3 en prisi\u00f3n.<\/p>\n\n\n\n<p>Y todo esto aderezado con la guerra que tiene con el Comisario Paniagua, su gran enemigo. El tipo que le mand\u00f3 a la c\u00e1rcel, y del que ha jurado vengarse.<\/p>\n\n\n\n<p>Lo que dec\u00eda al principio, sin ser la mejor serie que he visto, s\u00ed est\u00e1 muy entretenida y te mantiene enganchado hasta el final gracias a la diversidad de secundarios que tiene, todos con su parte de importancia en la serie. Y adem\u00e1s toca temas muy actuales como las drogas, la homosexualidad, la violencia en el f\u00fatbol, las mafias, la prostituci\u00f3n&#8230;<\/p>\n\n\n\n<p>Son 13 cap\u00edtulos de poco m\u00e1s de una hora cada uno, en los que se entremezclan la trama de cada cap\u00edtulo que se termina resolviendo, con la historia personal de Caronte que no terminar\u00e1 de resolverse hasta el final de cada cap\u00edtulo.<\/p>\n\n\n\n<figure class=\"wp-block-embed is-type-video is-provider-youtube wp-block-embed-youtube wp-embed-aspect-16-9 wp-has-aspect-ratio\"><div class=\"wp-block-embed__wrapper\">\n<iframe loading=\"lazy\" title=\"Caronte - Tr\u00e1iler Oficial | Amazon Prime Video\" width=\"800\" height=\"450\" src=\"https:\/\/www.youtube.com\/embed\/f69g_4w0gAA?feature=oembed\" frameborder=\"0\" allow=\"accelerometer; autoplay; clipboard-write; encrypted-media; gyroscope; picture-in-picture\" allowfullscreen><\/iframe>\n<\/div><\/figure>\n\n\n\n<p><\/p>\n","protected":false},"excerpt":{"rendered":"<p>Nuestra Puntuaci\u00f3n Valoraci\u00f3n de los lectores [Total: 0 Media: 0] T\u00edtulo originalCaronte (TV Series) A\u00f1o2020 Duraci\u00f3n70 min. Pa\u00eds\u00a0Espa\u00f1a Direcci\u00f3nVer\u00f3nica Fern\u00e1ndez\u00a0(Creador),\u00a0Jes\u00fas<\/p>\n","protected":false},"author":2,"featured_media":1976,"comment_status":"open","ping_status":"open","sticky":false,"template":"","format":"standard","meta":{"yasr_overall_rating":3.5,"yasr_post_is_review":"","yasr_auto_insert_disabled":"","yasr_review_type":"","footnotes":""},"categories":[2],"tags":[332,230,333,331,334],"class_list":["post-1975","post","type-post","status-publish","format-standard","has-post-thumbnail","hentry","category-criticas","tag-abogados","tag-amazon","tag-roberto-alamo","tag-series-tv","tag-veronica-fernandez"],"yasr_visitor_votes":{"stars_attributes":{"read_only":false,"span_bottom":false},"number_of_votes":0,"sum_votes":0},"_links":{"self":[{"href":"https:\/\/www.cineclubaranjuez.es\/index.php\/wp-json\/wp\/v2\/posts\/1975"}],"collection":[{"href":"https:\/\/www.cineclubaranjuez.es\/index.php\/wp-json\/wp\/v2\/posts"}],"about":[{"href":"https:\/\/www.cineclubaranjuez.es\/index.php\/wp-json\/wp\/v2\/types\/post"}],"author":[{"embeddable":true,"href":"https:\/\/www.cineclubaranjuez.es\/index.php\/wp-json\/wp\/v2\/users\/2"}],"replies":[{"embeddable":true,"href":"https:\/\/www.cineclubaranjuez.es\/index.php\/wp-json\/wp\/v2\/comments?post=1975"}],"version-history":[{"count":1,"href":"https:\/\/www.cineclubaranjuez.es\/index.php\/wp-json\/wp\/v2\/posts\/1975\/revisions"}],"predecessor-version":[{"id":1977,"href":"https:\/\/www.cineclubaranjuez.es\/index.php\/wp-json\/wp\/v2\/posts\/1975\/revisions\/1977"}],"wp:featuredmedia":[{"embeddable":true,"href":"https:\/\/www.cineclubaranjuez.es\/index.php\/wp-json\/wp\/v2\/media\/1976"}],"wp:attachment":[{"href":"https:\/\/www.cineclubaranjuez.es\/index.php\/wp-json\/wp\/v2\/media?parent=1975"}],"wp:term":[{"taxonomy":"category","embeddable":true,"href":"https:\/\/www.cineclubaranjuez.es\/index.php\/wp-json\/wp\/v2\/categories?post=1975"},{"taxonomy":"post_tag","embeddable":true,"href":"https:\/\/www.cineclubaranjuez.es\/index.php\/wp-json\/wp\/v2\/tags?post=1975"}],"curies":[{"name":"wp","href":"https:\/\/api.w.org\/{rel}","templated":true}]}}