{"id":2013,"date":"2021-05-24T20:00:42","date_gmt":"2021-05-24T18:00:42","guid":{"rendered":"https:\/\/www.cineclubaranjuez.es\/?p=2013"},"modified":"2021-05-24T20:00:45","modified_gmt":"2021-05-24T18:00:45","slug":"el-inocente","status":"publish","type":"post","link":"https:\/\/www.cineclubaranjuez.es\/index.php\/2021\/05\/24\/el-inocente\/","title":{"rendered":"El inocente"},"content":{"rendered":"<div style='text-align:left' class='yasr-auto-insert-overall'><!--Yasr Overall Rating Shortcode--><div class='yasr-custom-text-before-overall' id='yasr-custom-text-before-overall'>Nuestra Puntuaci\u00f3n<\/div><div class=\"yasr-overall-rating\"><div class=' yasr-rater-stars'\n                           id='yasr-overall-rating-rater-698a1cfe462ac'\n                           data-rating='3.7'\n                           data-rater-starsize='32'>\n                       <\/div><\/div><!--End Yasr Overall Rating Shortcode--><\/div><div style='text-align:left' class='yasr-auto-insert-visitor'><!--Yasr Visitor Votes Shortcode--><div id='yasr_visitor_votes_0e4476a62c8f9' class='yasr-visitor-votes'><div class=\"yasr-custom-text-vv-before yasr-custom-text-vv-before-2013\">Valoraci\u00f3n de los lectores<\/div><div id='yasr-vv-second-row-container-0e4476a62c8f9'\n                                        class='yasr-vv-second-row-container'><div id='yasr-visitor-votes-rater-0e4476a62c8f9'\n                                      class='yasr-rater-stars-vv'\n                                      data-rater-postid='2013'\n                                      data-rating='4'\n                                      data-rater-starsize='32'\n                                      data-rater-readonly='false'\n                                      data-rater-nonce='8391007680'\n                                      data-issingular='false'\n                                    ><\/div><div class=\"yasr-vv-stats-text-container\" id=\"yasr-vv-stats-text-container-0e4476a62c8f9\"><svg xmlns=\"https:\/\/www.w3.org\/2000\/svg\" width=\"20\" height=\"20\"\n                                   class=\"yasr-dashicons-visitor-stats\"\n                                   data-postid=\"2013\"\n                                   id=\"yasr-stats-dashicon-0e4476a62c8f9\">\n                                   <path d=\"M18 18v-16h-4v16h4zM12 18v-11h-4v11h4zM6 18v-8h-4v8h4z\"><\/path>\n                               <\/svg><span id=\"yasr-vv-text-container-0e4476a62c8f9\" class=\"yasr-vv-text-container\">[Total: <span id=\"yasr-vv-votes-number-container-0e4476a62c8f9\">1<\/span>  Media: <span id=\"yasr-vv-average-container-0e4476a62c8f9\">4<\/span>]<\/span><\/div><div id='yasr-vv-loader-0e4476a62c8f9' class='yasr-vv-container-loader'><\/div><\/div><div id='yasr-vv-bottom-container-0e4476a62c8f9' class='yasr-vv-bottom-container'><\/div><\/div><!--End Yasr Visitor Votes Shortcode--><\/div>\n<p>T\u00edtulo originalEl inocente<\/p>\n\n\n\n<p>A\u00f1o2021<\/p>\n\n\n\n<p>Duraci\u00f3n50 min.<\/p>\n\n\n\n<p>Pa\u00eds<img decoding=\"async\" src=\"https:\/\/www.filmaffinity.com\/imgs\/countries2\/ES.png\" alt=\"Espa\u00f1a\">\u00a0Espa\u00f1a<\/p>\n\n\n\n<p>Direcci\u00f3n<a href=\"https:\/\/www.filmaffinity.com\/es\/search.php?stype=director&amp;sn&amp;stext=Oriol%20Paulo\">Oriol Paulo<\/a><em>(Creador)<\/em>,\u00a0<a href=\"https:\/\/www.filmaffinity.com\/es\/search.php?stype=director&amp;sn&amp;stext=Oriol%20Paulo\">Oriol Paulo<\/a><\/p>\n\n\n\n<p>GuionJordi Vallejo,\u00a0Oriol Paulo,\u00a0Guillem Clua.<em>\u00a0<\/em><\/p>\n\n\n\n<p><em>Novela:<\/em>\u00a0Harlan Coben<\/p>\n\n\n\n<p>M\u00fasicaFernando Vel\u00e1zquez<\/p>\n\n\n\n<p>Fotograf\u00edaBernat Bosch<\/p>\n\n\n\n<p>Reparto<a href=\"https:\/\/www.filmaffinity.com\/es\/search.php?stype=cast&amp;sn&amp;stext=Mario%20Casas\">Mario Casas<\/a>,\u00a0<a href=\"https:\/\/www.filmaffinity.com\/es\/search.php?stype=cast&amp;sn&amp;stext=Aura%20Garrido\">Aura Garrido<\/a>,\u00a0<a href=\"https:\/\/www.filmaffinity.com\/es\/search.php?stype=cast&amp;sn&amp;stext=Alexandra%20Jim%C3%A9nez\">Alexandra Jim\u00e9nez<\/a>,\u00a0<a href=\"https:\/\/www.filmaffinity.com\/es\/search.php?stype=cast&amp;sn&amp;stext=Jos%C3%A9%20Coronado\">Jos\u00e9 Coronado<\/a>,\u00a0<a href=\"https:\/\/www.filmaffinity.com\/es\/search.php?stype=cast&amp;sn&amp;stext=Juana%20Acosta\">Juana Acosta<\/a>,\u00a0<a href=\"https:\/\/www.filmaffinity.com\/es\/search.php?stype=cast&amp;sn&amp;stext=Miki%20Esparb%C3%A9\">Miki Esparb\u00e9<\/a>,\u00a0<a href=\"https:\/\/www.filmaffinity.com\/es\/search.php?stype=cast&amp;sn&amp;stext=Martina%20Gusman\">Martina Gusman<\/a>,\u00a0<a href=\"https:\/\/www.filmaffinity.com\/es\/search.php?stype=cast&amp;sn&amp;stext=Xavi%20S%C3%A1ez\">Xavi S\u00e1ez<\/a>,\u00a0<a href=\"https:\/\/www.filmaffinity.com\/es\/search.php?stype=cast&amp;sn&amp;stext=Ana%20Wagener\">Ana Wagener<\/a>,\u00a0<a href=\"https:\/\/www.filmaffinity.com\/es\/search.php?stype=cast&amp;sn&amp;stext=Susi%20S%C3%A1nchez\">Susi S\u00e1nchez<\/a>,\u00a0<a href=\"https:\/\/www.filmaffinity.com\/es\/search.php?stype=cast&amp;sn&amp;stext=Gonzalo%20de%20Castro\">Gonzalo de Castro<\/a>,\u00a0<a href=\"https:\/\/www.filmaffinity.com\/es\/search.php?stype=cast&amp;sn&amp;stext=Anna%20Alarc%C3%B3n\">Anna Alarc\u00f3n<\/a>,\u00a0<a href=\"https:\/\/www.filmaffinity.com\/es\/search.php?stype=cast&amp;sn&amp;stext=Josean%20Bengoetxea\">Josean Bengoetxea<\/a>,\u00a0ver 22 m\u00e1s<\/p>\n\n\n\n<p>ProductoraSospecha Films,\u00a0Netflix Espa\u00f1a,\u00a0Think Studio.<em>\u00a0Distribuidora:<\/em>\u00a0Netflix<\/p>\n\n\n\n<p>G\u00e9nero<a href=\"https:\/\/www.filmaffinity.com\/es\/moviegenre.php?genre=TV_SE&amp;attr=rat_count&amp;nodoc\">Serie de TV<\/a>.\u00a0<a href=\"https:\/\/www.filmaffinity.com\/es\/moviegenre.php?genre=TH&amp;attr=rat_count&amp;nodoc\">Thriller<\/a>.\u00a0<a href=\"https:\/\/www.filmaffinity.com\/es\/moviegenre.php?genre=INT&amp;attr=rat_count&amp;nodoc\">Intriga<\/a>.\u00a0<a href=\"https:\/\/www.filmaffinity.com\/es\/moviegenre.php?genre=DR&amp;attr=rat_count&amp;nodoc\">Drama<\/a>\u00a0|\u00a0<a href=\"https:\/\/www.filmaffinity.com\/es\/movietopic.php?topic=676077&amp;attr=rat_count&amp;nodoc\">Miniserie de TV<\/a>Grupos<a href=\"https:\/\/www.filmaffinity.com\/es\/movie-group.php?group-id=1930\">Adaptaciones Harlan Coben<\/a><\/p>\n\n\n\n<p>SinopsisMiniserie de 8 episodios. Una noche, hace nueve a\u00f1os, Mateo intercedi\u00f3 inocentemente en una pelea y termin\u00f3 convirti\u00e9ndose en un homicida. Ahora es un ex-convicto que no da nada por sentado. Su mujer, Olivia, est\u00e1 embarazada, y los dos est\u00e1n a punto de conseguir la casa de sus sue\u00f1os. Pero una llamada impactante e inexplicable desde el m\u00f3vil de Olivia vuelve a destrozar la vida de Mateo por segunda vez.<\/p>\n\n\n\n<p>Opini\u00f3n: Estamos ante uno de los \u00faltimos \u00e9xitos de Netflix. Una miniserie de 8 cap\u00edtulos de unos 50 minutos de duraci\u00f3n cada uno. Y es que ante la falta de grandes estrenos en Hollywood, nos tenemos que conformar con quitarnos el mono de buen cine con este tipo de series.<\/p>\n\n\n\n<p>Con un director muy s\u00f3lido al frente, y acostumbrado a pel\u00edculas de misterio la serie nos comienza contando la historia de Mateo (interpretado por Mario Casas), quien en una pelea a la salida de una fiesta empuja a otro chaval y le provoca la muerte. Esto hace que tenga que pasar unos a\u00f1os en la c\u00e1rcel. Pero al salir, conoce a Olivia y comienza una nueva vida. Todo parece id\u00edlico, hasta que recibe unos v\u00eddeos en los que parece que su mujer le est\u00e1 siendo infiel. Y aqu\u00ed, comienza una pesadilla para \u00e9l.<\/p>\n\n\n\n<p>En cada cap\u00edtulo se nos va contando los intereses y la vida de cada uno de los principales personajes de la trama, y aunque al principio no parece que haya conexi\u00f3n, poco a poco todas las piezas del puzzle van encajando. <\/p>\n\n\n\n<p>La serie est\u00e1 dirigida por Oriol Paulo, uno de los directores espa\u00f1oles m\u00e1s prometedores de la \u00faltima d\u00e9cada con pelis que en casi nada tienen que envidiar a muchas producciones americanas. El cuerpo, Contratiempo y Mientras dure la tormenta son tres ejemplos de thrillers y misterios que te atrapan hasta el final. Y aqu\u00ed con esta serie lo vuelve a conseguir. Con los defectos que suelen aparecer en este g\u00e9nero, y alg\u00fan giro de guion quiz\u00e1s excesivo, la serie consigue mantener la atenci\u00f3n del espectador hasta el \u00faltimo minuto del \u00faltimo cap\u00edtulo. Y sin duda, eso es una de las mejores cosas que se pueden decir de este tipo de series.<\/p>\n\n\n\n<p>Un gran reparto, en el que mi opini\u00f3n destacan por sus muy buenas interpretaciones Aura Garrido, Alexandra Jim\u00e9nez y Jos\u00e9 Coronado. Aunque me han gustado varios secundarios, que le dan una gran profundidad a los personajes aunque sean peque\u00f1os. Lo m\u00e1s flojo desde mi punto de vista es Mario Casas, que como protagonista es incapaz de imponerse interpretativamente hablando a sus compa\u00f1eros de reparto. Pero tambi\u00e9n es verdad, que mucha gente se haya decidido a ver la serie por su presencia, y eso tambi\u00e9n hay que tenerlo en cuenta.<\/p>\n\n\n\n<p>No puedo decir mucho m\u00e1s de la serie sin hacer alg\u00fan spoiler, as\u00ed que lo \u00fanico que os puedo recomendar es que le ech\u00e9is un ojo, y nos dig\u00e1is qu\u00e9 os ha parecido.<\/p>\n\n\n\n<p><\/p>\n","protected":false},"excerpt":{"rendered":"<p>Nuestra Puntuaci\u00f3n Valoraci\u00f3n de los lectores [Total: 1 Media: 4] T\u00edtulo originalEl inocente A\u00f1o2021 Duraci\u00f3n50 min. Pa\u00eds\u00a0Espa\u00f1a Direcci\u00f3nOriol Paulo(Creador),\u00a0Oriol Paulo<\/p>\n","protected":false},"author":2,"featured_media":2014,"comment_status":"open","ping_status":"open","sticky":false,"template":"","format":"standard","meta":{"yasr_overall_rating":3.7,"yasr_post_is_review":"","yasr_auto_insert_disabled":"","yasr_review_type":"","footnotes":""},"categories":[2],"tags":[364,362,145,363,331],"class_list":["post-2013","post","type-post","status-publish","format-standard","has-post-thumbnail","hentry","category-criticas","tag-aura-garrido","tag-jose-coronado","tag-mario-casas","tag-oriol-paulo","tag-series-tv"],"yasr_visitor_votes":{"stars_attributes":{"read_only":false,"span_bottom":false},"number_of_votes":1,"sum_votes":4},"_links":{"self":[{"href":"https:\/\/www.cineclubaranjuez.es\/index.php\/wp-json\/wp\/v2\/posts\/2013"}],"collection":[{"href":"https:\/\/www.cineclubaranjuez.es\/index.php\/wp-json\/wp\/v2\/posts"}],"about":[{"href":"https:\/\/www.cineclubaranjuez.es\/index.php\/wp-json\/wp\/v2\/types\/post"}],"author":[{"embeddable":true,"href":"https:\/\/www.cineclubaranjuez.es\/index.php\/wp-json\/wp\/v2\/users\/2"}],"replies":[{"embeddable":true,"href":"https:\/\/www.cineclubaranjuez.es\/index.php\/wp-json\/wp\/v2\/comments?post=2013"}],"version-history":[{"count":1,"href":"https:\/\/www.cineclubaranjuez.es\/index.php\/wp-json\/wp\/v2\/posts\/2013\/revisions"}],"predecessor-version":[{"id":2015,"href":"https:\/\/www.cineclubaranjuez.es\/index.php\/wp-json\/wp\/v2\/posts\/2013\/revisions\/2015"}],"wp:featuredmedia":[{"embeddable":true,"href":"https:\/\/www.cineclubaranjuez.es\/index.php\/wp-json\/wp\/v2\/media\/2014"}],"wp:attachment":[{"href":"https:\/\/www.cineclubaranjuez.es\/index.php\/wp-json\/wp\/v2\/media?parent=2013"}],"wp:term":[{"taxonomy":"category","embeddable":true,"href":"https:\/\/www.cineclubaranjuez.es\/index.php\/wp-json\/wp\/v2\/categories?post=2013"},{"taxonomy":"post_tag","embeddable":true,"href":"https:\/\/www.cineclubaranjuez.es\/index.php\/wp-json\/wp\/v2\/tags?post=2013"}],"curies":[{"name":"wp","href":"https:\/\/api.w.org\/{rel}","templated":true}]}}