{"id":2079,"date":"2021-08-24T21:48:17","date_gmt":"2021-08-24T19:48:17","guid":{"rendered":"https:\/\/www.cineclubaranjuez.es\/?p=2079"},"modified":"2021-08-24T21:48:20","modified_gmt":"2021-08-24T19:48:20","slug":"muerte-de-un-ciclista","status":"publish","type":"post","link":"https:\/\/www.cineclubaranjuez.es\/index.php\/2021\/08\/24\/muerte-de-un-ciclista\/","title":{"rendered":"Muerte de un ciclista"},"content":{"rendered":"<div style='text-align:left' class='yasr-auto-insert-overall'><!--Yasr Overall Rating Shortcode--><div class='yasr-custom-text-before-overall' id='yasr-custom-text-before-overall'>Nuestra Puntuaci\u00f3n<\/div><div class=\"yasr-overall-rating\"><div class=' yasr-rater-stars'\n                           id='yasr-overall-rating-rater-d62173fa3559a'\n                           data-rating='3.8'\n                           data-rater-starsize='32'>\n                       <\/div><\/div><!--End Yasr Overall Rating Shortcode--><\/div><div style='text-align:left' class='yasr-auto-insert-visitor'><!--Yasr Visitor Votes Shortcode--><div id='yasr_visitor_votes_5063f17a6ada9' class='yasr-visitor-votes'><div class=\"yasr-custom-text-vv-before yasr-custom-text-vv-before-2079\">Valoraci\u00f3n de los lectores<\/div><div id='yasr-vv-second-row-container-5063f17a6ada9'\n                                        class='yasr-vv-second-row-container'><div id='yasr-visitor-votes-rater-5063f17a6ada9'\n                                      class='yasr-rater-stars-vv'\n                                      data-rater-postid='2079'\n                                      data-rating='0'\n                                      data-rater-starsize='32'\n                                      data-rater-readonly='false'\n                                      data-rater-nonce='b25d7f2148'\n                                      data-issingular='false'\n                                    ><\/div><div class=\"yasr-vv-stats-text-container\" id=\"yasr-vv-stats-text-container-5063f17a6ada9\"><svg xmlns=\"https:\/\/www.w3.org\/2000\/svg\" width=\"20\" height=\"20\"\n                                   class=\"yasr-dashicons-visitor-stats\"\n                                   data-postid=\"2079\"\n                                   id=\"yasr-stats-dashicon-5063f17a6ada9\">\n                                   <path d=\"M18 18v-16h-4v16h4zM12 18v-11h-4v11h4zM6 18v-8h-4v8h4z\"><\/path>\n                               <\/svg><span id=\"yasr-vv-text-container-5063f17a6ada9\" class=\"yasr-vv-text-container\">[Total: <span id=\"yasr-vv-votes-number-container-5063f17a6ada9\">0<\/span>  Media: <span id=\"yasr-vv-average-container-5063f17a6ada9\">0<\/span>]<\/span><\/div><div id='yasr-vv-loader-5063f17a6ada9' class='yasr-vv-container-loader'><\/div><\/div><div id='yasr-vv-bottom-container-5063f17a6ada9' class='yasr-vv-bottom-container'><\/div><\/div><!--End Yasr Visitor Votes Shortcode--><\/div>\n<p>T\u00edtulo originalMuerte de un ciclista<\/p>\n\n\n\n<p>A\u00f1o1955<\/p>\n\n\n\n<p>Duraci\u00f3n84 min.<\/p>\n\n\n\n<p>Pa\u00eds<img decoding=\"async\" src=\"https:\/\/www.filmaffinity.com\/imgs\/countries2\/ES.png\" alt=\"Espa\u00f1a\">\u00a0Espa\u00f1a<\/p>\n\n\n\n<p>Direcci\u00f3n<a href=\"https:\/\/www.filmaffinity.com\/es\/search.php?stype=director&amp;sn&amp;stext=Juan%20Antonio%20Bardem\">Juan Antonio Bardem<\/a><\/p>\n\n\n\n<p>GuionJuan Antonio Bardem<\/p>\n\n\n\n<p>M\u00fasicaIsidro B. Maiztegui<\/p>\n\n\n\n<p>Fotograf\u00edaAlfredo Fraile\u00a0(B&amp;W)<\/p>\n\n\n\n<p>Reparto<a href=\"https:\/\/www.filmaffinity.com\/es\/search.php?stype=cast&amp;sn&amp;stext=Luc%C3%ADa%20Bos%C3%A9\">Luc\u00eda Bos\u00e9<\/a>,\u00a0<a href=\"https:\/\/www.filmaffinity.com\/es\/search.php?stype=cast&amp;sn&amp;stext=Alberto%20Closas\">Alberto Closas<\/a>,\u00a0<a href=\"https:\/\/www.filmaffinity.com\/es\/search.php?stype=cast&amp;sn&amp;stext=Bruna%20Corr%C3%A0\">Bruna Corr\u00e0<\/a>,\u00a0<a href=\"https:\/\/www.filmaffinity.com\/es\/search.php?stype=cast&amp;sn&amp;stext=Carlos%20Casaravilla\">Carlos Casaravilla<\/a>,\u00a0<a href=\"https:\/\/www.filmaffinity.com\/es\/search.php?stype=cast&amp;sn&amp;stext=Otello%20Toso\">Otello Toso<\/a>,\u00a0<a href=\"https:\/\/www.filmaffinity.com\/es\/search.php?stype=cast&amp;sn&amp;stext=Alicia%20Romay\">Alicia Romay<\/a>,\u00a0<a href=\"https:\/\/www.filmaffinity.com\/es\/search.php?stype=cast&amp;sn&amp;stext=Julia%20Delgado%20Caro\">Julia Delgado Caro<\/a>,\u00a0<a href=\"https:\/\/www.filmaffinity.com\/es\/search.php?stype=cast&amp;sn&amp;stext=Matilde%20Mu%C3%B1oz%20Sampedro\">Matilde Mu\u00f1oz Sampedro<\/a>,\u00a0<a href=\"https:\/\/www.filmaffinity.com\/es\/search.php?stype=cast&amp;sn&amp;stext=Mercedes%20Albert\">Mercedes Albert<\/a>,\u00a0<a href=\"https:\/\/www.filmaffinity.com\/es\/search.php?stype=cast&amp;sn&amp;stext=Jos%C3%A9%20Sep%C3%BAlveda\">Jos\u00e9 Sep\u00falveda<\/a>,\u00a0<a href=\"https:\/\/www.filmaffinity.com\/es\/search.php?stype=cast&amp;sn&amp;stext=Jos%C3%A9%20Prada\">Jos\u00e9 Prada<\/a>,\u00a0<a href=\"https:\/\/www.filmaffinity.com\/es\/search.php?stype=cast&amp;sn&amp;stext=Fernando%20Sancho\">Fernando Sancho<\/a>,\u00a0<a href=\"https:\/\/www.filmaffinity.com\/es\/search.php?stype=cast&amp;sn&amp;stext=Manuel%20Alexandre\">Manuel Alexandre<\/a>,\u00a0ver 13 m\u00e1s<\/p>\n\n\n\n<p>ProductoraCoproducci\u00f3n Espa\u00f1a-Italia;\u00a0Trionfalcine,\u00a0Gui\u00f3n Producciones Cinematogr\u00e1ficasG\u00e9nero<\/p>\n\n\n\n<p><a href=\"https:\/\/www.filmaffinity.com\/es\/moviegenre.php?genre=F-N&amp;attr=rat_count&amp;nodoc\">Cine negro<\/a>.\u00a0<a href=\"https:\/\/www.filmaffinity.com\/es\/moviegenre.php?genre=DR&amp;attr=rat_count&amp;nodoc\">Drama<\/a>\u00a0|\u00a0<a href=\"https:\/\/www.filmaffinity.com\/es\/movietopic.php?topic=524594&amp;attr=rat_count&amp;nodoc\">Crimen<\/a>.\u00a0<a href=\"https:\/\/www.filmaffinity.com\/es\/movietopic.php?topic=265364&amp;attr=rat_count&amp;nodoc\">Drama psicol\u00f3gico<\/a>.\u00a0<a href=\"https:\/\/www.filmaffinity.com\/es\/movietopic.php?topic=427670&amp;attr=rat_count&amp;nodoc\">Melodrama<\/a>.\u00a0<a href=\"https:\/\/www.filmaffinity.com\/es\/movietopic.php?topic=424086&amp;attr=rat_count&amp;nodoc\">Drama rom\u00e1ntico<\/a>SinopsisUn profesor de universidad y su amante, una mujer casada de la alta burgues\u00eda, atropellan accidentalmente a un ciclista. Temerorosos de que se descubra el adulterio, deciden ocultar el tr\u00e1gico accidente. (FILMAFFINITY)<\/p>\n\n\n\n<p>Premios<a href=\"https:\/\/www.filmaffinity.com\/es\/awards.php?award_id=cannes&amp;year=1955\">1955<\/a>: Festival de Cannes: Premio de la Cr\u00edtica Internacional (FIPRESCI)<\/p>\n\n\n\n<p>Opini\u00f3n: Hasta hace poco no conoc\u00eda nada de Juan Antonio Bardem. Lejos de los directores espa\u00f1oles m\u00e1s conocidos por mi, hab\u00eda pasado desapercibido. Despu\u00e9s de ver hace poco Calle Mayor, peli que me encant\u00f3 decid\u00ed escarbar m\u00e1s en su filmograf\u00eda. Y entre otras pelis con muy buena valoraci\u00f3n, me llam\u00f3 la atenci\u00f3n esta peli.<\/p>\n\n\n\n<p>La peli tiene un comienzo con el que consigue engancharte. Un ciclista va por una carretera y un coche le atropella. Se bajan del coche una pareja, y ella le dice a \u00e9l que le deje all\u00ed y que se marchen. <\/p>\n\n\n\n<p>Resulta que ella est\u00e1 casada y que \u00e9l es su amante. Temerosos de que su adulterio se descubra, deciden no ayudar al ciclista y dejarle abandonado.<\/p>\n\n\n\n<p>La peli me gust\u00f3 mucho. Nos muestra los miedos que podemos llegar a tener al hacer algo mal. El cargo de conciencia que supone matar a alguien aunque sea accidentalmente y los buitres que aparecen cuando pueden sacar algo.<\/p>\n\n\n\n<p>Me parece una peli muy adelantada a su tiempo, muy valiente para la \u00e9poca. Lo ser\u00eda si hubiera sido rodada en EEUU, pero rodar algo as\u00ed en la Espa\u00f1a franquista me parece un milagro. A pesar de que se notan los recortes de la censura en algunas escenas, y obligaron al director a cambiar el final y hacer algo m\u00e1s moralista, me parece incre\u00edble que una peli as\u00ed pasara la censura.<\/p>\n\n\n\n<p>Me ha sorprendido Luc\u00eda Bos\u00e9, a qui\u00e9n solo conoc\u00eda por ser la madre de Miguel Bos\u00e9. Y despu\u00e9s de ver esta peli me parece que su talento est\u00e1 muy por encima del de su hijo. Al menos interpretativamente hablando.<\/p>\n\n\n\n<p>Os recomiendo que le ech\u00e9is un ojo, porque merece la pena.<\/p>\n\n\n\n<p><a href=\"https:\/\/www.youtube.com\/watch?v=bmi2WF0Idfk\">MUERTE DE UN CICLISTA de Juan Antonio Bardem &#8211; YouTube<\/a><\/p>\n\n\n\n<p><\/p>\n","protected":false},"excerpt":{"rendered":"<p>Nuestra Puntuaci\u00f3n Valoraci\u00f3n de los lectores [Total: 0 Media: 0] T\u00edtulo originalMuerte de un ciclista A\u00f1o1955 Duraci\u00f3n84 min. Pa\u00eds\u00a0Espa\u00f1a Direcci\u00f3nJuan<\/p>\n","protected":false},"author":2,"featured_media":2080,"comment_status":"open","ping_status":"open","sticky":false,"template":"","format":"standard","meta":{"yasr_overall_rating":3.8,"yasr_post_is_review":"","yasr_auto_insert_disabled":"","yasr_review_type":"","footnotes":""},"categories":[2],"tags":[396,101,8,323,397],"class_list":["post-2079","post","type-post","status-publish","format-standard","has-post-thumbnail","hentry","category-criticas","tag-alberto-closas","tag-crimen","tag-drama","tag-juan-antonio-bardem","tag-lucia-bose"],"yasr_visitor_votes":{"stars_attributes":{"read_only":false,"span_bottom":false},"number_of_votes":0,"sum_votes":0},"_links":{"self":[{"href":"https:\/\/www.cineclubaranjuez.es\/index.php\/wp-json\/wp\/v2\/posts\/2079"}],"collection":[{"href":"https:\/\/www.cineclubaranjuez.es\/index.php\/wp-json\/wp\/v2\/posts"}],"about":[{"href":"https:\/\/www.cineclubaranjuez.es\/index.php\/wp-json\/wp\/v2\/types\/post"}],"author":[{"embeddable":true,"href":"https:\/\/www.cineclubaranjuez.es\/index.php\/wp-json\/wp\/v2\/users\/2"}],"replies":[{"embeddable":true,"href":"https:\/\/www.cineclubaranjuez.es\/index.php\/wp-json\/wp\/v2\/comments?post=2079"}],"version-history":[{"count":1,"href":"https:\/\/www.cineclubaranjuez.es\/index.php\/wp-json\/wp\/v2\/posts\/2079\/revisions"}],"predecessor-version":[{"id":2081,"href":"https:\/\/www.cineclubaranjuez.es\/index.php\/wp-json\/wp\/v2\/posts\/2079\/revisions\/2081"}],"wp:featuredmedia":[{"embeddable":true,"href":"https:\/\/www.cineclubaranjuez.es\/index.php\/wp-json\/wp\/v2\/media\/2080"}],"wp:attachment":[{"href":"https:\/\/www.cineclubaranjuez.es\/index.php\/wp-json\/wp\/v2\/media?parent=2079"}],"wp:term":[{"taxonomy":"category","embeddable":true,"href":"https:\/\/www.cineclubaranjuez.es\/index.php\/wp-json\/wp\/v2\/categories?post=2079"},{"taxonomy":"post_tag","embeddable":true,"href":"https:\/\/www.cineclubaranjuez.es\/index.php\/wp-json\/wp\/v2\/tags?post=2079"}],"curies":[{"name":"wp","href":"https:\/\/api.w.org\/{rel}","templated":true}]}}