{"id":2222,"date":"2022-02-12T21:03:14","date_gmt":"2022-02-12T20:03:14","guid":{"rendered":"https:\/\/www.cineclubaranjuez.es\/?p=2222"},"modified":"2022-02-12T21:08:47","modified_gmt":"2022-02-12T20:08:47","slug":"goya-2022-pronosticos","status":"publish","type":"post","link":"https:\/\/www.cineclubaranjuez.es\/index.php\/2022\/02\/12\/goya-2022-pronosticos\/","title":{"rendered":"Goya 2022. Pron\u00f3sticos"},"content":{"rendered":"<div style='text-align:left' class='yasr-auto-insert-overall'><!--Yasr Overall Rating Shortcode--><div class='yasr-custom-text-before-overall' id='yasr-custom-text-before-overall'>Nuestra Puntuaci\u00f3n<\/div><div class=\"yasr-overall-rating\"><div class=' yasr-rater-stars'\n                           id='yasr-overall-rating-rater-947f94666907f'\n                           data-rating='2.6'\n                           data-rater-starsize='32'>\n                       <\/div><\/div><!--End Yasr Overall Rating Shortcode--><\/div><div style='text-align:left' class='yasr-auto-insert-visitor'><!--Yasr Visitor Votes Shortcode--><div id='yasr_visitor_votes_7bf9e09479946' class='yasr-visitor-votes'><div class=\"yasr-custom-text-vv-before yasr-custom-text-vv-before-2222\">Valoraci\u00f3n de los lectores<\/div><div id='yasr-vv-second-row-container-7bf9e09479946'\n                                        class='yasr-vv-second-row-container'><div id='yasr-visitor-votes-rater-7bf9e09479946'\n                                      class='yasr-rater-stars-vv'\n                                      data-rater-postid='2222'\n                                      data-rating='0'\n                                      data-rater-starsize='32'\n                                      data-rater-readonly='false'\n                                      data-rater-nonce='8391007680'\n                                      data-issingular='false'\n                                    ><\/div><div class=\"yasr-vv-stats-text-container\" id=\"yasr-vv-stats-text-container-7bf9e09479946\"><svg xmlns=\"https:\/\/www.w3.org\/2000\/svg\" width=\"20\" height=\"20\"\n                                   class=\"yasr-dashicons-visitor-stats\"\n                                   data-postid=\"2222\"\n                                   id=\"yasr-stats-dashicon-7bf9e09479946\">\n                                   <path d=\"M18 18v-16h-4v16h4zM12 18v-11h-4v11h4zM6 18v-8h-4v8h4z\"><\/path>\n                               <\/svg><span id=\"yasr-vv-text-container-7bf9e09479946\" class=\"yasr-vv-text-container\">[Total: <span id=\"yasr-vv-votes-number-container-7bf9e09479946\">0<\/span>  Media: <span id=\"yasr-vv-average-container-7bf9e09479946\">0<\/span>]<\/span><\/div><div id='yasr-vv-loader-7bf9e09479946' class='yasr-vv-container-loader'><\/div><\/div><div id='yasr-vv-bottom-container-7bf9e09479946' class='yasr-vv-bottom-container'><\/div><\/div><!--End Yasr Visitor Votes Shortcode--><\/div>\n<p>Voy a intentar hacer un pron\u00f3stico sobre los Goya de este a\u00f1o. Aunque no he visto todas las pelis, s\u00ed he visto varias y voy a intentar pronosticar lo que va  a pasar. Adem\u00e1s os dar\u00e9 mi opini\u00f3n sobre las pel\u00edculas que est\u00e1n nominadas.<\/p>\n\n\n\n<p><\/p>\n\n\n\n<p><span class=\"has-inline-color has-vivid-red-color\">MEJOR PELICULA<\/span><\/p>\n\n\n\n<p>&#8212;<span class=\"has-inline-color has-vivid-green-cyan-color\">LIBERTAD <\/span> No la he visto as\u00ed que no os puedo decir nada sobre ella. En cuanto le eche un ojo intentar\u00e9 hacer alg\u00fan comentario.<\/p>\n\n\n\n<p>&#8212;<span class=\"has-inline-color has-vivid-green-cyan-color\">MEDITERR\u00c1NEO<\/span>  Pel\u00edcula muy en la l\u00ednea de otras ganadoras de los \u00faltimos a\u00f1os. Cine social que gusta mucho en la Academia. En esta ocasi\u00f3n nos ense\u00f1an como fueron los comienzos de una Ong, Open Arms. Fundada por un grupo de socorristas catalanes, una foto de un ni\u00f1o muerto en un playa de Lesbos hace que dos de ellos decidan ir a ayudar. Una vez all\u00ed, no ser\u00e1n muy bien recibidos por las autoridades griegas y sufren muchos problemas para poder ayudar a los inmigrantes que llegan en balsas desde Turqu\u00eda. Muy buena peli, con un gran Eduard Fern\u00e1ndez y una muy buena actuaci\u00f3n de una actriz que me gusta mucho, Anna Castillo. En mi opini\u00f3n lastrada por un Dani Rovira muy fuera del agua en una peli dram\u00e1tica.<\/p>\n\n\n\n<p>&#8212;<span class=\"has-inline-color has-vivid-green-cyan-color\">MAIXABEL<\/span>   Peli que trata un tema muy controvertido. Y es que hablar sobre ETA y sobre los etarras creo que todav\u00eda duele mucho. En esta ocasi\u00f3n nos cuentan la historia de Maixabel Lasa, viuda de Juan Mar\u00eda J\u00e1uregui. Este fue asesinado por ETA en el a\u00f1o 2000, y la peli nos muestra dos partes de la historia. Por un lado la de la viuda, y por otro la del etarra que le asesin\u00f3 y como a\u00f1os despu\u00e9s y tras el arrepentimiento de este \u00faltimo terminan teniendo una entrevista en la c\u00e1rcel. Dos grandes actuaciones por parte de Luis Tosar y Blanca Portillo, en mi opini\u00f3n le falta algo. No me termin\u00f3 de convencer, y no termin\u00e9 de conmoverme con la historia a pesar de la capacidad de su directora para emocionar.<\/p>\n\n\n\n<p><\/p>\n\n\n\n<p>&#8212;<span class=\"has-inline-color has-vivid-green-cyan-color\">MADRES PARALELAS<\/span>  Peli de Almod\u00f3var que me ha gustado mucho. A punto de dar a luz, dos mujeres se conocen en el hopital. Por un lado una mujer madura y madre soltera, interpretada por Pen\u00e9lope Cruz. Y por otro lado una chica muy jovencita, tambi\u00e9n madre soltera e interpretada por Milena Smit. Ambas tendr\u00e1n a sus hijas y a partir de aqu\u00ed su vida siempre tendr\u00e1 algo en com\u00fan. Muy buenas actuaciones, una muy buena historia que te mantiene pegado hasta el final. Me ha sorprendido much\u00edsimo que no est\u00e9 nominado a mejor guion. Y una pena que no la presentaran a los Oscar, porque seguro que hubiera tenido muchas posibilidades de ganar, tras recibir dos nominaciones: mejor actriz y mejor banda sonora.<\/p>\n\n\n\n<p><\/p>\n\n\n\n<p><span class=\"has-inline-color has-vivid-green-cyan-color\">EL BUEN PATR\u00d3N<\/span>  En mi opini\u00f3n la peli m\u00e1s redonda de todas las que he visto. Me encanta la peli, desde el principio hasta el final. Con unas actuaciones geniales, especialmente un gran Bardem. La peli nos muestra una f\u00e1brica de balanzas, y nos presenta al due\u00f1o de la misma. A partir de aqu\u00ed se nos van entremezclando varias historias, y con un gran toque de humor nos va mostrando todas las miserias y los tejemanejes que un buen patr\u00f3n tiene que hacer para que funcione su f\u00e1brica. Por supuesto, toda una s\u00e1tira del mundo capitalista llevando todas las historias al \u00faltimo extremo. Muy recomendable, una l\u00e1stima que se haya quedado a las puertas de los Oscar. Pero una vuelta a la primera l\u00ednea de su director.<\/p>\n\n\n\n<p><\/p>\n\n\n\n<p><strong>PRONOSTICO:EL BUEN PATR\u00d3N<\/strong><\/p>\n\n\n\n<p>Ser\u00eda muy raro que tras llevarla a los Oscar, ahora le dieran el premio a otra.<\/p>\n\n\n\n<p><\/p>\n\n\n\n<p><span class=\"has-inline-color has-vivid-red-color\">DIRECTOR<\/span><\/p>\n\n\n\n<p>PEDRO ALMODOVAR-MADRES PARALELAS<\/p>\n\n\n\n<p>FERNANDO LE\u00d3N DE ARANOA-EL BUEN PATR\u00d3N<\/p>\n\n\n\n<p>MANUEL MART\u00cdN CUENCA-LA HIJA(NO HE VISTO LA PELI)<\/p>\n\n\n\n<p>ICIAR BOLLA\u00cdN-MAIXABEL<\/p>\n\n\n\n<p><\/p>\n\n\n\n<p><strong>PRON\u00d3STICO:FERNANDO LE\u00d3N DE ARANOA<\/strong><\/p>\n\n\n\n<p>Parece que Almod\u00f3var tiene un enfrentamiento con la Academia, y no creo que mejore este a\u00f1o.<\/p>\n\n\n\n<p><\/p>\n\n\n\n<p><span class=\"has-inline-color has-vivid-red-color\">ACTOR PROTAGONISTA<\/span><\/p>\n\n\n\n<p>JAVIER BARDEM-EL BUEN PATR\u00d3N<\/p>\n\n\n\n<p>LUIS TOSAR-MAIXABEL<\/p>\n\n\n\n<p>EDUARD FERN\u00c1NDEZ-MEDITERR\u00c1NEO<\/p>\n\n\n\n<p>JAVIER GUTI\u00c9RREZ- LA HIJA<\/p>\n\n\n\n<p><\/p>\n\n\n\n<p><strong>PRON\u00d3STICO:JAVIER BARDEM<\/strong><\/p>\n\n\n\n<p>Me parece que estamos ante uno de los mejores actores espa\u00f1oles de la historia, y esta es una de sus mejores actuaciones.<\/p>\n\n\n\n<p><\/p>\n\n\n\n<p><span class=\"has-inline-color has-vivid-red-color\">ACTRIZ PROTAGONISTA<\/span><\/p>\n\n\n\n<p>PEN\u00c9LOPE CRUZ- MADRES PARALELAS<\/p>\n\n\n\n<p>BLANCA PORTILLO-MAIXABEL<\/p>\n\n\n\n<p>EMMA SU\u00c1REZ-JOSEFINA(NO LA HE VISTO)<\/p>\n\n\n\n<p>PETRA MART\u00cdNEZ-LA VIDA ERA ESO<\/p>\n\n\n\n<p><strong>PRON\u00d3STICO:PEN\u00c9LOPE CRUZ<\/strong><\/p>\n\n\n\n<p>Ser\u00eda muy raro que estuviera nominada al Oscar y no ganara el Goya. Adem\u00e1s muy buen actuaci\u00f3n.<\/p>\n\n\n\n<p><\/p>\n\n\n\n<p><span class=\"has-inline-color has-vivid-red-color\">ACTOR DE REPARTO<\/span><\/p>\n\n\n\n<p>URKO OLAZ\u00c1BAL-MAIXABEL<\/p>\n\n\n\n<p>CELSO BUGALLO-EL BUEN PATR\u00d3N<\/p>\n\n\n\n<p>MANOLO SOLO-EL BUEN PATR\u00d3N<\/p>\n\n\n\n<p>FERNANDO ALBIZU-EL BUEN PATR\u00d3N<\/p>\n\n\n\n<p><strong>PRON\u00d3STICO:MANOLO SOLO<\/strong><\/p>\n\n\n\n<p>Aunque el hecho de que haya tres nominados de la misma peli podr\u00eda dar opciones a Urko Oloz\u00e1bal, el que m\u00e1s me ha gustado es Manolo Solo. Gran interpretaci\u00f3n, mezcla de drama y humor.<\/p>\n\n\n\n<p><span class=\"has-inline-color has-vivid-red-color\">ACTRIZ DE REPARTO<\/span><\/p>\n\n\n\n<p>AITANA S\u00c1NCHEZ-GIJ\u00d3N-MADRES PARALELAS<\/p>\n\n\n\n<p>MILENA SMIT-MADRES PARALELAS<\/p>\n\n\n\n<p>SONIA ALMARCHA-EL BUEN PATR\u00d3N<\/p>\n\n\n\n<p>NORA NAVAS-LIBERTAD<\/p>\n\n\n\n<p><strong>PRON\u00d3STICO:MILENA SMIT<\/strong><\/p>\n\n\n\n<p>No la conoc\u00eda y me ha gustado mucho su actuaci\u00f3n. Sin duda alguien a qui\u00e9n seguir muy de cerca.<\/p>\n\n\n\n<p><\/p>\n\n\n\n<p><span class=\"has-inline-color has-vivid-red-color\">ACTOR REVELACI\u00d3N<\/span><\/p>\n\n\n\n<p>CHECHU SALGADO-LA LEY DE LA FRONTERA<\/p>\n\n\n\n<p>OSCAR DE LA FUENTE-EL BUEN PATR\u00d3N<\/p>\n\n\n\n<p>TARIK RMILI.EL BUEN PATR\u00d3N<\/p>\n\n\n\n<p>JORGE MOTOS-LUCAS<\/p>\n\n\n\n<p><strong>PRON\u00d3STICO:JORGE MOTOS<\/strong><\/p>\n\n\n\n<p>Me encant\u00f3 la actuaci\u00f3n de este chaval en una peli muy dura y muy complicada. Sin duda otro emergente actor al que habr\u00e1 que vigilar.<\/p>\n\n\n\n<p><\/p>\n\n\n\n<p><span class=\"has-inline-color has-vivid-red-color\">ACTRIZ REVELACI\u00d3N<\/span><\/p>\n\n\n\n<p>ALMUDENA AMOR-EL BUEN PATR\u00d3N<\/p>\n\n\n\n<p>ANGELA CERVANTES-CHAVALAS(NO LA HE VISTO)<\/p>\n\n\n\n<p>MAR\u00cdA CEREZUELA-MAIXABEL<\/p>\n\n\n\n<p>NICOLLE GARC\u00cdA-LIBERTAD<\/p>\n\n\n\n<p><strong>PRON\u00d3STICO-ALMUDENA AMOR<\/strong><\/p>\n\n\n\n<p>Uno de los m\u00e1s igualados, al menos entre las dos que he visto.<\/p>\n\n\n\n<p><\/p>\n\n\n\n<p><span class=\"has-inline-color has-vivid-red-color\">GUION ORIGINAL<\/span><\/p>\n\n\n\n<p>EL BUEN PATR\u00d3N<\/p>\n\n\n\n<p>LIBERTAD<\/p>\n\n\n\n<p>MAIXABEL<\/p>\n\n\n\n<p>TRES(NO LA HE VISTO)<\/p>\n\n\n\n<p><strong>PRON\u00d3STICO:EL BUEN PATR\u00d3N<\/strong><\/p>\n\n\n\n<p>Sin haber visto dos de las nominadas, me sorprende mucho que no est\u00e9 Madres paralelas. Sin ella, creo que El buen patr\u00f3n no tiene rival.<\/p>\n\n\n\n<p><\/p>\n\n\n\n<p><span class=\"has-inline-color has-vivid-red-color\">GUION ADAPTADO<\/span><\/p>\n\n\n\n<p>AMA(NO LA HE VISTO)<\/p>\n\n\n\n<p>EL VIENTRE DEL MAR(NO LA HE VISTO)<\/p>\n\n\n\n<p>LAS LEYES DE LA FRONTERA<\/p>\n\n\n\n<p>PAN DE LIM\u00d3N CON SEMILLAS DE AMAPOLA(NO LA HE VISTO)<\/p>\n\n\n\n<p><strong>PRON\u00d3STICO:LAS LEYES DE LA FRONTERA<\/strong><\/p>\n\n\n\n<p>Es la \u00fanica que he visto, as\u00ed que no tiene rival.<\/p>\n\n\n\n<p><\/p>\n\n\n\n<p><\/p>\n\n\n\n<p>En los apartados t\u00e9cnicos no me siento con los suficientes conocimientos como para opinar, as\u00ed que no me voy a meter. Como cortos y animaci\u00f3n no he visto ninguna pues tampoco tiene mucho sentido opinar.<\/p>\n\n\n\n<p>Solo dar dos peque\u00f1os apuntes m\u00e1s. Por un lado, me ha sorprendido que en la mejor banda sonora no est\u00e9 Alberto Iglesias que sin embargo ha sido nominado a los Oscar. Como ya dije me sorprende la no nominaci\u00f3n de Madres paralelas a mejor guion, uno de sus fuertes. Y aunque no la he visto, me sorprende que la \u00faltima peli de Rodrigo Cort\u00e9s, El amor en su lugar solo tenga dos nominaciones. Ya que est\u00e1 siendo una de las triunfadoras en varios premios, y adem\u00e1s ha tenido una gran acogida por parte de p\u00fablico y cr\u00edtica.<\/p>\n\n\n\n<p>Intentar\u00e9 hacer una segunda entrada viendo los aciertos y fallos de mis pron\u00f3sticos. Pod\u00e9is dejarnos vuestras opiniones.<\/p>\n","protected":false},"excerpt":{"rendered":"<p>Nuestra Puntuaci\u00f3n Valoraci\u00f3n de los lectores [Total: 0 Media: 0] Voy a intentar hacer un pron\u00f3stico sobre los Goya de<\/p>\n","protected":false},"author":2,"featured_media":2223,"comment_status":"open","ping_status":"open","sticky":false,"template":"","format":"standard","meta":{"yasr_overall_rating":2.6,"yasr_post_is_review":"","yasr_auto_insert_disabled":"","yasr_review_type":"","footnotes":""},"categories":[2],"tags":[470],"class_list":["post-2222","post","type-post","status-publish","format-standard","has-post-thumbnail","hentry","category-criticas","tag-goya-2022"],"yasr_visitor_votes":{"stars_attributes":{"read_only":false,"span_bottom":false},"number_of_votes":0,"sum_votes":0},"_links":{"self":[{"href":"https:\/\/www.cineclubaranjuez.es\/index.php\/wp-json\/wp\/v2\/posts\/2222"}],"collection":[{"href":"https:\/\/www.cineclubaranjuez.es\/index.php\/wp-json\/wp\/v2\/posts"}],"about":[{"href":"https:\/\/www.cineclubaranjuez.es\/index.php\/wp-json\/wp\/v2\/types\/post"}],"author":[{"embeddable":true,"href":"https:\/\/www.cineclubaranjuez.es\/index.php\/wp-json\/wp\/v2\/users\/2"}],"replies":[{"embeddable":true,"href":"https:\/\/www.cineclubaranjuez.es\/index.php\/wp-json\/wp\/v2\/comments?post=2222"}],"version-history":[{"count":1,"href":"https:\/\/www.cineclubaranjuez.es\/index.php\/wp-json\/wp\/v2\/posts\/2222\/revisions"}],"predecessor-version":[{"id":2224,"href":"https:\/\/www.cineclubaranjuez.es\/index.php\/wp-json\/wp\/v2\/posts\/2222\/revisions\/2224"}],"wp:featuredmedia":[{"embeddable":true,"href":"https:\/\/www.cineclubaranjuez.es\/index.php\/wp-json\/wp\/v2\/media\/2223"}],"wp:attachment":[{"href":"https:\/\/www.cineclubaranjuez.es\/index.php\/wp-json\/wp\/v2\/media?parent=2222"}],"wp:term":[{"taxonomy":"category","embeddable":true,"href":"https:\/\/www.cineclubaranjuez.es\/index.php\/wp-json\/wp\/v2\/categories?post=2222"},{"taxonomy":"post_tag","embeddable":true,"href":"https:\/\/www.cineclubaranjuez.es\/index.php\/wp-json\/wp\/v2\/tags?post=2222"}],"curies":[{"name":"wp","href":"https:\/\/api.w.org\/{rel}","templated":true}]}}