{"id":2272,"date":"2022-05-24T20:18:15","date_gmt":"2022-05-24T18:18:15","guid":{"rendered":"https:\/\/www.cineclubaranjuez.es\/?p=2272"},"modified":"2022-05-24T20:18:17","modified_gmt":"2022-05-24T18:18:17","slug":"el-salario-del-miedo","status":"publish","type":"post","link":"https:\/\/www.cineclubaranjuez.es\/index.php\/2022\/05\/24\/el-salario-del-miedo\/","title":{"rendered":"El salario del miedo"},"content":{"rendered":"<div style='text-align:left' class='yasr-auto-insert-overall'><!--Yasr Overall Rating Shortcode--><div class='yasr-custom-text-before-overall' id='yasr-custom-text-before-overall'>Nuestra Puntuaci\u00f3n<\/div><div class=\"yasr-overall-rating\"><div class=' yasr-rater-stars'\n                           id='yasr-overall-rating-rater-66b496131308f'\n                           data-rating='3.9'\n                           data-rater-starsize='32'>\n                       <\/div><\/div><!--End Yasr Overall Rating Shortcode--><\/div><div style='text-align:left' class='yasr-auto-insert-visitor'><!--Yasr Visitor Votes Shortcode--><div id='yasr_visitor_votes_16c61396f8331' class='yasr-visitor-votes'><div class=\"yasr-custom-text-vv-before yasr-custom-text-vv-before-2272\">Valoraci\u00f3n de los lectores<\/div><div id='yasr-vv-second-row-container-16c61396f8331'\n                                        class='yasr-vv-second-row-container'><div id='yasr-visitor-votes-rater-16c61396f8331'\n                                      class='yasr-rater-stars-vv'\n                                      data-rater-postid='2272'\n                                      data-rating='0'\n                                      data-rater-starsize='32'\n                                      data-rater-readonly='false'\n                                      data-rater-nonce='b25d7f2148'\n                                      data-issingular='false'\n                                    ><\/div><div class=\"yasr-vv-stats-text-container\" id=\"yasr-vv-stats-text-container-16c61396f8331\"><svg xmlns=\"https:\/\/www.w3.org\/2000\/svg\" width=\"20\" height=\"20\"\n                                   class=\"yasr-dashicons-visitor-stats\"\n                                   data-postid=\"2272\"\n                                   id=\"yasr-stats-dashicon-16c61396f8331\">\n                                   <path d=\"M18 18v-16h-4v16h4zM12 18v-11h-4v11h4zM6 18v-8h-4v8h4z\"><\/path>\n                               <\/svg><span id=\"yasr-vv-text-container-16c61396f8331\" class=\"yasr-vv-text-container\">[Total: <span id=\"yasr-vv-votes-number-container-16c61396f8331\">0<\/span>  Media: <span id=\"yasr-vv-average-container-16c61396f8331\">0<\/span>]<\/span><\/div><div id='yasr-vv-loader-16c61396f8331' class='yasr-vv-container-loader'><\/div><\/div><div id='yasr-vv-bottom-container-16c61396f8331' class='yasr-vv-bottom-container'><\/div><\/div><!--End Yasr Visitor Votes Shortcode--><\/div>\n<p>T\u00edtulo originalLe Salaire de la peur<\/p>\n\n\n\n<p>A\u00f1o1953<\/p>\n\n\n\n<p>Duraci\u00f3n140 min.<\/p>\n\n\n\n<p>Pa\u00eds<img decoding=\"async\" src=\"https:\/\/www.filmaffinity.com\/imgs\/countries2\/FR.png\" alt=\"Francia\">\u00a0Francia<\/p>\n\n\n\n<p>Direcci\u00f3n<a href=\"https:\/\/www.filmaffinity.com\/es\/search.php?stype=director&amp;sn&amp;stext=H.G.%20Clouzot\">H.G. Clouzot<\/a><\/p>\n\n\n\n<p>GuionH.G. Clouzot,\u00a0J\u00e9rome G\u00e9ronimi.<em>\u00a0Novela:<\/em>\u00a0Georges Arnaud<\/p>\n\n\n\n<p>M\u00fasicaGeorges Auric<\/p>\n\n\n\n<p>Fotograf\u00edaArmand Thirard\u00a0(B&amp;W)<\/p>\n\n\n\n<p>Reparto<a href=\"https:\/\/www.filmaffinity.com\/es\/search.php?stype=cast&amp;sn&amp;stext=Yves%20Montand\">Yves Montand<\/a>,\u00a0<a href=\"https:\/\/www.filmaffinity.com\/es\/search.php?stype=cast&amp;sn&amp;stext=Charles%20Vanel\">Charles Vanel<\/a>,\u00a0<a href=\"https:\/\/www.filmaffinity.com\/es\/search.php?stype=cast&amp;sn&amp;stext=V%C3%A9ra%20Clouzot\">V\u00e9ra Clouzot<\/a>,\u00a0<a href=\"https:\/\/www.filmaffinity.com\/es\/search.php?stype=cast&amp;sn&amp;stext=Peter%20van%20Eyck\">Peter van Eyck<\/a>,\u00a0<a href=\"https:\/\/www.filmaffinity.com\/es\/search.php?stype=cast&amp;sn&amp;stext=Folco%20Lulli\">Folco Lulli<\/a>,\u00a0<a href=\"https:\/\/www.filmaffinity.com\/es\/search.php?stype=cast&amp;sn&amp;stext=William%20Tubbs\">William Tubbs<\/a>,\u00a0<a href=\"https:\/\/www.filmaffinity.com\/es\/search.php?stype=cast&amp;sn&amp;stext=Dario%20Moreno\">Dario Moreno<\/a>,\u00a0<a href=\"https:\/\/www.filmaffinity.com\/es\/search.php?stype=cast&amp;sn&amp;stext=Jo%20Dest\">Jo Dest<\/a><\/p>\n\n\n\n<p>ProductoraCompagnie Industrielle et Commerciale Cin\u00e9matographique (CICC),\u00a0Filmsonor,\u00a0Vera Films,\u00a0Fono Film<\/p>\n\n\n\n<p>G\u00e9nero<a href=\"https:\/\/www.filmaffinity.com\/es\/moviegenre.php?genre=AV&amp;attr=rat_count&amp;nodoc\">Aventuras<\/a>.\u00a0<a href=\"https:\/\/www.filmaffinity.com\/es\/moviegenre.php?genre=TH&amp;attr=rat_count&amp;nodoc\">Thriller<\/a>.\u00a0<a href=\"https:\/\/www.filmaffinity.com\/es\/moviegenre.php?genre=DR&amp;attr=rat_count&amp;nodoc\">Drama<\/a>\u00a0|\u00a0<a href=\"https:\/\/www.filmaffinity.com\/es\/movietopic.php?topic=436447&amp;attr=rat_count&amp;nodoc\">Pel\u00edcula de culto<\/a><\/p>\n\n\n\n<p>SinopsisLa tensi\u00f3n entre cuatro trabajadores de una compa\u00f1\u00eda petrol\u00edfera estallar\u00e1 durante un peligroso viaje durante el cual transportan nitroglicerina. (FILMAFFINITY)<\/p>\n\n\n\n<p>Opini\u00f3n: Hab\u00eda muchas cosas en contra de ver este peli. Una larga duraci\u00f3n, que fuera bastante antigua y que para nosotros fuera totalmente desconocida. Las dos primeras razones no suelen ser un problema para nosotros, y la tercera solo indica que como presuntos cin\u00e9filos somos un fraude. Y es que reconozco que no he visto mucho cine franc\u00e9s, pero es algo que tengo que remediar porque me estoy encontrando con aut\u00e9nticas joyas. Y sin duda, esta es una de ellas.<\/p>\n\n\n\n<p>La peli tiene un comienzo con un ritmo muy lento. Y es que el director se toma su tiempo, much\u00edsimo para los c\u00e1nones actuales, en presentarnos a los personajes y sus motivaciones. En este comienzo se nos presenta a los protagonistas de la peli, unos tipos encerrados en una ciudad de la que no pueden salir por razones econ\u00f3micas. As\u00ed que malviven en busca de un golpe de  suerte que les permita coger un avi\u00f3n e intentar una nueva vida.<\/p>\n\n\n\n<p>Para cuatro de ellos surge una oportunidad de oro, un trabajo muy bien pagado pero a la vez muy peligroso. Conducir un cami\u00f3n a trav\u00e9s de carreteras tercermundistas, cargados con nitroglicerina.<\/p>\n\n\n\n<p>El viaje se convierte en una sucesi\u00f3n de peligros que hace que te mantengas pegado al sill\u00f3n durante toda la peli. A la vez que vas conociendo la verdadera personalidad de cada uno de los cuatro conductores.<\/p>\n\n\n\n<p>Si a alguien le pregunta por una peli de tensi\u00f3n o un thriller de los a\u00f1os 50, seguramente en lo primero que pensar\u00eda es en Hitchcock. Pero tengo que reconocer que esta peli no tiene nada que desmerecer al gran genio del suspense, y desde luego da lecciones de cine a mucho directores actuales.<\/p>\n\n\n\n<p>Una de las cosas que m\u00e1s nos llam\u00f3 la atenci\u00f3n fue c\u00f3mo la condici\u00f3n humana sigue siendo la misma pase el tiempo que pase. Los poderosos siguen aprovech\u00e1ndose de la miseria y de la gente sin recursos. Los m\u00e1s listos intentan aprovecharse de la gente de buen coraz\u00f3n y la cercan\u00eda a la muerte hace que salga la verdadera esencia de cada uno.<\/p>\n\n\n\n<p>LO PEOR: Un inicio demasiado largo y lento. Y el final tampoco me convenci\u00f3.<\/p>\n\n\n\n<p>LO MEJOR: La parte central de la peli es de lo mejor que he visto en mucho tiempo. Consigue una tensi\u00f3n digna de los mejores directores y de las mejores pelis del g\u00e9nero.<\/p>\n\n\n\n<p>Por \u00faltimo deciros que la pod\u00e9is ver en Amazon, y que si decid\u00eds darle una oportunidad, d\u00e1dsela hasta el final que merece la pena,<\/p>\n\n\n\n<p><\/p>\n","protected":false},"excerpt":{"rendered":"<p>Nuestra Puntuaci\u00f3n Valoraci\u00f3n de los lectores [Total: 0 Media: 0] T\u00edtulo originalLe Salaire de la peur A\u00f1o1953 Duraci\u00f3n140 min. Pa\u00eds\u00a0Francia<\/p>\n","protected":false},"author":2,"featured_media":2273,"comment_status":"open","ping_status":"open","sticky":false,"template":"","format":"standard","meta":{"yasr_overall_rating":3.9,"yasr_post_is_review":"","yasr_auto_insert_disabled":"","yasr_review_type":"","footnotes":""},"categories":[2],"tags":[501,500,147,281],"class_list":["post-2272","post","type-post","status-publish","format-standard","has-post-thumbnail","hentry","category-criticas","tag-charles-vanel","tag-h-g-clouzot","tag-thriller","tag-yves-montand"],"yasr_visitor_votes":{"stars_attributes":{"read_only":false,"span_bottom":false},"number_of_votes":0,"sum_votes":0},"_links":{"self":[{"href":"https:\/\/www.cineclubaranjuez.es\/index.php\/wp-json\/wp\/v2\/posts\/2272"}],"collection":[{"href":"https:\/\/www.cineclubaranjuez.es\/index.php\/wp-json\/wp\/v2\/posts"}],"about":[{"href":"https:\/\/www.cineclubaranjuez.es\/index.php\/wp-json\/wp\/v2\/types\/post"}],"author":[{"embeddable":true,"href":"https:\/\/www.cineclubaranjuez.es\/index.php\/wp-json\/wp\/v2\/users\/2"}],"replies":[{"embeddable":true,"href":"https:\/\/www.cineclubaranjuez.es\/index.php\/wp-json\/wp\/v2\/comments?post=2272"}],"version-history":[{"count":1,"href":"https:\/\/www.cineclubaranjuez.es\/index.php\/wp-json\/wp\/v2\/posts\/2272\/revisions"}],"predecessor-version":[{"id":2274,"href":"https:\/\/www.cineclubaranjuez.es\/index.php\/wp-json\/wp\/v2\/posts\/2272\/revisions\/2274"}],"wp:featuredmedia":[{"embeddable":true,"href":"https:\/\/www.cineclubaranjuez.es\/index.php\/wp-json\/wp\/v2\/media\/2273"}],"wp:attachment":[{"href":"https:\/\/www.cineclubaranjuez.es\/index.php\/wp-json\/wp\/v2\/media?parent=2272"}],"wp:term":[{"taxonomy":"category","embeddable":true,"href":"https:\/\/www.cineclubaranjuez.es\/index.php\/wp-json\/wp\/v2\/categories?post=2272"},{"taxonomy":"post_tag","embeddable":true,"href":"https:\/\/www.cineclubaranjuez.es\/index.php\/wp-json\/wp\/v2\/tags?post=2272"}],"curies":[{"name":"wp","href":"https:\/\/api.w.org\/{rel}","templated":true}]}}