{"id":2313,"date":"2022-07-19T11:53:30","date_gmt":"2022-07-19T09:53:30","guid":{"rendered":"https:\/\/www.cineclubaranjuez.es\/?p=2313"},"modified":"2022-07-19T11:53:31","modified_gmt":"2022-07-19T09:53:31","slug":"sesion-doble-vol-9-los-lunes-al-sol","status":"publish","type":"post","link":"https:\/\/www.cineclubaranjuez.es\/index.php\/2022\/07\/19\/sesion-doble-vol-9-los-lunes-al-sol\/","title":{"rendered":"Sesi\u00f3n doble Vol.9: Los lunes al sol"},"content":{"rendered":"\n<figure class=\"wp-block-audio\"><audio controls src=\"https:\/\/www.cineclubaranjuez.es\/wp-content\/uploads\/2022\/07\/sd-vol-9-los-lunes-al-sol.ogg\" src=\"https:\/\/www.cineclubaranjuez.es\/wp-content\/uploads\/2022\/07\/sd-vol-9-los-lunes-al-sol.mp3\"><\/audio><\/figure>\n\n\n\n<p>Con cuatro amigos, con problemas t\u00e9cnicos y Amador esperando en la calle, llegamos al final de la cuarta temporada. Si algo pod\u00eda salir mal, pues no sali\u00f3 e hicimos y completamos este podcast. Pasamos de nuestras f\u00f3rmulas habituales y nos lanzamos a un debate a caballo entre la vida, nuestras experiencias personales y la pel\u00edcula. Una bonita charla donde pudimos comprobar que el cine y la realidad muchas veces van de la mano. Al final la pel\u00edcula fue una excusa para que con nuestro estilo de seis amigos que se re\u00fanen para hablar de cine cerremos temporada.<\/p>\n\n\n\n<p>Muchas gracias a Naiara, Laura, David y Jorge por su tiempo y su paciencia.<\/p>\n\n\n\n<p>Volveremos en unos meses<\/p>\n\n\n\n<p>Gracias por escucharnos y hasta ahora.  <\/p>\n","protected":false},"excerpt":{"rendered":"<p>Con cuatro amigos, con problemas t\u00e9cnicos y Amador esperando en la calle, llegamos al final de la cuarta temporada. Si<\/p>\n","protected":false},"author":3,"featured_media":2316,"comment_status":"open","ping_status":"open","sticky":false,"template":"","format":"standard","meta":{"yasr_overall_rating":0,"yasr_post_is_review":"","yasr_auto_insert_disabled":"yes","yasr_review_type":"","footnotes":""},"categories":[7],"tags":[517,516,201,49],"class_list":["post-2313","post","type-post","status-publish","format-standard","has-post-thumbnail","hentry","category-podcast","tag-javier-bardem","tag-los-lunes-al-sol","tag-luis-tosar","tag-podcast"],"yasr_visitor_votes":{"stars_attributes":{"read_only":false,"span_bottom":false},"number_of_votes":0,"sum_votes":0},"_links":{"self":[{"href":"https:\/\/www.cineclubaranjuez.es\/index.php\/wp-json\/wp\/v2\/posts\/2313"}],"collection":[{"href":"https:\/\/www.cineclubaranjuez.es\/index.php\/wp-json\/wp\/v2\/posts"}],"about":[{"href":"https:\/\/www.cineclubaranjuez.es\/index.php\/wp-json\/wp\/v2\/types\/post"}],"author":[{"embeddable":true,"href":"https:\/\/www.cineclubaranjuez.es\/index.php\/wp-json\/wp\/v2\/users\/3"}],"replies":[{"embeddable":true,"href":"https:\/\/www.cineclubaranjuez.es\/index.php\/wp-json\/wp\/v2\/comments?post=2313"}],"version-history":[{"count":1,"href":"https:\/\/www.cineclubaranjuez.es\/index.php\/wp-json\/wp\/v2\/posts\/2313\/revisions"}],"predecessor-version":[{"id":2317,"href":"https:\/\/www.cineclubaranjuez.es\/index.php\/wp-json\/wp\/v2\/posts\/2313\/revisions\/2317"}],"wp:featuredmedia":[{"embeddable":true,"href":"https:\/\/www.cineclubaranjuez.es\/index.php\/wp-json\/wp\/v2\/media\/2316"}],"wp:attachment":[{"href":"https:\/\/www.cineclubaranjuez.es\/index.php\/wp-json\/wp\/v2\/media?parent=2313"}],"wp:term":[{"taxonomy":"category","embeddable":true,"href":"https:\/\/www.cineclubaranjuez.es\/index.php\/wp-json\/wp\/v2\/categories?post=2313"},{"taxonomy":"post_tag","embeddable":true,"href":"https:\/\/www.cineclubaranjuez.es\/index.php\/wp-json\/wp\/v2\/tags?post=2313"}],"curies":[{"name":"wp","href":"https:\/\/api.w.org\/{rel}","templated":true}]}}