{"id":2330,"date":"2022-09-29T20:28:55","date_gmt":"2022-09-29T18:28:55","guid":{"rendered":"https:\/\/www.cineclubaranjuez.es\/?p=2330"},"modified":"2022-09-29T20:28:57","modified_gmt":"2022-09-29T18:28:57","slug":"el-extrano-viaje","status":"publish","type":"post","link":"https:\/\/www.cineclubaranjuez.es\/index.php\/2022\/09\/29\/el-extrano-viaje\/","title":{"rendered":"El extra\u00f1o viaje"},"content":{"rendered":"<div style='text-align:left' class='yasr-auto-insert-overall'><!--Yasr Overall Rating Shortcode--><div class='yasr-custom-text-before-overall' id='yasr-custom-text-before-overall'>Nuestra Puntuaci\u00f3n<\/div><div class=\"yasr-overall-rating\"><div class=' yasr-rater-stars'\n                           id='yasr-overall-rating-rater-631f9afbb24c0'\n                           data-rating='4.5'\n                           data-rater-starsize='32'>\n                       <\/div><\/div><!--End Yasr Overall Rating Shortcode--><\/div><div style='text-align:left' class='yasr-auto-insert-visitor'><!--Yasr Visitor Votes Shortcode--><div id='yasr_visitor_votes_6e9bf12e143c0' class='yasr-visitor-votes'><div class=\"yasr-custom-text-vv-before yasr-custom-text-vv-before-2330\">Valoraci\u00f3n de los lectores<\/div><div id='yasr-vv-second-row-container-6e9bf12e143c0'\n                                        class='yasr-vv-second-row-container'><div id='yasr-visitor-votes-rater-6e9bf12e143c0'\n                                      class='yasr-rater-stars-vv'\n                                      data-rater-postid='2330'\n                                      data-rating='0'\n                                      data-rater-starsize='32'\n                                      data-rater-readonly='false'\n                                      data-rater-nonce='bee0312318'\n                                      data-issingular='false'\n                                    ><\/div><div class=\"yasr-vv-stats-text-container\" id=\"yasr-vv-stats-text-container-6e9bf12e143c0\"><svg xmlns=\"https:\/\/www.w3.org\/2000\/svg\" width=\"20\" height=\"20\"\n                                   class=\"yasr-dashicons-visitor-stats\"\n                                   data-postid=\"2330\"\n                                   id=\"yasr-stats-dashicon-6e9bf12e143c0\">\n                                   <path d=\"M18 18v-16h-4v16h4zM12 18v-11h-4v11h4zM6 18v-8h-4v8h4z\"><\/path>\n                               <\/svg><span id=\"yasr-vv-text-container-6e9bf12e143c0\" class=\"yasr-vv-text-container\">[Total: <span id=\"yasr-vv-votes-number-container-6e9bf12e143c0\">0<\/span>  Media: <span id=\"yasr-vv-average-container-6e9bf12e143c0\">0<\/span>]<\/span><\/div><div id='yasr-vv-loader-6e9bf12e143c0' class='yasr-vv-container-loader'><\/div><\/div><div id='yasr-vv-bottom-container-6e9bf12e143c0' class='yasr-vv-bottom-container'><\/div><\/div><!--End Yasr Visitor Votes Shortcode--><\/div>\n<p>T\u00edtulo originalEl extra\u00f1o viaje<\/p>\n\n\n\n<p>A\u00f1o1964<\/p>\n\n\n\n<p>Duraci\u00f3n98 min.<\/p>\n\n\n\n<p>Pa\u00eds<img decoding=\"async\" src=\"https:\/\/www.filmaffinity.com\/imgs\/countries2\/ES.png\" alt=\"Espa\u00f1a\">\u00a0Espa\u00f1a<\/p>\n\n\n\n<p>Direcci\u00f3n<a href=\"https:\/\/www.filmaffinity.com\/es\/search.php?stype=director&amp;sn&amp;stext=Fernando%20Fern%C3%A1n%20G%C3%B3mez\">Fernando Fern\u00e1n G\u00f3mez<\/a><\/p>\n\n\n\n<p>GuionManuel Ruiz Castillo,\u00a0Pedro Beltr\u00e1n.<em>\u00a0<\/em><\/p>\n\n\n\n<p><em>Argumento:<\/em>\u00a0Luis Garc\u00eda Berlanga<\/p>\n\n\n\n<p>M\u00fasicaCrist\u00f3bal Halffter<\/p>\n\n\n\n<p>Fotograf\u00edaJos\u00e9 Fern\u00e1ndez Aguayo\u00a0(B&amp;W)<\/p>\n\n\n\n<p>Reparto<a href=\"https:\/\/www.filmaffinity.com\/es\/search.php?stype=cast&amp;sn&amp;stext=Carlos%20Larra%C3%B1aga\">Carlos Larra\u00f1aga<\/a>,\u00a0<a href=\"https:\/\/www.filmaffinity.com\/es\/search.php?stype=cast&amp;sn&amp;stext=Tota%20Alba\">Tota Alba<\/a>,\u00a0<a href=\"https:\/\/www.filmaffinity.com\/es\/search.php?stype=cast&amp;sn&amp;stext=Lina%20Canalejas\">Lina Canalejas<\/a>,\u00a0<a href=\"https:\/\/www.filmaffinity.com\/es\/search.php?stype=cast&amp;sn&amp;stext=Jes%C3%BAs%20Franco\">Jes\u00fas Franco<\/a>,\u00a0<a href=\"https:\/\/www.filmaffinity.com\/es\/search.php?stype=cast&amp;sn&amp;stext=Rafaela%20Aparicio\">Rafaela Aparicio<\/a>,\u00a0<a href=\"https:\/\/www.filmaffinity.com\/es\/search.php?stype=cast&amp;sn&amp;stext=Sara%20Lezana\">Sara Lezana<\/a>,\u00a0<a href=\"https:\/\/www.filmaffinity.com\/es\/search.php?stype=cast&amp;sn&amp;stext=Mar%C3%ADa%20Luisa%20Ponte\">Mar\u00eda Luisa Ponte<\/a>,\u00a0<a href=\"https:\/\/www.filmaffinity.com\/es\/search.php?stype=cast&amp;sn&amp;stext=Teresa%20Gisbert\">Teresa Gisbert<\/a>,\u00a0<a href=\"https:\/\/www.filmaffinity.com\/es\/search.php?stype=cast&amp;sn&amp;stext=Luis%20Mar%C3%ADn\">Luis Mar\u00edn<\/a>,\u00a0<a href=\"https:\/\/www.filmaffinity.com\/es\/search.php?stype=cast&amp;sn&amp;stext=Goyo%20Lebrero\">Goyo Lebrero<\/a>,\u00a0<a href=\"https:\/\/www.filmaffinity.com\/es\/search.php?stype=cast&amp;sn&amp;stext=Luis%20Dom%C3%ADnguez%20Luna\">Luis Dom\u00ednguez Luna<\/a>,\u00a0<a href=\"https:\/\/www.filmaffinity.com\/es\/search.php?stype=cast&amp;sn&amp;stext=Cayetano%20Torregrosa\">Cayetano Torregrosa<\/a>,\u00a0<a href=\"https:\/\/www.filmaffinity.com\/es\/search.php?stype=cast&amp;sn&amp;stext=Rafael%20Alc%C3%A1ntara\">Rafael Alc\u00e1ntara<\/a>,\u00a0ver 11 m\u00e1s<\/p>\n\n\n\n<p>Productora\u00cdzaro Films,\u00a0Pro Artis Ib\u00e9rica<\/p>\n\n\n\n<p>G\u00e9nero<a href=\"https:\/\/www.filmaffinity.com\/es\/moviegenre.php?genre=INT&amp;attr=rat_count&amp;nodoc\">Intriga<\/a>.\u00a0<a href=\"https:\/\/www.filmaffinity.com\/es\/moviegenre.php?genre=DR&amp;attr=rat_count&amp;nodoc\">Drama<\/a>\u00a0|\u00a0<a href=\"https:\/\/www.filmaffinity.com\/es\/movietopic.php?topic=997718&amp;attr=rat_count&amp;nodoc\">Comedia negra<\/a>.\u00a0<a href=\"https:\/\/www.filmaffinity.com\/es\/movietopic.php?topic=311108&amp;attr=rat_count&amp;nodoc\">Vida rural<\/a>.\u00a0<a href=\"https:\/\/www.filmaffinity.com\/es\/movietopic.php?topic=279137&amp;attr=rat_count&amp;nodoc\">Familia<\/a>.\u00a0<a href=\"https:\/\/www.filmaffinity.com\/es\/movietopic.php?topic=436447&amp;attr=rat_count&amp;nodoc\">Pel\u00edcula de culto<\/a><\/p>\n\n\n\n<p>SinopsisEn un peque\u00f1o pueblo de provincias, cercano a la capital, vive una familia compuesta por tres hermanos: la dominante y severa Ignacia y los t\u00edmidos y retra\u00eddos Paquita y Venancio. La monoton\u00eda de la vida del pueblo s\u00f3lo se rompe los s\u00e1bados cuando llega un conjunto musical de Madrid para amenizar con sus canciones el fin de semana. Un s\u00e1bado de tormenta, Paquita y Venancio, que son muy miedosos, oyen ruidos y van buscando protecci\u00f3n a la habitaci\u00f3n de su hermana. All\u00ed ven a alguien, pero Ignacia lo niega rotundamente. (FILMAFFINITY)<\/p>\n\n\n\n<p>Opini\u00f3n: Hab\u00eda o\u00eddo muy buenas opiniones de esta pel\u00edcula, pero no conoc\u00eda nada de ella. Ni los int\u00e9rpretes, ni el argumento. Lo \u00fanico que conoc\u00eda es que estaba dirigida por Fernando Fern\u00e1n G\u00f3mez. Ya hab\u00eda visto una peli dirigida por \u00e9l, El viaje a ninguna parte y me hab\u00eda gustado mucho. As\u00ed que consegu\u00ed convencer a Alberto para verla.<\/p>\n\n\n\n<p>La peli es una de las obras que m\u00e1s me han sorprendido en los \u00faltimos a\u00f1os. En muchos a\u00f1os, dir\u00eda yo. Y es que todav\u00eda no comprendo, como pudo ver la luz una peli as\u00ed en esta \u00e9poca. Algo fuera de lugar casi en cualquier peli de esta \u00e9poca. Pero desde luego algo sin ning\u00fan sentido en la Espa\u00f1a de los a\u00f1os 60.<\/p>\n\n\n\n<p>La peli comienza cont\u00e1ndonos dos historias paralelas pero que en un principio no parecen tener ninguna conexi\u00f3n. Por un lado tenemos a una hermana de mediana edad, y sus dos hermanos m\u00e1s j\u00f3venes. Los tres viven en una casa en un pueblo espa\u00f1ol t\u00edpico de la \u00e9poca. La hermana mayor es la que lleva las riendas de la familia con mano dura, y Paquita y Venancio acatan sus \u00f3rdenes sin rechistar y con bastante miedo. Una noche de tormenta, creen ver a una persona en la habitaci\u00f3n de su hermana mayor, y esto va creando una peli de misterio al m\u00e1s puro estilo Hitchcock. Por otro lado tenemos una peli costumbrista. Nos narra la vida en el pueblo, de sus habitantes y en especial de dos mujeres. Una chica joven y muy guapa que se lleva todas las miradas de los chavales del pueblo, y por otro de otra chica joven que mantiene un tonteo con uno de los m\u00fasicos que van todos los S\u00e1bados a tocar al pueblo.<\/p>\n\n\n\n<p>Estamos ante un director fuera de su \u00e9poca. Alguien que consigui\u00f3 hacer un tipo de cine que incluso hoy en d\u00eda levantar\u00eda muchas ampollas en la sociedad, as\u00ed que inimaginable lo que pudo suponer en su \u00e9poca. Aunque tambi\u00e9n es verdad que sus pelis fueron enterradas en el olvido durante muchos a\u00f1os, y le costaron mucho dinero poder hacerlas. Al parecer tuvo que hacer muchas pelis como actor, aunque de escasa calidad le permitieron conseguir el dinero para financiar estas pel\u00edculas que eran lo que realmente le atra\u00eda. <\/p>\n\n\n\n<p>Un reparto con caras muy conocidas, como Rafaela Aparicio o Carlos Larra\u00f1aga pero en papeles en los que yo no los hab\u00eda visto nunca. Acostumbrados a verlos en papeles mucho m\u00e1s amables y cercanos al p\u00fablico en esta ocasi\u00f3n les vemos haciendo papeles muy extra\u00f1os en sus carreras. Pero por otro lado me parecen grandes actuaciones, que reconozco nunca hubiera imaginado. Una l\u00e1stima que no pudieran hacer m\u00e1s pelis de este tipo y haber demostrado los grandes actores que eran. Hipn\u00f3tico el baile de Sara Lezana, una bell\u00edsima joven que luego apenas har\u00eda m\u00e1s cine y se dedicar\u00eda al baile flamenco.<\/p>\n\n\n\n<p>Para los que nos sep\u00e1is nada de la peli no os lo quiero destripar, pero os preguntar\u00e9is por qu\u00e9 digo que es una pel\u00edcula sacada de \u00e9poca. Y es que si os digo que en una peli espa\u00f1ola de los a\u00f1os 60 se habla expl\u00edcitamente de temas como la prostituci\u00f3n masculina, el travestismo o el asesinato pues podr\u00e9is haceros una idea de donde se sit\u00faa esta peli. La peli nos recuerda al Hitchcock m\u00e1s cl\u00e1sico, y pelis como Rebeca o Psicosis vienen a nuestra cabeza. Y no tiene nada que envidiarles.<\/p>\n\n\n\n<p>Supongo que hacer una recomendaci\u00f3n de una peli que tiene casi 60 a\u00f1os, es un poco absurdo. Pero os recomiendo que le ech\u00e9is un ojo sino la hab\u00e9is visto porque es una de las mejores pelis espa\u00f1olas que se han rodado nunca. Y estoy seguro que os va a sorprender. Ya me contar\u00e9is.<\/p>\n\n\n\n<p><a href=\"https:\/\/www.bing.com\/videos\/search?q=trailer+el+extra%c3%b1o+viaje&amp;&amp;view=detail&amp;mid=CD411B887426C3134C83CD411B887426C3134C83&amp;&amp;FORM=VRDGAR&amp;ru=%2Fvideos%2Fsearch%3Fq%3Dtrailer%2Bel%2Bextra%25c3%25b1o%2Bviaje%26qpvt%3Dtrailer%2Bel%2Bextra%25c3%25b1o%2Bviaje%26FORM%3DVDRE\">El extra\u00f1o viaje (Fernando Fern\u00e1n G\u00f3mez, 1964) &#8211; Bing video<\/a><\/p>\n\n\n\n<p><\/p>\n","protected":false},"excerpt":{"rendered":"<p>Nuestra Puntuaci\u00f3n Valoraci\u00f3n de los lectores [Total: 0 Media: 0] T\u00edtulo originalEl extra\u00f1o viaje A\u00f1o1964 Duraci\u00f3n98 min. Pa\u00eds\u00a0Espa\u00f1a Direcci\u00f3nFernando Fern\u00e1n<\/p>\n","protected":false},"author":2,"featured_media":2331,"comment_status":"open","ping_status":"open","sticky":false,"template":"","format":"standard","meta":{"yasr_overall_rating":4.5,"yasr_post_is_review":"","yasr_auto_insert_disabled":"","yasr_review_type":"","footnotes":""},"categories":[2],"tags":[527,526,528,147],"class_list":["post-2330","post","type-post","status-publish","format-standard","has-post-thumbnail","hentry","category-criticas","tag-carlos-larranaga","tag-fernando-fernan-gomez","tag-rafaela-aparicio","tag-thriller"],"yasr_visitor_votes":{"stars_attributes":{"read_only":false,"span_bottom":false},"number_of_votes":0,"sum_votes":0},"_links":{"self":[{"href":"https:\/\/www.cineclubaranjuez.es\/index.php\/wp-json\/wp\/v2\/posts\/2330"}],"collection":[{"href":"https:\/\/www.cineclubaranjuez.es\/index.php\/wp-json\/wp\/v2\/posts"}],"about":[{"href":"https:\/\/www.cineclubaranjuez.es\/index.php\/wp-json\/wp\/v2\/types\/post"}],"author":[{"embeddable":true,"href":"https:\/\/www.cineclubaranjuez.es\/index.php\/wp-json\/wp\/v2\/users\/2"}],"replies":[{"embeddable":true,"href":"https:\/\/www.cineclubaranjuez.es\/index.php\/wp-json\/wp\/v2\/comments?post=2330"}],"version-history":[{"count":1,"href":"https:\/\/www.cineclubaranjuez.es\/index.php\/wp-json\/wp\/v2\/posts\/2330\/revisions"}],"predecessor-version":[{"id":2332,"href":"https:\/\/www.cineclubaranjuez.es\/index.php\/wp-json\/wp\/v2\/posts\/2330\/revisions\/2332"}],"wp:featuredmedia":[{"embeddable":true,"href":"https:\/\/www.cineclubaranjuez.es\/index.php\/wp-json\/wp\/v2\/media\/2331"}],"wp:attachment":[{"href":"https:\/\/www.cineclubaranjuez.es\/index.php\/wp-json\/wp\/v2\/media?parent=2330"}],"wp:term":[{"taxonomy":"category","embeddable":true,"href":"https:\/\/www.cineclubaranjuez.es\/index.php\/wp-json\/wp\/v2\/categories?post=2330"},{"taxonomy":"post_tag","embeddable":true,"href":"https:\/\/www.cineclubaranjuez.es\/index.php\/wp-json\/wp\/v2\/tags?post=2330"}],"curies":[{"name":"wp","href":"https:\/\/api.w.org\/{rel}","templated":true}]}}