{"id":2406,"date":"2023-04-24T20:53:58","date_gmt":"2023-04-24T18:53:58","guid":{"rendered":"https:\/\/www.cineclubaranjuez.es\/?p=2406"},"modified":"2023-04-24T20:54:55","modified_gmt":"2023-04-24T18:54:55","slug":"podcast-02x05-las-uvas-de-la-ira-mari-cruz-soriano-david-y-somos-la-gente","status":"publish","type":"post","link":"https:\/\/www.cineclubaranjuez.es\/index.php\/2023\/04\/24\/podcast-02x05-las-uvas-de-la-ira-mari-cruz-soriano-david-y-somos-la-gente\/","title":{"rendered":"Podcast 02&#215;05: Las uvas de la ira, Mari Cruz Soriano, David y somos la gente"},"content":{"rendered":"\n<figure class=\"wp-block-audio\"><audio controls src=\"https:\/\/www.cineclubaranjuez.es\/wp-content\/uploads\/2023\/04\/podcast02x05.ogg\" src=\"https:\/\/www.cineclubaranjuez.es\/wp-content\/uploads\/2023\/04\/podcast02x05.mp3\"><\/audio><\/figure>\n\n\n\n<p>Aunque seguimos renqueando, seguimos avanzando la temporada. Nos toca hablar de una pel\u00edcula muy especial: Las uvas de la ira. Vamos a hacer un an\u00e1lisis extenso en el que iremos desgranando mucha informaci\u00f3n. Con nuestro estilo de predicadores ligones, analizaremos lo que nos ha parecido esta dura pel\u00edcula de John Ford.<\/p>\n\n\n\n<p>Nos re\u00edremos de nuestras propias tonter\u00edas y dem\u00e1s cosas habituales de nuestro podcast.<\/p>\n\n\n\n<p><\/p>\n\n\n\n<p>Gracias por escucharnos. <\/p>\n","protected":false},"excerpt":{"rendered":"<p>Aunque seguimos renqueando, seguimos avanzando la temporada. Nos toca hablar de una pel\u00edcula muy especial: Las uvas de la ira.<\/p>\n","protected":false},"author":3,"featured_media":2409,"comment_status":"open","ping_status":"open","sticky":false,"template":"","format":"standard","meta":{"yasr_overall_rating":0,"yasr_post_is_review":"","yasr_auto_insert_disabled":"yes","yasr_review_type":"","footnotes":""},"categories":[7],"tags":[143,542,543,389,541,49,544],"class_list":["post-2406","post","type-post","status-publish","format-standard","has-post-thumbnail","hentry","category-podcast","tag-henry-fonda","tag-jane-darwell","tag-john-carradine","tag-john-ford","tag-john-steinbeck","tag-podcast","tag-ward-bond"],"yasr_visitor_votes":{"stars_attributes":{"read_only":false,"span_bottom":false},"number_of_votes":0,"sum_votes":0},"_links":{"self":[{"href":"https:\/\/www.cineclubaranjuez.es\/index.php\/wp-json\/wp\/v2\/posts\/2406"}],"collection":[{"href":"https:\/\/www.cineclubaranjuez.es\/index.php\/wp-json\/wp\/v2\/posts"}],"about":[{"href":"https:\/\/www.cineclubaranjuez.es\/index.php\/wp-json\/wp\/v2\/types\/post"}],"author":[{"embeddable":true,"href":"https:\/\/www.cineclubaranjuez.es\/index.php\/wp-json\/wp\/v2\/users\/3"}],"replies":[{"embeddable":true,"href":"https:\/\/www.cineclubaranjuez.es\/index.php\/wp-json\/wp\/v2\/comments?post=2406"}],"version-history":[{"count":1,"href":"https:\/\/www.cineclubaranjuez.es\/index.php\/wp-json\/wp\/v2\/posts\/2406\/revisions"}],"predecessor-version":[{"id":2410,"href":"https:\/\/www.cineclubaranjuez.es\/index.php\/wp-json\/wp\/v2\/posts\/2406\/revisions\/2410"}],"wp:featuredmedia":[{"embeddable":true,"href":"https:\/\/www.cineclubaranjuez.es\/index.php\/wp-json\/wp\/v2\/media\/2409"}],"wp:attachment":[{"href":"https:\/\/www.cineclubaranjuez.es\/index.php\/wp-json\/wp\/v2\/media?parent=2406"}],"wp:term":[{"taxonomy":"category","embeddable":true,"href":"https:\/\/www.cineclubaranjuez.es\/index.php\/wp-json\/wp\/v2\/categories?post=2406"},{"taxonomy":"post_tag","embeddable":true,"href":"https:\/\/www.cineclubaranjuez.es\/index.php\/wp-json\/wp\/v2\/tags?post=2406"}],"curies":[{"name":"wp","href":"https:\/\/api.w.org\/{rel}","templated":true}]}}