{"id":2423,"date":"2023-06-11T13:03:30","date_gmt":"2023-06-11T11:03:30","guid":{"rendered":"https:\/\/www.cineclubaranjuez.es\/?p=2423"},"modified":"2023-06-11T13:03:31","modified_gmt":"2023-06-11T11:03:31","slug":"sesion-doble-vol-11-el-poder-del-perro","status":"publish","type":"post","link":"https:\/\/www.cineclubaranjuez.es\/index.php\/2023\/06\/11\/sesion-doble-vol-11-el-poder-del-perro\/","title":{"rendered":"Sesi\u00f3n Doble Vol.11: El poder del perro"},"content":{"rendered":"\n<figure class=\"wp-block-audio\"><audio controls src=\"https:\/\/www.cineclubaranjuez.es\/wp-content\/uploads\/2023\/06\/sd-vol-11-el-poder-del-perro.ogg\" src=\"https:\/\/www.cineclubaranjuez.es\/wp-content\/uploads\/2023\/06\/sd-vol-11-el-poder-del-perro.mp3\"><\/audio><\/figure>\n\n\n\n<p>En esta segunda parte de la sesi\u00f3n doble, nos marcamos un episodio especial con la presencia de Laura y Jorge, que nos ayudar\u00e1n a desenredar qu\u00e9 significa y qu\u00e9 nos quiere decir Jane Campion con &#8216;El poder del perro&#8217;. Ya que ten\u00edamos invitados, acortamos la ficha t\u00e9cnica y dem\u00e1s secciones y entramos casi directamente a debatir sobre la cinta. Amador nos propone un concurso que pone a prueba nuestros prejuicios sobre el feminismo en el cine. Y con nuestro estilo de h\u00e9roes de Hero Quest perdidos en la mazmorra intentaremos desentra\u00f1ar qu\u00e9 nos ha parecido esta pel\u00edcula.<\/p>\n\n\n\n<p>Esperamos que os guste.<\/p>\n\n\n\n<p>Muchas gracias a Jorge y Laura por su colaboraci\u00f3n y prestarse pasar este rato con nosotros.<\/p>\n\n\n\n<p>Muchas gracias de nuevo por escucharnos.<\/p>\n","protected":false},"excerpt":{"rendered":"<p>En esta segunda parte de la sesi\u00f3n doble, nos marcamos un episodio especial con la presencia de Laura y Jorge,<\/p>\n","protected":false},"author":3,"featured_media":2424,"comment_status":"open","ping_status":"open","sticky":false,"template":"","format":"standard","meta":{"yasr_overall_rating":0,"yasr_post_is_review":"","yasr_auto_insert_disabled":"yes","yasr_review_type":"","footnotes":""},"categories":[7],"tags":[550,545,551,552,553,49],"class_list":["post-2423","post","type-post","status-publish","format-standard","has-post-thumbnail","hentry","category-podcast","tag-benedict-cumberbatch","tag-jane-campion","tag-jesse-plemons","tag-kirsten-dunst","tag-kodi-smit-mcphee","tag-podcast"],"yasr_visitor_votes":{"stars_attributes":{"read_only":false,"span_bottom":false},"number_of_votes":0,"sum_votes":0},"_links":{"self":[{"href":"https:\/\/www.cineclubaranjuez.es\/index.php\/wp-json\/wp\/v2\/posts\/2423"}],"collection":[{"href":"https:\/\/www.cineclubaranjuez.es\/index.php\/wp-json\/wp\/v2\/posts"}],"about":[{"href":"https:\/\/www.cineclubaranjuez.es\/index.php\/wp-json\/wp\/v2\/types\/post"}],"author":[{"embeddable":true,"href":"https:\/\/www.cineclubaranjuez.es\/index.php\/wp-json\/wp\/v2\/users\/3"}],"replies":[{"embeddable":true,"href":"https:\/\/www.cineclubaranjuez.es\/index.php\/wp-json\/wp\/v2\/comments?post=2423"}],"version-history":[{"count":1,"href":"https:\/\/www.cineclubaranjuez.es\/index.php\/wp-json\/wp\/v2\/posts\/2423\/revisions"}],"predecessor-version":[{"id":2427,"href":"https:\/\/www.cineclubaranjuez.es\/index.php\/wp-json\/wp\/v2\/posts\/2423\/revisions\/2427"}],"wp:featuredmedia":[{"embeddable":true,"href":"https:\/\/www.cineclubaranjuez.es\/index.php\/wp-json\/wp\/v2\/media\/2424"}],"wp:attachment":[{"href":"https:\/\/www.cineclubaranjuez.es\/index.php\/wp-json\/wp\/v2\/media?parent=2423"}],"wp:term":[{"taxonomy":"category","embeddable":true,"href":"https:\/\/www.cineclubaranjuez.es\/index.php\/wp-json\/wp\/v2\/categories?post=2423"},{"taxonomy":"post_tag","embeddable":true,"href":"https:\/\/www.cineclubaranjuez.es\/index.php\/wp-json\/wp\/v2\/tags?post=2423"}],"curies":[{"name":"wp","href":"https:\/\/api.w.org\/{rel}","templated":true}]}}