{"id":2435,"date":"2023-07-10T19:45:15","date_gmt":"2023-07-10T17:45:15","guid":{"rendered":"https:\/\/www.cineclubaranjuez.es\/?p=2435"},"modified":"2023-07-10T19:45:16","modified_gmt":"2023-07-10T17:45:16","slug":"podcast-03x05-el-mismo-amor-la-misma-lluvia-el-calor-y-nuestro-patetico-acento-argentino","status":"publish","type":"post","link":"https:\/\/www.cineclubaranjuez.es\/index.php\/2023\/07\/10\/podcast-03x05-el-mismo-amor-la-misma-lluvia-el-calor-y-nuestro-patetico-acento-argentino\/","title":{"rendered":"Podcast 03&#215;05: El mismo amor, la misma lluvia, el calor y nuestro pat\u00e9tico acento argentino."},"content":{"rendered":"\n<figure class=\"wp-block-audio\"><audio controls src=\"https:\/\/www.cineclubaranjuez.es\/wp-content\/uploads\/2023\/07\/podcast03x05.ogg\" src=\"https:\/\/www.cineclubaranjuez.es\/wp-content\/uploads\/2023\/07\/podcast03x05.mp3\"><\/audio><\/figure>\n\n\n\n<p><\/p>\n\n\n\n<p>Como cada temporada nos acercamos al final y tambi\u00e9n el calor nos empieza a hacer mella. As\u00ed que sin m\u00e1s nos pusimos con este \u00faltmo reto de la temporada. Intentaremos contaros todos los detalles de la ficha t\u00e9cnica. Curiosidades y datos pocos pudimos encontrar, pero hicimos lo que pudimos. Tenemos un peque\u00f1o concurso y Amador decide nuestras pr\u00f3ximas tres pel\u00edculas para la siguiente temporada. Con nuestro estilo de boludos hablando de pelotudeces, intentaremos analizar lo que nos ha parecido esta pel\u00edcula.<\/p>\n\n\n\n<p>Tenemos que pedir disculpas por los problemas de sonido que sufrimos en los primeros 15 minutos. M\u00e1s o menos se entiende todo.<\/p>\n\n\n\n<p>Muchas gracias por escucharnos. <\/p>\n","protected":false},"excerpt":{"rendered":"<p>Como cada temporada nos acercamos al final y tambi\u00e9n el calor nos empieza a hacer mella. As\u00ed que sin m\u00e1s<\/p>\n","protected":false},"author":3,"featured_media":2438,"comment_status":"open","ping_status":"open","sticky":false,"template":"","format":"standard","meta":{"yasr_overall_rating":0,"yasr_post_is_review":"","yasr_auto_insert_disabled":"yes","yasr_review_type":"","footnotes":""},"categories":[7],"tags":[557,555,49,253,556],"class_list":["post-2435","post","type-post","status-publish","format-standard","has-post-thumbnail","hentry","category-podcast","tag-eduardo-blanco","tag-juan-jose-campanella","tag-podcast","tag-ricardo-darin","tag-soledar-villamil"],"yasr_visitor_votes":{"stars_attributes":{"read_only":false,"span_bottom":false},"number_of_votes":0,"sum_votes":0},"_links":{"self":[{"href":"https:\/\/www.cineclubaranjuez.es\/index.php\/wp-json\/wp\/v2\/posts\/2435"}],"collection":[{"href":"https:\/\/www.cineclubaranjuez.es\/index.php\/wp-json\/wp\/v2\/posts"}],"about":[{"href":"https:\/\/www.cineclubaranjuez.es\/index.php\/wp-json\/wp\/v2\/types\/post"}],"author":[{"embeddable":true,"href":"https:\/\/www.cineclubaranjuez.es\/index.php\/wp-json\/wp\/v2\/users\/3"}],"replies":[{"embeddable":true,"href":"https:\/\/www.cineclubaranjuez.es\/index.php\/wp-json\/wp\/v2\/comments?post=2435"}],"version-history":[{"count":1,"href":"https:\/\/www.cineclubaranjuez.es\/index.php\/wp-json\/wp\/v2\/posts\/2435\/revisions"}],"predecessor-version":[{"id":2439,"href":"https:\/\/www.cineclubaranjuez.es\/index.php\/wp-json\/wp\/v2\/posts\/2435\/revisions\/2439"}],"wp:featuredmedia":[{"embeddable":true,"href":"https:\/\/www.cineclubaranjuez.es\/index.php\/wp-json\/wp\/v2\/media\/2438"}],"wp:attachment":[{"href":"https:\/\/www.cineclubaranjuez.es\/index.php\/wp-json\/wp\/v2\/media?parent=2435"}],"wp:term":[{"taxonomy":"category","embeddable":true,"href":"https:\/\/www.cineclubaranjuez.es\/index.php\/wp-json\/wp\/v2\/categories?post=2435"},{"taxonomy":"post_tag","embeddable":true,"href":"https:\/\/www.cineclubaranjuez.es\/index.php\/wp-json\/wp\/v2\/tags?post=2435"}],"curies":[{"name":"wp","href":"https:\/\/api.w.org\/{rel}","templated":true}]}}