{"id":2456,"date":"2023-08-13T14:27:19","date_gmt":"2023-08-13T12:27:19","guid":{"rendered":"https:\/\/www.cineclubaranjuez.es\/?p=2456"},"modified":"2023-08-13T14:27:20","modified_gmt":"2023-08-13T12:27:20","slug":"sesion-doble-vol-12-luna-de-avellaneda","status":"publish","type":"post","link":"https:\/\/www.cineclubaranjuez.es\/index.php\/2023\/08\/13\/sesion-doble-vol-12-luna-de-avellaneda\/","title":{"rendered":"Sesi\u00f3n Doble Vol.12: Luna de Avellaneda"},"content":{"rendered":"\n<figure class=\"wp-block-audio\"><audio controls src=\"https:\/\/www.cineclubaranjuez.es\/wp-content\/uploads\/2023\/08\/sd-vol-12-luna-de-avellaneda.ogg\" src=\"https:\/\/www.cineclubaranjuez.es\/wp-content\/uploads\/2023\/08\/sd-vol-12-luna-de-avellaneda.mp3\"><\/audio><\/figure>\n\n\n\n<p>Pues hasta aqu\u00ed llega la quinta temporada. Y la despedimos con un programa at\u00edpico, que intentamos realizar en directo sin mucho \u00e9xito desde Noja, Cantabria, donde pasamos unos d\u00edas de vacaciones. Con un formato que ya hab\u00edamos probado en otra ocasi\u00f3n, hablaremos de la pel\u00edcula despu\u00e9s de haberla visualizado, casi sin ning\u00fan tipo de preparaci\u00f3n. Como pudimos sacamos una peque\u00f1a ficha t\u00e9cnica y nos lanzamos a hablar de lo que nos pareci\u00f3 esta deliciosa pel\u00edcula. Con nuestro estilo de miembros de un club en decadencia pusimos todo lo que ten\u00edamos para daros nuestro an\u00e1lisis.<\/p>\n\n\n\n<p>Pedimos disculpas una vez m\u00e1s por la calidad de sonido y porque en algunos momentos resulta dif\u00edcil entender lo que decimos. Contabamos con un equipo m\u00ednimo y nos fall\u00f3 todo. Mejor suerte la pr\u00f3xima vez.<\/p>\n\n\n\n<p>Gracias por acompa\u00f1arnos en esta quinta temporada y nos vemos en unos meses. Disfrutad de la vida y de lo que queda de verano.<\/p>\n\n\n\n<p>Hasta ahora.<\/p>\n","protected":false},"excerpt":{"rendered":"<p>Pues hasta aqu\u00ed llega la quinta temporada. Y la despedimos con un programa at\u00edpico, que intentamos realizar en directo sin<\/p>\n","protected":false},"author":3,"featured_media":2460,"comment_status":"open","ping_status":"open","sticky":false,"template":"","format":"standard","meta":{"yasr_overall_rating":0,"yasr_post_is_review":"","yasr_auto_insert_disabled":"yes","yasr_review_type":"","footnotes":""},"categories":[7],"tags":[555,49,561,253],"class_list":["post-2456","post","type-post","status-publish","format-standard","has-post-thumbnail","hentry","category-podcast","tag-juan-jose-campanella","tag-podcast","tag-ricardo-blanco","tag-ricardo-darin"],"yasr_visitor_votes":{"stars_attributes":{"read_only":false,"span_bottom":false},"number_of_votes":0,"sum_votes":0},"_links":{"self":[{"href":"https:\/\/www.cineclubaranjuez.es\/index.php\/wp-json\/wp\/v2\/posts\/2456"}],"collection":[{"href":"https:\/\/www.cineclubaranjuez.es\/index.php\/wp-json\/wp\/v2\/posts"}],"about":[{"href":"https:\/\/www.cineclubaranjuez.es\/index.php\/wp-json\/wp\/v2\/types\/post"}],"author":[{"embeddable":true,"href":"https:\/\/www.cineclubaranjuez.es\/index.php\/wp-json\/wp\/v2\/users\/3"}],"replies":[{"embeddable":true,"href":"https:\/\/www.cineclubaranjuez.es\/index.php\/wp-json\/wp\/v2\/comments?post=2456"}],"version-history":[{"count":1,"href":"https:\/\/www.cineclubaranjuez.es\/index.php\/wp-json\/wp\/v2\/posts\/2456\/revisions"}],"predecessor-version":[{"id":2461,"href":"https:\/\/www.cineclubaranjuez.es\/index.php\/wp-json\/wp\/v2\/posts\/2456\/revisions\/2461"}],"wp:featuredmedia":[{"embeddable":true,"href":"https:\/\/www.cineclubaranjuez.es\/index.php\/wp-json\/wp\/v2\/media\/2460"}],"wp:attachment":[{"href":"https:\/\/www.cineclubaranjuez.es\/index.php\/wp-json\/wp\/v2\/media?parent=2456"}],"wp:term":[{"taxonomy":"category","embeddable":true,"href":"https:\/\/www.cineclubaranjuez.es\/index.php\/wp-json\/wp\/v2\/categories?post=2456"},{"taxonomy":"post_tag","embeddable":true,"href":"https:\/\/www.cineclubaranjuez.es\/index.php\/wp-json\/wp\/v2\/tags?post=2456"}],"curies":[{"name":"wp","href":"https:\/\/api.w.org\/{rel}","templated":true}]}}