{"id":2488,"date":"2024-01-30T18:02:08","date_gmt":"2024-01-30T17:02:08","guid":{"rendered":"https:\/\/www.cineclubaranjuez.es\/?p=2488"},"modified":"2024-01-30T18:02:09","modified_gmt":"2024-01-30T17:02:09","slug":"podcast-01x06-el-extrano-viaje-las-rutinas-y-las-novedades","status":"publish","type":"post","link":"https:\/\/www.cineclubaranjuez.es\/index.php\/2024\/01\/30\/podcast-01x06-el-extrano-viaje-las-rutinas-y-las-novedades\/","title":{"rendered":"Podcast 01&#215;06: El extra\u00f1o viaje, las rutinas y las novedades"},"content":{"rendered":"\n<figure class=\"wp-block-audio\"><audio controls src=\"https:\/\/www.cineclubaranjuez.es\/wp-content\/uploads\/2024\/01\/podcast01x06.ogg\" src=\"https:\/\/www.cineclubaranjuez.es\/wp-content\/uploads\/2024\/01\/podcast01x06.mp3\"><\/audio><\/figure>\n\n\n\n<p>Volvemos a la carga con nuestra sexta temporada y traemos alguna peque\u00f1a novedad. Tenemos un debate sobre &#8216;El extra\u00f1o viaje&#8217;. Hablaremos de los hechos m\u00e1s relevantes del a\u00f1o 1964, las pel\u00edculas y la ficha t\u00e9cnica. Adem\u00e1s intentaremos escarbar en las profundidades de la red sobre datos y an\u00e9cdotas. Con nuestro estilo de tertulia de se\u00f1ores mayores y la colaboraci\u00f3n de Jorge, trataremos de analizar todos los matices de esta inquietante y maravillosa cinta. <\/p>\n\n\n\n<p>Gracias por escucharnos.  <\/p>\n","protected":false},"excerpt":{"rendered":"<p>Volvemos a la carga con nuestra sexta temporada y traemos alguna peque\u00f1a novedad. Tenemos un debate sobre &#8216;El extra\u00f1o viaje&#8217;.<\/p>\n","protected":false},"author":3,"featured_media":2491,"comment_status":"open","ping_status":"open","sticky":false,"template":"","format":"standard","meta":{"yasr_overall_rating":0,"yasr_post_is_review":"","yasr_auto_insert_disabled":"yes","yasr_review_type":"","footnotes":""},"categories":[7],"tags":[527,526,569,568,223,49,528,570,173,567],"class_list":["post-2488","post","type-post","status-publish","format-standard","has-post-thumbnail","hentry","category-podcast","tag-carlos-larranaga","tag-fernando-fernan-gomez","tag-jesus-franco","tag-lina-canalejas","tag-misterio","tag-podcast","tag-rafaela-aparicio","tag-sara-lezana","tag-terror","tag-tota-alba"],"yasr_visitor_votes":{"stars_attributes":{"read_only":false,"span_bottom":false},"number_of_votes":0,"sum_votes":0},"_links":{"self":[{"href":"https:\/\/www.cineclubaranjuez.es\/index.php\/wp-json\/wp\/v2\/posts\/2488"}],"collection":[{"href":"https:\/\/www.cineclubaranjuez.es\/index.php\/wp-json\/wp\/v2\/posts"}],"about":[{"href":"https:\/\/www.cineclubaranjuez.es\/index.php\/wp-json\/wp\/v2\/types\/post"}],"author":[{"embeddable":true,"href":"https:\/\/www.cineclubaranjuez.es\/index.php\/wp-json\/wp\/v2\/users\/3"}],"replies":[{"embeddable":true,"href":"https:\/\/www.cineclubaranjuez.es\/index.php\/wp-json\/wp\/v2\/comments?post=2488"}],"version-history":[{"count":1,"href":"https:\/\/www.cineclubaranjuez.es\/index.php\/wp-json\/wp\/v2\/posts\/2488\/revisions"}],"predecessor-version":[{"id":2492,"href":"https:\/\/www.cineclubaranjuez.es\/index.php\/wp-json\/wp\/v2\/posts\/2488\/revisions\/2492"}],"wp:featuredmedia":[{"embeddable":true,"href":"https:\/\/www.cineclubaranjuez.es\/index.php\/wp-json\/wp\/v2\/media\/2491"}],"wp:attachment":[{"href":"https:\/\/www.cineclubaranjuez.es\/index.php\/wp-json\/wp\/v2\/media?parent=2488"}],"wp:term":[{"taxonomy":"category","embeddable":true,"href":"https:\/\/www.cineclubaranjuez.es\/index.php\/wp-json\/wp\/v2\/categories?post=2488"},{"taxonomy":"post_tag","embeddable":true,"href":"https:\/\/www.cineclubaranjuez.es\/index.php\/wp-json\/wp\/v2\/tags?post=2488"}],"curies":[{"name":"wp","href":"https:\/\/api.w.org\/{rel}","templated":true}]}}