{"id":525,"date":"2018-09-21T20:52:04","date_gmt":"2018-09-21T18:52:04","guid":{"rendered":"http:\/\/www.cineclubaranjuez.es\/?p=525"},"modified":"2018-09-24T20:21:53","modified_gmt":"2018-09-24T18:21:53","slug":"el-mejor-verano-de-mi-vida","status":"publish","type":"post","link":"https:\/\/www.cineclubaranjuez.es\/index.php\/2018\/09\/21\/el-mejor-verano-de-mi-vida\/","title":{"rendered":"El mejor verano de mi vida"},"content":{"rendered":"<div style='text-align:left' class='yasr-auto-insert-overall'><!--Yasr Overall Rating Shortcode--><div class='yasr-custom-text-before-overall' id='yasr-custom-text-before-overall'>Nuestra Puntuaci\u00f3n<\/div><div class=\"yasr-overall-rating\"><div class=' yasr-rater-stars'\n                           id='yasr-overall-rating-rater-5cc026df56c93'\n                           data-rating='2'\n                           data-rater-starsize='32'>\n                       <\/div><\/div><!--End Yasr Overall Rating Shortcode--><\/div><div style='text-align:left' class='yasr-auto-insert-visitor'><!--Yasr Visitor Votes Shortcode--><div id='yasr_visitor_votes_69dc96e062fc5' class='yasr-visitor-votes'><div class=\"yasr-custom-text-vv-before yasr-custom-text-vv-before-525\">Valoraci\u00f3n de los lectores<\/div><div id='yasr-vv-second-row-container-69dc96e062fc5'\n                                        class='yasr-vv-second-row-container'><div id='yasr-visitor-votes-rater-69dc96e062fc5'\n                                      class='yasr-rater-stars-vv'\n                                      data-rater-postid='525'\n                                      data-rating='2'\n                                      data-rater-starsize='32'\n                                      data-rater-readonly='false'\n                                      data-rater-nonce='c0255e86f1'\n                                      data-issingular='false'\n                                    ><\/div><div class=\"yasr-vv-stats-text-container\" id=\"yasr-vv-stats-text-container-69dc96e062fc5\"><svg xmlns=\"https:\/\/www.w3.org\/2000\/svg\" width=\"20\" height=\"20\"\n                                   class=\"yasr-dashicons-visitor-stats\"\n                                   data-postid=\"525\"\n                                   id=\"yasr-stats-dashicon-69dc96e062fc5\">\n                                   <path d=\"M18 18v-16h-4v16h4zM12 18v-11h-4v11h4zM6 18v-8h-4v8h4z\"><\/path>\n                               <\/svg><span id=\"yasr-vv-text-container-69dc96e062fc5\" class=\"yasr-vv-text-container\">[Total: <span id=\"yasr-vv-votes-number-container-69dc96e062fc5\">1<\/span>  Media: <span id=\"yasr-vv-average-container-69dc96e062fc5\">2<\/span>]<\/span><\/div><div id='yasr-vv-loader-69dc96e062fc5' class='yasr-vv-container-loader'><\/div><\/div><div id='yasr-vv-bottom-container-69dc96e062fc5' class='yasr-vv-bottom-container'><\/div><\/div><!--End Yasr Visitor Votes Shortcode--><\/div><p><strong>T\u00edtulo original:<\/strong> El mejor verano de mi vida<br \/>\n<strong>A\u00f1o:<\/strong> 2018<br \/>\n<strong>Duraci\u00f3n:<\/strong> 90 min.<br \/>\n<strong>Pa\u00eds:<\/strong> Espa\u00f1a<br \/>\n<strong>Direcci\u00f3n:<\/strong> Dani de la Orden<\/p>\n<p><strong>Reparto:<\/strong> Leo Harlem, Alejandro Serrano, Toni Acosta, Maggie Civantos, Jordi S\u00e1nchez, Isabel Ordaz, Stephanie Gil, Salva Reina, Gracia Olayo, Berto Romero, Antonio Dechent, Arturo Valls, Silvia Abril, Mariam Hern\u00e1ndez, Ricardo Castella, Nathalie Sese\u00f1a, Fabia Castro, Yaiza Guimare<\/p>\n<p><strong>Sinopsis:<\/strong> Curro es un fantasioso vendedor de robots de cocina que sue\u00f1a con un trabajo en el mundo financiero. En plena crisis de pareja, y con fuertes deudas, hace una promesa que no puede cumplir: si su hijo Nico, de 9 a\u00f1os, saca todo sobresalientes, le llevar\u00e1 a unas vacaciones de verano inolvidables. El ni\u00f1o lo consigue y padre e hijo emprenden un viaje que les llevar\u00e1 a conocer gente y vivir situaciones que jam\u00e1s hubiesen imaginado. (<a href=\"https:\/\/www.filmaffinity.com\/es\/film898380.html\" target=\"_blank\" rel=\"noopener\">FILMAFFINITY<\/a>)<\/p>\n<p><strong>Premios:<\/strong><\/p>\n<p>2018: Festival de M\u00e1laga: Secci\u00f3n Oficial Largometrajes (Fuera de concurso)<\/p>\n<p>&nbsp;<\/p>\n<p><!--more--><\/p>\n<p>&nbsp;<\/p>\n<p><strong>Opini\u00f3n:<\/strong>\u00a0Llevamos una racha que vamos al cine un poco al tun-tun. Sin buscar una pel\u00edcula en especial, simplemente a ver que cazamos. Y aqu\u00ed pescamos una comedia entretenida. Te vas a re\u00edr si te gusta Leo Harlem. Porque el tipo no para de hablar pr\u00e1cticamente en hora y media. Y s\u00ed que tiene buenos chistes&#8230; aunque a veces se hace un poco pesado. Es una comedia de verano. As\u00ed que es para todos los p\u00fablicos. Moralina incluida. No esper\u00e9is salir muertos de la risa, y s\u00ed a lo mejor hastiados del protagonista, que act\u00faa como ese cu\u00f1ado pesado y sabiondo, pero&#8230; hace gracia. En fin, que no esper\u00e9is nada nuevo, ni nada especial. Solo entretenimiento para no pensar, y si acaso echar unas risas.<\/p>\n<p><strong>Lo mejor:\u00a0<\/strong>Leo Harlem; si te gusta, te vas a poner las botas de este se\u00f1or.<\/p>\n<p><strong>Lo peor:<\/strong> La moraleja y tal, que al final es un poco&#8230; cansina. Leo Harlem; si no te gusta, vas a terminar hasta los ######## de este se\u00f1or.<\/p>\n<p>&nbsp;<\/p>\n<p><iframe loading=\"lazy\" title=\"EL MEJOR VERANO DE MI VIDA I Tr\u00e1iler \u2013 Castellano HD I  Estreno 13 de Julio\" width=\"800\" height=\"450\" src=\"https:\/\/www.youtube.com\/embed\/IZn--VYwhR0?feature=oembed\" frameborder=\"0\" allow=\"accelerometer; autoplay; clipboard-write; encrypted-media; gyroscope; picture-in-picture\" allowfullscreen><\/iframe><\/p>\n","protected":false},"excerpt":{"rendered":"<p>Nuestra Puntuaci\u00f3n Valoraci\u00f3n de los lectores [Total: 1 Media: 2]T\u00edtulo original: El mejor verano de mi vida A\u00f1o: 2018 Duraci\u00f3n:<\/p>\n","protected":false},"author":3,"featured_media":553,"comment_status":"open","ping_status":"open","sticky":false,"template":"","format":"standard","meta":{"yasr_overall_rating":2,"yasr_post_is_review":"","yasr_auto_insert_disabled":"","yasr_review_type":"Product","footnotes":""},"categories":[2],"tags":[],"class_list":["post-525","post","type-post","status-publish","format-standard","has-post-thumbnail","hentry","category-criticas"],"yasr_visitor_votes":{"stars_attributes":{"read_only":false,"span_bottom":false},"number_of_votes":1,"sum_votes":2},"_links":{"self":[{"href":"https:\/\/www.cineclubaranjuez.es\/index.php\/wp-json\/wp\/v2\/posts\/525"}],"collection":[{"href":"https:\/\/www.cineclubaranjuez.es\/index.php\/wp-json\/wp\/v2\/posts"}],"about":[{"href":"https:\/\/www.cineclubaranjuez.es\/index.php\/wp-json\/wp\/v2\/types\/post"}],"author":[{"embeddable":true,"href":"https:\/\/www.cineclubaranjuez.es\/index.php\/wp-json\/wp\/v2\/users\/3"}],"replies":[{"embeddable":true,"href":"https:\/\/www.cineclubaranjuez.es\/index.php\/wp-json\/wp\/v2\/comments?post=525"}],"version-history":[{"count":2,"href":"https:\/\/www.cineclubaranjuez.es\/index.php\/wp-json\/wp\/v2\/posts\/525\/revisions"}],"predecessor-version":[{"id":563,"href":"https:\/\/www.cineclubaranjuez.es\/index.php\/wp-json\/wp\/v2\/posts\/525\/revisions\/563"}],"wp:featuredmedia":[{"embeddable":true,"href":"https:\/\/www.cineclubaranjuez.es\/index.php\/wp-json\/wp\/v2\/media\/553"}],"wp:attachment":[{"href":"https:\/\/www.cineclubaranjuez.es\/index.php\/wp-json\/wp\/v2\/media?parent=525"}],"wp:term":[{"taxonomy":"category","embeddable":true,"href":"https:\/\/www.cineclubaranjuez.es\/index.php\/wp-json\/wp\/v2\/categories?post=525"},{"taxonomy":"post_tag","embeddable":true,"href":"https:\/\/www.cineclubaranjuez.es\/index.php\/wp-json\/wp\/v2\/tags?post=525"}],"curies":[{"name":"wp","href":"https:\/\/api.w.org\/{rel}","templated":true}]}}