{"id":710,"date":"2019-04-12T20:32:11","date_gmt":"2019-04-12T18:32:11","guid":{"rendered":"http:\/\/www.cineclubaranjuez.es\/?p=710"},"modified":"2019-04-12T20:32:11","modified_gmt":"2019-04-12T18:32:11","slug":"durante-la-tormenta","status":"publish","type":"post","link":"https:\/\/www.cineclubaranjuez.es\/index.php\/2019\/04\/12\/durante-la-tormenta\/","title":{"rendered":"Durante la tormenta"},"content":{"rendered":"<div style='text-align:left' class='yasr-auto-insert-overall'><!--Yasr Overall Rating Shortcode--><div class='yasr-custom-text-before-overall' id='yasr-custom-text-before-overall'>Nuestra Puntuaci\u00f3n<\/div><div class=\"yasr-overall-rating\"><div class=' yasr-rater-stars'\n                           id='yasr-overall-rating-rater-1ff9282d03265'\n                           data-rating='2.5'\n                           data-rater-starsize='32'>\n                       <\/div><\/div><!--End Yasr Overall Rating Shortcode--><\/div><div style='text-align:left' class='yasr-auto-insert-visitor'><!--Yasr Visitor Votes Shortcode--><div id='yasr_visitor_votes_9f36015892f53' class='yasr-visitor-votes'><div class=\"yasr-custom-text-vv-before yasr-custom-text-vv-before-710\">Valoraci\u00f3n de los lectores<\/div><div id='yasr-vv-second-row-container-9f36015892f53'\n                                        class='yasr-vv-second-row-container'><div id='yasr-visitor-votes-rater-9f36015892f53'\n                                      class='yasr-rater-stars-vv'\n                                      data-rater-postid='710'\n                                      data-rating='0'\n                                      data-rater-starsize='32'\n                                      data-rater-readonly='false'\n                                      data-rater-nonce='5b7e51cfcf'\n                                      data-issingular='false'\n                                    ><\/div><div class=\"yasr-vv-stats-text-container\" id=\"yasr-vv-stats-text-container-9f36015892f53\"><svg xmlns=\"https:\/\/www.w3.org\/2000\/svg\" width=\"20\" height=\"20\"\n                                   class=\"yasr-dashicons-visitor-stats\"\n                                   data-postid=\"710\"\n                                   id=\"yasr-stats-dashicon-9f36015892f53\">\n                                   <path d=\"M18 18v-16h-4v16h4zM12 18v-11h-4v11h4zM6 18v-8h-4v8h4z\"><\/path>\n                               <\/svg><span id=\"yasr-vv-text-container-9f36015892f53\" class=\"yasr-vv-text-container\">[Total: <span id=\"yasr-vv-votes-number-container-9f36015892f53\">0<\/span>  Media: <span id=\"yasr-vv-average-container-9f36015892f53\">0<\/span>]<\/span><\/div><div id='yasr-vv-loader-9f36015892f53' class='yasr-vv-container-loader'><\/div><\/div><div id='yasr-vv-bottom-container-9f36015892f53' class='yasr-vv-bottom-container'><\/div><\/div><!--End Yasr Visitor Votes Shortcode--><\/div><p><img loading=\"lazy\" decoding=\"async\" class=\"aligncenter size-medium wp-image-711\" src=\"http:\/\/www.cineclubaranjuez.es\/wp-content\/uploads\/2019\/04\/durante_la_tormenta-732529834-large-220x300.jpg\" alt=\"\" width=\"220\" height=\"300\" srcset=\"https:\/\/www.cineclubaranjuez.es\/wp-content\/uploads\/2019\/04\/durante_la_tormenta-732529834-large-220x300.jpg 220w, https:\/\/www.cineclubaranjuez.es\/wp-content\/uploads\/2019\/04\/durante_la_tormenta-732529834-large.jpg 660w\" sizes=\"(max-width: 220px) 100vw, 220px\" \/>T\u00edtulo originalDurante la tormenta<\/p>\n<p><span class=\"show-akas ui-corner-all\">\u00a0<i class=\"fas fa-caret-down\"><\/i><\/span>A\u00f1o2018<\/p>\n<p>Duraci\u00f3n128 min.<\/p>\n<p>Pa\u00eds<span id=\"country-img\"><img decoding=\"async\" title=\"Espa\u00f1a\" src=\"https:\/\/www.filmaffinity.com\/imgs\/countries\/ES.jpg\" alt=\"Espa\u00f1a\" \/><\/span>\u00a0Espa\u00f1a<\/p>\n<p>Direcci\u00f3n<span class=\"director\"><a title=\"Oriol Paulo\" href=\"https:\/\/www.filmaffinity.com\/es\/search.php?stype=director&amp;sn&amp;stext=Oriol%20Paulo\">Oriol Paulo<\/a><\/span><\/p>\n<p>Guion<span class=\"nb\">Oriol Paulo,<\/span>\u00a0<span class=\"nb\">Lara Sendim<\/span><\/p>\n<p>M\u00fasica<span class=\"nb\">Fernando Vel\u00e1zquez<\/span><\/p>\n<p>Fotograf\u00eda<span class=\"nb\">Xavi Gim\u00e9nez<\/span><\/p>\n<p>Reparto<span class=\"cast\"><a href=\"https:\/\/www.filmaffinity.com\/es\/search.php?stype=cast&amp;sn&amp;stext=Adriana%20Ugarte\">Adriana Ugarte<\/a>,<\/span>\u00a0<span class=\"cast\"><a href=\"https:\/\/www.filmaffinity.com\/es\/search.php?stype=cast&amp;sn&amp;stext=Chino%20Dar%C3%ADn\">Chino Dar\u00edn<\/a>,<\/span>\u00a0<span class=\"cast\"><a href=\"https:\/\/www.filmaffinity.com\/es\/search.php?stype=cast&amp;sn&amp;stext=%C3%81lvaro%20Morte\">\u00c1lvaro Morte<\/a>,<\/span>\u00a0<span class=\"cast\"><a href=\"https:\/\/www.filmaffinity.com\/es\/search.php?stype=cast&amp;sn&amp;stext=Javier%20Guti%C3%A9rrez\">Javier Guti\u00e9rrez<\/a>,<\/span>\u00a0<span class=\"cast\"><a href=\"https:\/\/www.filmaffinity.com\/es\/search.php?stype=cast&amp;sn&amp;stext=Miquel%20Fern%C3%A1ndez\">Miquel Fern\u00e1ndez<\/a>,<\/span><span class=\"cast\"><a href=\"https:\/\/www.filmaffinity.com\/es\/search.php?stype=cast&amp;sn&amp;stext=Nora%20Navas\">Nora Navas<\/a>,<\/span>\u00a0<span class=\"cast\"><a href=\"https:\/\/www.filmaffinity.com\/es\/search.php?stype=cast&amp;sn&amp;stext=Clara%20Segura\">Clara Segura<\/a>,<\/span>\u00a0<span class=\"cast\"><a href=\"https:\/\/www.filmaffinity.com\/es\/search.php?stype=cast&amp;sn&amp;stext=Julio%20Bohigas-Couto\">Julio Bohigas-Couto<\/a>,<\/span>\u00a0<span class=\"cast\"><a href=\"https:\/\/www.filmaffinity.com\/es\/search.php?stype=cast&amp;sn&amp;stext=Mima%20Riera\">Mima Riera<\/a>,<\/span>\u00a0<span class=\"cast\"><a href=\"https:\/\/www.filmaffinity.com\/es\/search.php?stype=cast&amp;sn&amp;stext=Francesc%20Orella\">Francesc Orella<\/a>,<\/span><span class=\"cast\"><a href=\"https:\/\/www.filmaffinity.com\/es\/search.php?stype=cast&amp;sn&amp;stext=Albert%20P%C3%A9rez\">Albert P\u00e9rez<\/a>,<\/span>\u00a0<span class=\"cast\"><a href=\"https:\/\/www.filmaffinity.com\/es\/search.php?stype=cast&amp;sn&amp;stext=Silvia%20Alonso\">Silvia Alonso<\/a>,<\/span>\u00a0<span class=\"cast\"><a href=\"https:\/\/www.filmaffinity.com\/es\/search.php?stype=cast&amp;sn&amp;stext=Aina%20Clotet\">Aina Clotet<\/a>,<\/span>\u00a0<span class=\"cast\"><a href=\"https:\/\/www.filmaffinity.com\/es\/search.php?stype=cast&amp;sn&amp;stext=Ana%20Wagener\">Ana Wagener<\/a>,<\/span>\u00a0<span class=\"cast\"><a href=\"https:\/\/www.filmaffinity.com\/es\/search.php?stype=cast&amp;sn&amp;stext=Ruth%20Llopis\">Ruth Llopis<\/a>,<\/span>\u00a0<span class=\"cast\"><a href=\"https:\/\/www.filmaffinity.com\/es\/search.php?stype=cast&amp;sn&amp;stext=Bel%C3%A9n%20Rueda\">Bel\u00e9n Rueda<\/a><\/span><\/p>\n<p>Productora<span class=\"nb\">Atresmedia Cine \/ Colos\u00e9 Producciones \/ Mirage Studio \/ Think Studio<\/span><\/p>\n<p>G\u00e9nero<a href=\"https:\/\/www.filmaffinity.com\/es\/moviegenre.php?genre=TH&amp;attr=rat_count&amp;nodoc\">Thriller<\/a>.\u00a0<a href=\"https:\/\/www.filmaffinity.com\/es\/moviegenre.php?genre=C-F&amp;attr=rat_count&amp;nodoc\">Ciencia ficci\u00f3n<\/a>\u00a0|\u00a0<a href=\"https:\/\/www.filmaffinity.com\/es\/movietopic.php?topic=999013&amp;attr=rat_count&amp;nodoc\">Viajes en el tiempo<\/a>SinopsisUna misteriosa interferencia entre dos tiempos provoca que Vera, una madre felizmente casada, salve la vida de un ni\u00f1o que vivi\u00f3 en su casa 25 a\u00f1os antes. Pero las consecuencias de su buena acci\u00f3n provocan una reacci\u00f3n en cadena que hace que despierte en una nueva realidad donde su hija nunca ha nacido&#8230; (FILMAFFINITY)<\/p>\n<p><!--more--><\/p>\n<p>Opini\u00f3n:Pel\u00edcula dirigida por Oriol Paulo(El cuerpo, Contratiempo), que se ha convertido en la pel\u00edcula espa\u00f1ola m\u00e1s vista internacionalmente en los \u00faltimos a\u00f1os, gracias al gran tir\u00f3n que tiene este director en el mercado chino.<\/p>\n<p>La peli comienza cont\u00e1ndonos la feliz vida de una pareja, que tienen una ni\u00f1a.Se acaban de mudar a una casa, justo enfrente de donde vive un amigo suyo.As\u00ed que para celebrarlo deciden invitar a \u00e9ste y a su madre a una cena.Durante la cena, le cuentan a su amigo que han encontrado en un armario de la casa, una tele antigua, junto con una videoc\u00e1mara y unas cintas grabadas.Y que al poner las cintas, son las grabaciones de un ni\u00f1o cantando y tocando la guitarra.El amigo les cuenta, que hace 25 a\u00f1os, y en una noche con una tormenta parecida a la que hay estos dias, un ni\u00f1o vio a un vecino agrediendo a su mujer.Al ir a intentar ayudarla, vio que la habia asesinado, y en la huida fue atropellado por una furgoneta, y murio.<\/p>\n<p>A partir de aqui, esa misma noche la prota oye la television antigua encendida, y al ir a apagarla, se encuentra con el chico de la guitarra que esta grabando un video.Por circunstancias extra\u00f1as, ambos se pueden comunicar a traves de la videocamara y con 25 a\u00f1os de diferencia.Asi que decide contarle al chico lo que ocurre esa noche, y le pide que no vaya a casa de su vecino.Consigue salvarle la vida, pero todo el futuro ha cambiado&#8230;<\/p>\n<p>Peli interesante, sin ser nada del otro mundo esta entretenida y te mantiene en vilo durante casi toda la peli.Con un nuen reparto, una mas que interesante Adriana Ugarte, que lleva el peso de la peli, y algun secundario de moda pues nos encontramos con un ejercicio de ciencia ficcion con un arranque potente y una buena idea, un buen desarrollo y como casi todo este tipo de pelis, con una explicacion final un poco por debajo del resto de la cinta.<\/p>\n<p>Aun si, os recomiendo que si os gusta este tipo de cine, le dediqueis un par de horas de vuestro tiempo.<\/p>\n<p><iframe loading=\"lazy\" title=\"Durante la tormenta - Trailer final (HD)\" width=\"800\" height=\"450\" src=\"https:\/\/www.youtube.com\/embed\/tcrF05yCQ8w?feature=oembed\" frameborder=\"0\" allow=\"accelerometer; autoplay; clipboard-write; encrypted-media; gyroscope; picture-in-picture\" allowfullscreen><\/iframe><\/p>\n","protected":false},"excerpt":{"rendered":"<p>Nuestra Puntuaci\u00f3n Valoraci\u00f3n de los lectores [Total: 0 Media: 0]T\u00edtulo originalDurante la tormenta \u00a0A\u00f1o2018 Duraci\u00f3n128 min. Pa\u00eds\u00a0Espa\u00f1a Direcci\u00f3nOriol Paulo GuionOriol<\/p>\n","protected":false},"author":2,"featured_media":0,"comment_status":"open","ping_status":"open","sticky":false,"template":"","format":"standard","meta":{"yasr_overall_rating":2.5,"yasr_post_is_review":"","yasr_auto_insert_disabled":"","yasr_review_type":"Product","footnotes":""},"categories":[2],"tags":[],"class_list":["post-710","post","type-post","status-publish","format-standard","hentry","category-criticas"],"yasr_visitor_votes":{"stars_attributes":{"read_only":false,"span_bottom":false},"number_of_votes":0,"sum_votes":0},"_links":{"self":[{"href":"https:\/\/www.cineclubaranjuez.es\/index.php\/wp-json\/wp\/v2\/posts\/710"}],"collection":[{"href":"https:\/\/www.cineclubaranjuez.es\/index.php\/wp-json\/wp\/v2\/posts"}],"about":[{"href":"https:\/\/www.cineclubaranjuez.es\/index.php\/wp-json\/wp\/v2\/types\/post"}],"author":[{"embeddable":true,"href":"https:\/\/www.cineclubaranjuez.es\/index.php\/wp-json\/wp\/v2\/users\/2"}],"replies":[{"embeddable":true,"href":"https:\/\/www.cineclubaranjuez.es\/index.php\/wp-json\/wp\/v2\/comments?post=710"}],"version-history":[{"count":1,"href":"https:\/\/www.cineclubaranjuez.es\/index.php\/wp-json\/wp\/v2\/posts\/710\/revisions"}],"predecessor-version":[{"id":712,"href":"https:\/\/www.cineclubaranjuez.es\/index.php\/wp-json\/wp\/v2\/posts\/710\/revisions\/712"}],"wp:attachment":[{"href":"https:\/\/www.cineclubaranjuez.es\/index.php\/wp-json\/wp\/v2\/media?parent=710"}],"wp:term":[{"taxonomy":"category","embeddable":true,"href":"https:\/\/www.cineclubaranjuez.es\/index.php\/wp-json\/wp\/v2\/categories?post=710"},{"taxonomy":"post_tag","embeddable":true,"href":"https:\/\/www.cineclubaranjuez.es\/index.php\/wp-json\/wp\/v2\/tags?post=710"}],"curies":[{"name":"wp","href":"https:\/\/api.w.org\/{rel}","templated":true}]}}