{"id":799,"date":"2019-06-25T14:40:21","date_gmt":"2019-06-25T12:40:21","guid":{"rendered":"http:\/\/www.cineclubaranjuez.es\/?p=799"},"modified":"2019-10-19T14:25:01","modified_gmt":"2019-10-19T12:25:01","slug":"el-dia-que-vendra","status":"publish","type":"post","link":"https:\/\/www.cineclubaranjuez.es\/index.php\/2019\/06\/25\/el-dia-que-vendra\/","title":{"rendered":"El d\u00eda que vendr\u00e1"},"content":{"rendered":"<div style='text-align:left' class='yasr-auto-insert-overall'><!--Yasr Overall Rating Shortcode--><div class='yasr-custom-text-before-overall' id='yasr-custom-text-before-overall'>Nuestra Puntuaci\u00f3n<\/div><div class=\"yasr-overall-rating\"><div class=' yasr-rater-stars'\n                           id='yasr-overall-rating-rater-20a3746319f96'\n                           data-rating='0'\n                           data-rater-starsize='32'>\n                       <\/div><\/div><!--End Yasr Overall Rating Shortcode--><\/div><div style='text-align:left' class='yasr-auto-insert-visitor'><!--Yasr Visitor Votes Shortcode--><div id='yasr_visitor_votes_903579a6f366f' class='yasr-visitor-votes'><div class=\"yasr-custom-text-vv-before yasr-custom-text-vv-before-799\">Valoraci\u00f3n de los lectores<\/div><div id='yasr-vv-second-row-container-903579a6f366f'\n                                        class='yasr-vv-second-row-container'><div id='yasr-visitor-votes-rater-903579a6f366f'\n                                      class='yasr-rater-stars-vv'\n                                      data-rater-postid='799'\n                                      data-rating='0'\n                                      data-rater-starsize='32'\n                                      data-rater-readonly='false'\n                                      data-rater-nonce='b25d7f2148'\n                                      data-issingular='false'\n                                    ><\/div><div class=\"yasr-vv-stats-text-container\" id=\"yasr-vv-stats-text-container-903579a6f366f\"><svg xmlns=\"https:\/\/www.w3.org\/2000\/svg\" width=\"20\" height=\"20\"\n                                   class=\"yasr-dashicons-visitor-stats\"\n                                   data-postid=\"799\"\n                                   id=\"yasr-stats-dashicon-903579a6f366f\">\n                                   <path d=\"M18 18v-16h-4v16h4zM12 18v-11h-4v11h4zM6 18v-8h-4v8h4z\"><\/path>\n                               <\/svg><span id=\"yasr-vv-text-container-903579a6f366f\" class=\"yasr-vv-text-container\">[Total: <span id=\"yasr-vv-votes-number-container-903579a6f366f\">0<\/span>  Media: <span id=\"yasr-vv-average-container-903579a6f366f\">0<\/span>]<\/span><\/div><div id='yasr-vv-loader-903579a6f366f' class='yasr-vv-container-loader'><\/div><\/div><div id='yasr-vv-bottom-container-903579a6f366f' class='yasr-vv-bottom-container'><\/div><\/div><!--End Yasr Visitor Votes Shortcode--><\/div><p><img loading=\"lazy\" decoding=\"async\" class=\"alignnone size-medium wp-image-800\" src=\"http:\/\/www.cineclubaranjuez.es\/wp-content\/uploads\/2019\/06\/the_aftermath-931919840-large-203x300.jpg\" alt=\"\" width=\"203\" height=\"300\" srcset=\"https:\/\/www.cineclubaranjuez.es\/wp-content\/uploads\/2019\/06\/the_aftermath-931919840-large-203x300.jpg 203w, https:\/\/www.cineclubaranjuez.es\/wp-content\/uploads\/2019\/06\/the_aftermath-931919840-large-768x1138.jpg 768w, https:\/\/www.cineclubaranjuez.es\/wp-content\/uploads\/2019\/06\/the_aftermath-931919840-large-691x1024.jpg 691w, https:\/\/www.cineclubaranjuez.es\/wp-content\/uploads\/2019\/06\/the_aftermath-931919840-large.jpg 810w\" sizes=\"(max-width: 203px) 100vw, 203px\" \/><\/p>\n<p><span style=\"font-weight: 400\">T\u00edtulo original: The Aftermath<br \/>\n<\/span>A\u00f1o: 2019<br \/>\nDuraci\u00f3n: 108 min<br \/>\nG\u00e9nero: Drama, romance, II Guerra Mundial.<br \/>\nPa\u00eds: Reino Unido<br \/>\nDirecci\u00f3n: James Kent<br \/>\nGui\u00f3n: Joe Shrapnel, Anna Waterhouse, Rhidian Brook (novela original)<br \/>\nM\u00fasica: Martin Phipps<br \/>\nFotograf\u00eda: Franz Lusting<\/p>\n<p>Reparto: Keira Knightley, Alexander Skarsg\u00e5rd, Jason Clarke.<\/p>\n<p><span style=\"font-weight: 400\"><br \/>\n<\/span><span style=\"font-weight: 400\">Sinopsis: Rachael Morgan (Keira Knighley) viaja a Hamburgo justo despu\u00e9s de que los aliados hayan conseguido ganar la Segunda Guerra Mundial. All\u00ed se encontrar\u00e1 de nuevo con su marido Lewis (Jason Clarke), un coronel brit\u00e1nico destinado a la reconstrucci\u00f3n de la ciudad. Una vez el matrimonio se ha reencontrado, se mudan a una nueva casa, muy lujosa, que anteriormente hab\u00eda pertenecido a un arquitecto alem\u00e1n (<\/span><span style=\"font-weight: 400\">Skarsg\u00e5rd<\/span><span style=\"font-weight: 400\">). Pero para su disgusto, Rachael descubre que su marido ha decidido que los anteriores propietarios no deben abandonar la vivienda, pasando a compartir el espacio, causando tensiones entre ambas familias que desembocar\u00e1n en un drama apasionado.<\/span><span style=\"font-weight: 400\"><br \/>\n<\/span><\/p>\n<p><!--more--><\/p>\n<p><span style=\"font-weight: 400\"><br \/>\n<\/span><span style=\"font-weight: 400\">Cr\u00edtica: Es una pel\u00edcula en la l\u00ednea de los dramas rom\u00e1nticos de la Segunda Guerra Mundial, un cruce de sentimientos entre nacionalidades enfrentadas por el conflicto. La pel\u00edcula se centra en dos familias heridas por la guerra (de ah\u00ed el t\u00edtulo que se traducir\u00eda literalmente como &#8220;Las Secuelas&#8221;). Ambas han perdido un miembro de su familia en los respectivos bombardeos: Los Morgan por parte de los Nazis en Inglaterra y los Lubert por parte de los Aliados en Hamburgo. Al final la conclusi\u00f3n es que, a ra\u00edz de la violencia, la desgracia y la destrucci\u00f3n; el instinto de supervivencia y la naturaleza humana nos hace sobrevivir apoy\u00e1ndonos en los sentimientos m\u00e1s hermosos: el respeto, la piedad, la pasi\u00f3n y el amor. Tal y como ya se hab\u00eda visto en la pel\u00edcula de 2014 protagonizada por Michelle Williams, Kristin Scott Thomas y Matthias Schoenaerts, y a su vez basada en la novela inacabada de Ir\u00e8ne Nemirovsky, &#8220;La Suite Francesa&#8221;, en la que los Nazis tomaban posesi\u00f3n de las casas de los habitantes del peque\u00f1o pueblo de Bussy durante la ocupaci\u00f3n; &#8220;El d\u00eda que vendr\u00e1&#8221; hace un efecto espejo, planteando una situaci\u00f3n sentimental similar entre sus protagonistas e invirtiendo los bandos.<\/span><span style=\"font-weight: 400\"><br \/>\n<\/span><span style=\"font-weight: 400\">Siempre es un placer ver una pel\u00edcula de Keyra Knightley, una actriz que casi puede decirse que est\u00e9 especializada en dramas hist\u00f3ricos (viendo &#8220;El d\u00eda que vendr\u00e1&#8221; es inevitable acordarse de &#8220;Expiaci\u00f3n&#8221;, del 2007). Los amantes del cine de drama rom\u00e1ntico hist\u00f3rico, sabemos que la presencia de Knightley en el casting es casi un requisito para fiarnos de que la pel\u00edcula tenga la profundidad, la sensualidad y la intensidad suficientes. En \u00e9ste caso llega incluso a eclipsar a sus co-protagonistas, aunque Jason Clarke brilla en las escenas finales. Alexander <\/span><span style=\"font-weight: 400\">Skarsg\u00e5rd,<\/span><span style=\"font-weight: 400\"> sin embargo, se mantiene en un perfil bastante neutro. Su personaje es correcto y galante, aunque despierta sus instintos en los momentos m\u00e1s candentes, record\u00e1ndonos al Eric Northman de &#8220;True Blood&#8221;. Es curioso ver al hijo de un actor que tantas veces hizo de antagonista (Stellan <\/span><span style=\"font-weight: 400\">Skarsg\u00e5rd<\/span><span style=\"font-weight: 400\">) interpretando personajes tan tiernos (muy dulce en la pel\u00edcula de 2012 &#8220;\u00bfQu\u00e9 hacemos con Maisie?&#8221;) pero es que en realidad <\/span><span style=\"font-weight: 400\">Skarsg\u00e5rd <\/span><span style=\"font-weight: 400\">es mucho m\u00e1s que un musculitos sueco (&#8220;La Leyenda de Tarz\u00e1n&#8221; 2016) y seleccionando o siendo seleccionado para \u00e9ste tipo de papeles los espectadores estamos encantados de verle.<\/span><\/p>\n<p>&nbsp;<\/p>\n<p><span style=\"font-weight: 400\">Lo peor: El exceso de drama, el punto de inflexi\u00f3n metido a palanqueta.<\/span><span style=\"font-weight: 400\"><br \/>\n<\/span><span style=\"font-weight: 400\">Lo mejor: El momento hist\u00f3rico (posguerra mundial), la localizaci\u00f3n de la acci\u00f3n, el decorado de la casa y el final.<\/span><\/p>\n<p><iframe loading=\"lazy\" title=\"El di\u0301a que vendra\u0301 - Trailer espan\u0303ol (HD)\" width=\"800\" height=\"450\" src=\"https:\/\/www.youtube.com\/embed\/rcFS0ltDkn0?feature=oembed\" frameborder=\"0\" allow=\"accelerometer; autoplay; clipboard-write; encrypted-media; gyroscope; picture-in-picture\" allowfullscreen><\/iframe><\/p>\n","protected":false},"excerpt":{"rendered":"<p>Nuestra Puntuaci\u00f3n Valoraci\u00f3n de los lectores [Total: 0 Media: 0] T\u00edtulo original: The Aftermath A\u00f1o: 2019 Duraci\u00f3n: 108 min G\u00e9nero:<\/p>\n","protected":false},"author":4,"featured_media":0,"comment_status":"open","ping_status":"open","sticky":false,"template":"","format":"standard","meta":{"yasr_overall_rating":0,"yasr_post_is_review":"","yasr_auto_insert_disabled":"","yasr_review_type":"","footnotes":""},"categories":[2],"tags":[27,8,10,12,9],"class_list":["post-799","post","type-post","status-publish","format-standard","hentry","category-criticas","tag-adaptacion-de-novela","tag-drama","tag-ii-guerra-mundial","tag-keira-knightley","tag-romance"],"yasr_visitor_votes":{"stars_attributes":{"read_only":false,"span_bottom":false},"number_of_votes":0,"sum_votes":0},"_links":{"self":[{"href":"https:\/\/www.cineclubaranjuez.es\/index.php\/wp-json\/wp\/v2\/posts\/799"}],"collection":[{"href":"https:\/\/www.cineclubaranjuez.es\/index.php\/wp-json\/wp\/v2\/posts"}],"about":[{"href":"https:\/\/www.cineclubaranjuez.es\/index.php\/wp-json\/wp\/v2\/types\/post"}],"author":[{"embeddable":true,"href":"https:\/\/www.cineclubaranjuez.es\/index.php\/wp-json\/wp\/v2\/users\/4"}],"replies":[{"embeddable":true,"href":"https:\/\/www.cineclubaranjuez.es\/index.php\/wp-json\/wp\/v2\/comments?post=799"}],"version-history":[{"count":7,"href":"https:\/\/www.cineclubaranjuez.es\/index.php\/wp-json\/wp\/v2\/posts\/799\/revisions"}],"predecessor-version":[{"id":1004,"href":"https:\/\/www.cineclubaranjuez.es\/index.php\/wp-json\/wp\/v2\/posts\/799\/revisions\/1004"}],"wp:attachment":[{"href":"https:\/\/www.cineclubaranjuez.es\/index.php\/wp-json\/wp\/v2\/media?parent=799"}],"wp:term":[{"taxonomy":"category","embeddable":true,"href":"https:\/\/www.cineclubaranjuez.es\/index.php\/wp-json\/wp\/v2\/categories?post=799"},{"taxonomy":"post_tag","embeddable":true,"href":"https:\/\/www.cineclubaranjuez.es\/index.php\/wp-json\/wp\/v2\/tags?post=799"}],"curies":[{"name":"wp","href":"https:\/\/api.w.org\/{rel}","templated":true}]}}