{"id":834,"date":"2019-07-09T18:47:22","date_gmt":"2019-07-09T16:47:22","guid":{"rendered":"http:\/\/www.cineclubaranjuez.es\/?p=834"},"modified":"2019-11-21T19:04:17","modified_gmt":"2019-11-21T18:04:17","slug":"podcast-01x05","status":"publish","type":"post","link":"https:\/\/www.cineclubaranjuez.es\/index.php\/2019\/07\/09\/podcast-01x05\/","title":{"rendered":"Podcast 01&#215;05: La joven de la perla, la insaculaci\u00f3n, los parecidos y final de temporada."},"content":{"rendered":"\n<figure class=\"wp-block-audio\"><audio controls src=\"https:\/\/www.cineclubaranjuez.es\/wp-content\/uploads\/2019\/11\/podcast01x05.mp3\"><\/audio><figcaption>podcast 01&#215;05<\/figcaption><\/figure>\n\n\n<p>Bueno pues grabamos el \u00faltimo y definitivo podcast de esta temporada. Hablamos sobre La joven de la perla, sobre pel\u00edculas similares estrenadas el mismo a\u00f1o y sobre los estudios de cine que existieron en Aranjuez.<\/p>\n<p>Sorteamos los DVD y gan\u00f3 Jose Antonio, enhorabuena!!!<\/p>\n<p>Os dejamos con el v\u00eddeo del sorteo. Amador, la mano &#8216;inocente&#8217;<\/p>\n<p><iframe loading=\"lazy\" title=\"Sorteo DVD Cineclubaranjuez\" width=\"800\" height=\"450\" src=\"https:\/\/www.youtube.com\/embed\/GkpJI-9FmWk?feature=oembed\" frameborder=\"0\" allow=\"accelerometer; autoplay; encrypted-media; gyroscope; picture-in-picture\" allowfullscreen><\/iframe><\/p>\n<p><img loading=\"lazy\" decoding=\"async\" class=\"alignnone size-medium wp-image-846\" src=\"http:\/\/www.cineclubaranjuez.es\/wp-content\/uploads\/2019\/07\/foto_vumetro-154x300.jpg\" alt=\"\" width=\"154\" height=\"300\" srcset=\"https:\/\/www.cineclubaranjuez.es\/wp-content\/uploads\/2019\/07\/foto_vumetro-154x300.jpg 154w, https:\/\/www.cineclubaranjuez.es\/wp-content\/uploads\/2019\/07\/foto_vumetro-526x1024.jpg 526w, https:\/\/www.cineclubaranjuez.es\/wp-content\/uploads\/2019\/07\/foto_vumetro.jpg 729w\" sizes=\"(max-width: 154px) 100vw, 154px\" \/><\/p>","protected":false},"excerpt":{"rendered":"<p>Bueno pues grabamos el \u00faltimo y definitivo podcast de esta temporada. Hablamos sobre La joven de la perla, sobre pel\u00edculas<\/p>\n","protected":false},"author":3,"featured_media":846,"comment_status":"open","ping_status":"open","sticky":false,"template":"","format":"standard","meta":{"yasr_overall_rating":0,"yasr_post_is_review":"","yasr_auto_insert_disabled":"yes","yasr_review_type":"","footnotes":""},"categories":[7],"tags":[],"class_list":["post-834","post","type-post","status-publish","format-standard","has-post-thumbnail","hentry","category-podcast"],"yasr_visitor_votes":{"stars_attributes":{"read_only":false,"span_bottom":false},"number_of_votes":0,"sum_votes":0},"_links":{"self":[{"href":"https:\/\/www.cineclubaranjuez.es\/index.php\/wp-json\/wp\/v2\/posts\/834"}],"collection":[{"href":"https:\/\/www.cineclubaranjuez.es\/index.php\/wp-json\/wp\/v2\/posts"}],"about":[{"href":"https:\/\/www.cineclubaranjuez.es\/index.php\/wp-json\/wp\/v2\/types\/post"}],"author":[{"embeddable":true,"href":"https:\/\/www.cineclubaranjuez.es\/index.php\/wp-json\/wp\/v2\/users\/3"}],"replies":[{"embeddable":true,"href":"https:\/\/www.cineclubaranjuez.es\/index.php\/wp-json\/wp\/v2\/comments?post=834"}],"version-history":[{"count":11,"href":"https:\/\/www.cineclubaranjuez.es\/index.php\/wp-json\/wp\/v2\/posts\/834\/revisions"}],"predecessor-version":[{"id":1126,"href":"https:\/\/www.cineclubaranjuez.es\/index.php\/wp-json\/wp\/v2\/posts\/834\/revisions\/1126"}],"wp:featuredmedia":[{"embeddable":true,"href":"https:\/\/www.cineclubaranjuez.es\/index.php\/wp-json\/wp\/v2\/media\/846"}],"wp:attachment":[{"href":"https:\/\/www.cineclubaranjuez.es\/index.php\/wp-json\/wp\/v2\/media?parent=834"}],"wp:term":[{"taxonomy":"category","embeddable":true,"href":"https:\/\/www.cineclubaranjuez.es\/index.php\/wp-json\/wp\/v2\/categories?post=834"},{"taxonomy":"post_tag","embeddable":true,"href":"https:\/\/www.cineclubaranjuez.es\/index.php\/wp-json\/wp\/v2\/tags?post=834"}],"curies":[{"name":"wp","href":"https:\/\/api.w.org\/{rel}","templated":true}]}}