{"id":907,"date":"2019-08-27T18:47:31","date_gmt":"2019-08-27T16:47:31","guid":{"rendered":"http:\/\/www.cineclubaranjuez.es\/?p=907"},"modified":"2019-08-27T18:48:56","modified_gmt":"2019-08-27T16:48:56","slug":"verano-del-84","status":"publish","type":"post","link":"https:\/\/www.cineclubaranjuez.es\/index.php\/2019\/08\/27\/verano-del-84\/","title":{"rendered":"Verano del 84"},"content":{"rendered":"<div style='text-align:left' class='yasr-auto-insert-overall'><!--Yasr Overall Rating Shortcode--><div class='yasr-custom-text-before-overall' id='yasr-custom-text-before-overall'>Nuestra Puntuaci\u00f3n<\/div><div class=\"yasr-overall-rating\"><div class=' yasr-rater-stars'\n                           id='yasr-overall-rating-rater-9a4f2599b3546'\n                           data-rating='2.5'\n                           data-rater-starsize='32'>\n                       <\/div><\/div><!--End Yasr Overall Rating Shortcode--><\/div><div style='text-align:left' class='yasr-auto-insert-visitor'><!--Yasr Visitor Votes Shortcode--><div id='yasr_visitor_votes_c39559b7624fd' class='yasr-visitor-votes'><div class=\"yasr-custom-text-vv-before yasr-custom-text-vv-before-907\">Valoraci\u00f3n de los lectores<\/div><div id='yasr-vv-second-row-container-c39559b7624fd'\n                                        class='yasr-vv-second-row-container'><div id='yasr-visitor-votes-rater-c39559b7624fd'\n                                      class='yasr-rater-stars-vv'\n                                      data-rater-postid='907'\n                                      data-rating='0'\n                                      data-rater-starsize='32'\n                                      data-rater-readonly='false'\n                                      data-rater-nonce='8391007680'\n                                      data-issingular='false'\n                                    ><\/div><div class=\"yasr-vv-stats-text-container\" id=\"yasr-vv-stats-text-container-c39559b7624fd\"><svg xmlns=\"https:\/\/www.w3.org\/2000\/svg\" width=\"20\" height=\"20\"\n                                   class=\"yasr-dashicons-visitor-stats\"\n                                   data-postid=\"907\"\n                                   id=\"yasr-stats-dashicon-c39559b7624fd\">\n                                   <path d=\"M18 18v-16h-4v16h4zM12 18v-11h-4v11h4zM6 18v-8h-4v8h4z\"><\/path>\n                               <\/svg><span id=\"yasr-vv-text-container-c39559b7624fd\" class=\"yasr-vv-text-container\">[Total: <span id=\"yasr-vv-votes-number-container-c39559b7624fd\">0<\/span>  Media: <span id=\"yasr-vv-average-container-c39559b7624fd\">0<\/span>]<\/span><\/div><div id='yasr-vv-loader-c39559b7624fd' class='yasr-vv-container-loader'><\/div><\/div><div id='yasr-vv-bottom-container-c39559b7624fd' class='yasr-vv-bottom-container'><\/div><\/div><!--End Yasr Visitor Votes Shortcode--><\/div><p><strong>T\u00edtulo original:<\/strong> Summer of 84<br \/>\n<strong>A\u00f1o:<\/strong> 2018<br \/>\n<strong>Duraci\u00f3n:<\/strong> 105 min.<br \/>\n<strong>Pa\u00eds:<\/strong> Canad\u00e1<br \/>\n<strong>Direcci\u00f3n:<\/strong> Anouk Whissell, Fran\u00e7ois Simard, Yoann-Karl Whissell<br \/>\n<strong>Guion:<\/strong> Matt Leslie, Stephen J. Smith<br \/>\n<strong>M\u00fasica:<\/strong> Jean-Nicolas Leupi, Jean-Philippe Bernier, Le Matos<br \/>\n<strong>Fotograf\u00eda:<\/strong> Jean-Philippe Bernier<br \/>\n<strong>Reparto:<\/strong><\/p>\n<p>Graham Verchere, Judah Lewis, Caleb Emery, Cory Gruter-Andrew, Tiera Skovbye, Rich Sommer, Jason Gray-Stanford, Shauna Johannesen, William MacDonald, Harrison Houde, Aren Buchholz, Susie Castillo, Reilly Jacob, Jaiven Natt, J. Alex Brinson, Patrick Keating, Patrick Lubczyk, Jordan Buhat, Mark Brandon<\/p>\n<p><strong>Sinopsis:<\/strong><\/p>\n<p>Verano, 1984: La \u00e9poca perfecta para tener 15 a\u00f1os y ser libre. Pero cuando un te\u00f3rico de las conspiraciones empieza a sospechar que su vecino polic\u00eda podr\u00eda ser el asesino en serie que sale en las noticias, \u00e9l y sus tres mejores amigos empezar\u00e1n una investigaci\u00f3n que r\u00e1pidamente se volver\u00e1 peligrosa. (<a href=\"https:\/\/www.filmaffinity.com\/es\/film169814.html\">FILMAFFINITY<\/a>)<\/p>\n<p><!--more--><\/p>\n<p>&nbsp;<\/p>\n<p><strong>Opini\u00f3n:<\/strong><\/p>\n<p>El otro d\u00eda decidimos cambiar un poco el cine cl\u00e1sico por una peli actual&#8230; que habla del pasado. En concreto de los a\u00f1os ochenta y protagonizada por unos chavales en los \u00faltimos retazos de la ni\u00f1ez y en plena adolescencia&#8230; (todo muy novedoso, eh?). El caso, es que la pel\u00edcula comienza bastante bien, como si de unos goonies o stranger things se tratase, pero sin monstruos. Aqu\u00ed el monstruo es un asesino que mata ni\u00f1os y cuyos protagonistas se empe\u00f1an en cazar, viendo pistas donde no las hay. Con esa premisa, la pel\u00edcula no nos va a sorprender, aunque no lo digo en el sentido malo. No es sorprendente, pero s\u00ed muy entretenida. Y la historia te engancha a poco que hagas un peque\u00f1o esfuerzo.<\/p>\n<p>Humor, misterio, ligues con t\u00edas buenas, bicicletas, recreativos, coches, investigaciones, linternas y walkie-talkies. Si os digo esto, os suena de algo, no? Pues eso es lo que ofrece la pel\u00edcula. No enga\u00f1a, no te pone en la cara lo ochentera que es. Pero est\u00e1 bien ambientada. Una m\u00fasica bastante cuidada, aunque se hace algo pesada. Alg\u00fan que otro hit que se cuela. Todo pinta muy bien&#8230;<\/p>\n<p>&#8230;Hasta el final. Los \u00faltimos 15 minutos se convierten en un sinsentido que mata mucho del entretenimiento que ha conseguido la cinta durante 90 minutos. Un final indigno para una pel\u00edcula digna. Poco se puede decir sin destripar m\u00e1s, pero esos 15 minutos se los pod\u00edan haber ahorrado. Totalmente de acuerdo con lo que dijo mi vecino de patio (alias Amador): Pod\u00edan haber terminado con un final m\u00e1s convencional. Lo firmo, porque es as\u00ed.<\/p>\n<p><strong>Lo mejor:<\/strong> Toda la pel\u00edcula, hasta casi el final. Es muy entretenida, hasta casi disfrutable. Bien planteada y bien hecha, sin tampoco pasarse. Si hay efectos digitales no se notan nada, pero tampoco hacen mucha falta.<\/p>\n<p><strong>Lo peor:\u00a0<\/strong>El final.<\/p>\n<p><iframe loading=\"lazy\" title=\"Verano del 84 - Trailer espan\u0303ol (HD)\" width=\"800\" height=\"450\" src=\"https:\/\/www.youtube.com\/embed\/byXTstee-QA?feature=oembed\" frameborder=\"0\" allow=\"accelerometer; autoplay; clipboard-write; encrypted-media; gyroscope; picture-in-picture\" allowfullscreen><\/iframe><\/p>\n","protected":false},"excerpt":{"rendered":"<p>Nuestra Puntuaci\u00f3n Valoraci\u00f3n de los lectores [Total: 0 Media: 0]T\u00edtulo original: Summer of 84 A\u00f1o: 2018 Duraci\u00f3n: 105 min. Pa\u00eds:<\/p>\n","protected":false},"author":3,"featured_media":908,"comment_status":"open","ping_status":"open","sticky":false,"template":"","format":"standard","meta":{"yasr_overall_rating":2.5,"yasr_post_is_review":"","yasr_auto_insert_disabled":"","yasr_review_type":"Product","footnotes":""},"categories":[2],"tags":[],"class_list":["post-907","post","type-post","status-publish","format-standard","has-post-thumbnail","hentry","category-criticas"],"yasr_visitor_votes":{"stars_attributes":{"read_only":false,"span_bottom":false},"number_of_votes":0,"sum_votes":0},"_links":{"self":[{"href":"https:\/\/www.cineclubaranjuez.es\/index.php\/wp-json\/wp\/v2\/posts\/907"}],"collection":[{"href":"https:\/\/www.cineclubaranjuez.es\/index.php\/wp-json\/wp\/v2\/posts"}],"about":[{"href":"https:\/\/www.cineclubaranjuez.es\/index.php\/wp-json\/wp\/v2\/types\/post"}],"author":[{"embeddable":true,"href":"https:\/\/www.cineclubaranjuez.es\/index.php\/wp-json\/wp\/v2\/users\/3"}],"replies":[{"embeddable":true,"href":"https:\/\/www.cineclubaranjuez.es\/index.php\/wp-json\/wp\/v2\/comments?post=907"}],"version-history":[{"count":3,"href":"https:\/\/www.cineclubaranjuez.es\/index.php\/wp-json\/wp\/v2\/posts\/907\/revisions"}],"predecessor-version":[{"id":911,"href":"https:\/\/www.cineclubaranjuez.es\/index.php\/wp-json\/wp\/v2\/posts\/907\/revisions\/911"}],"wp:featuredmedia":[{"embeddable":true,"href":"https:\/\/www.cineclubaranjuez.es\/index.php\/wp-json\/wp\/v2\/media\/908"}],"wp:attachment":[{"href":"https:\/\/www.cineclubaranjuez.es\/index.php\/wp-json\/wp\/v2\/media?parent=907"}],"wp:term":[{"taxonomy":"category","embeddable":true,"href":"https:\/\/www.cineclubaranjuez.es\/index.php\/wp-json\/wp\/v2\/categories?post=907"},{"taxonomy":"post_tag","embeddable":true,"href":"https:\/\/www.cineclubaranjuez.es\/index.php\/wp-json\/wp\/v2\/tags?post=907"}],"curies":[{"name":"wp","href":"https:\/\/api.w.org\/{rel}","templated":true}]}}