{"id":953,"date":"2019-09-19T19:52:43","date_gmt":"2019-09-19T17:52:43","guid":{"rendered":"https:\/\/www.cineclubaranjuez.es\/?p=953"},"modified":"2019-09-19T20:01:21","modified_gmt":"2019-09-19T18:01:21","slug":"quien-a-hierro-mata","status":"publish","type":"post","link":"https:\/\/www.cineclubaranjuez.es\/index.php\/2019\/09\/19\/quien-a-hierro-mata\/","title":{"rendered":"Quien a hierro mata"},"content":{"rendered":"<div style='text-align:left' class='yasr-auto-insert-overall'><!--Yasr Overall Rating Shortcode--><div class='yasr-custom-text-before-overall' id='yasr-custom-text-before-overall'>Nuestra Puntuaci\u00f3n<\/div><div class=\"yasr-overall-rating\"><div class=' yasr-rater-stars'\n                           id='yasr-overall-rating-rater-761df152bc9d0'\n                           data-rating='3'\n                           data-rater-starsize='32'>\n                       <\/div><\/div><!--End Yasr Overall Rating Shortcode--><\/div><div style='text-align:left' class='yasr-auto-insert-visitor'><!--Yasr Visitor Votes Shortcode--><div id='yasr_visitor_votes_c2180a6d1f978' class='yasr-visitor-votes'><div class=\"yasr-custom-text-vv-before yasr-custom-text-vv-before-953\">Valoraci\u00f3n de los lectores<\/div><div id='yasr-vv-second-row-container-c2180a6d1f978'\n                                        class='yasr-vv-second-row-container'><div id='yasr-visitor-votes-rater-c2180a6d1f978'\n                                      class='yasr-rater-stars-vv'\n                                      data-rater-postid='953'\n                                      data-rating='4'\n                                      data-rater-starsize='32'\n                                      data-rater-readonly='false'\n                                      data-rater-nonce='cb543bff4a'\n                                      data-issingular='false'\n                                    ><\/div><div class=\"yasr-vv-stats-text-container\" id=\"yasr-vv-stats-text-container-c2180a6d1f978\"><svg xmlns=\"https:\/\/www.w3.org\/2000\/svg\" width=\"20\" height=\"20\"\n                                   class=\"yasr-dashicons-visitor-stats\"\n                                   data-postid=\"953\"\n                                   id=\"yasr-stats-dashicon-c2180a6d1f978\">\n                                   <path d=\"M18 18v-16h-4v16h4zM12 18v-11h-4v11h4zM6 18v-8h-4v8h4z\"><\/path>\n                               <\/svg><span id=\"yasr-vv-text-container-c2180a6d1f978\" class=\"yasr-vv-text-container\">[Total: <span id=\"yasr-vv-votes-number-container-c2180a6d1f978\">1<\/span>  Media: <span id=\"yasr-vv-average-container-c2180a6d1f978\">4<\/span>]<\/span><\/div><div id='yasr-vv-loader-c2180a6d1f978' class='yasr-vv-container-loader'><\/div><\/div><div id='yasr-vv-bottom-container-c2180a6d1f978' class='yasr-vv-bottom-container'><\/div><\/div><!--End Yasr Visitor Votes Shortcode--><\/div>\n<p><strong>T\u00edtulo original: <\/strong>Quien a hierro mata<br> <strong>A\u00f1o:<\/strong> 2019<br> <strong>Duraci\u00f3n:<\/strong> 107 min.<br> <strong>Pa\u00eds:<\/strong> Espa\u00f1a <br> <strong>Direcci\u00f3n:<\/strong> Paco Plaza<br> <strong>Guion:<\/strong> Juan Gali\u00f1anes, Jorge Guerricaechevarr\u00eda<br> <strong>M\u00fasica:<\/strong> Maika Makovski<br> <strong>Fotograf\u00eda:<\/strong> Pablo Rosso<\/p>\n\n\n\n<p><strong>Reparto:<\/strong><br>Luis Tosar, Xo\u00e1n Cejudo, Enric Auquer, Ismael Mart\u00ednez, Mar\u00eda V\u00e1zquez, Dani Curr\u00e1s, Pablo Guisa Koestinger, Marcos Javier Fern\u00e1ndez Eimil, Mar\u00eda Luisa Mayol, V\u00edctor Dupl\u00e1, Alberto Abu\u00edn<\/p>\n\n\n\n<p><strong>Sinopsis:<\/strong><br> En un pueblo de la costa gallega vive Mario, un hombre ejemplar. En la residencia de ancianos en la que trabaja como enfermero todos le aprecian. Cuando el narcotraficante m\u00e1s conocido de la zona, Antonio Pad\u00edn, reci\u00e9n salido de la c\u00e1rcel, ingresa en la residencia, Mario trata de que Antonio se sienta como en casa. Ahora, los dos hijos de Pad\u00edn, Kike y To\u00f1o, est\u00e1n al mando del negocio familiar. Pero un fallo en una operaci\u00f3n llevar\u00e1 a Kike a la c\u00e1rcel y les generar\u00e1 una gran deuda con un proveedor colombiano. To\u00f1o recurrir\u00e1 al enfermero para que intente convencer a su padre de que asuma la deuda. Pero Mario tiene sus propios planes. (<a href=\"https:\/\/www.filmaffinity.com\/es\/film713289.html\">FILMAFFINITY<\/a>)<\/p>\n\n\n\n<p><\/p>\n\n\n\n<blockquote class=\"wp-block-quote is-layout-flow wp-block-quote-is-layout-flow\"><p>Pocos momentos hay en la pel\u00edcula para una sonrisa. Pocos momentos para respirar.<\/p><\/blockquote>\n\n\n\n<p><\/p>\n\n\n\n<!--more-->\n\n\n\n<p><strong>Opini\u00f3n:<\/strong> Una pel\u00edcula vista casi por descarte, ya que el resto de la cartelera no nos convenc\u00eda a ninguno de los que asistimos a la velada cin\u00e9fila. A priori entr\u00e9 con cierto temor sobre lo que me pod\u00eda encontrar, y los temores no eran infundados, aunque no por la calidad de la pel\u00edcula, que es innegable, sino por su crudeza. Para mi es dif\u00edcil cuantificar cuanto tiene de buena y cuanto de chunga. Porque no es una pel\u00edcula f\u00e1cil de ver. No hay muchos personajes que se salven, todos tienen un lado siniestro y oscuro. Todos tienen deudas con su pasado. Todos van a pagar por ello. <\/p>\n\n\n\n<p>Hasta ah\u00ed, el gui\u00f3n es bastante interesante. Pero el problema, bajo mi \u00f3ptica, es la manera de llevarlo a la pantalla. De una manera cruda y despiadada. Pocos momentos hay en la pel\u00edcula para una sonrisa. Pocos momentos para respirar. El mal lo es todo, y se va apoderando de los personajes hasta que los destruye. <\/p>\n\n\n\n<p>El retrato del mundo de las drogas, y del narcotr\u00e1fico es inquietante, por llamarlo de una manera relajada. <\/p>\n\n\n\n<p>Como parte positiva, decir que las actuaciones me parecieron lo mejor. Todos los actores est\u00e1n muy bien, menci\u00f3n aparte de Luis Tosar, que lidera la funci\u00f3n, como siempre muy solvente. Tambi\u00e9n gran actuaci\u00f3n de <a href=\"https:\/\/www.imdb.com\/name\/nm0555140\/?ref_=tt_cl_t3\">Ismael Mart\u00ednez<\/a>, como uno de los hijos de Antonio Pad\u00edn. Roba muchos planos. Si la veis entender\u00e9is lo que digo.<\/p>\n\n\n\n<p>Decir que la nota la pongo un poco ponderando la calidad de la pel\u00edcula y el mal rollo que me hizo sentir. Supongo que el mal rollo, indica que la pel\u00edcula cumple con lo que busca, pero a\u00fan as\u00ed&#8230;<\/p>\n\n\n\n<p><strong>Lo mejor: <\/strong>Las actuaciones, una historia que te atrapa, y est\u00e1 muy bien interpretada.<\/p>\n\n\n\n<p><strong>Lo peor:<\/strong> Se ve venir el final. El mal cuerpo que te deja. <\/p>\n\n\n\n<figure class=\"wp-block-embed-youtube wp-block-embed is-type-video is-provider-youtube wp-embed-aspect-16-9 wp-has-aspect-ratio\"><div class=\"wp-block-embed__wrapper\">\n<iframe loading=\"lazy\" title=\"QUIEN A HIERRO MATA. Tr\u00e1iler Oficial HD. Ya en cines.\" width=\"800\" height=\"450\" src=\"https:\/\/www.youtube.com\/embed\/zmy7irhYGrc?feature=oembed\" frameborder=\"0\" allow=\"accelerometer; autoplay; clipboard-write; encrypted-media; gyroscope; picture-in-picture\" allowfullscreen><\/iframe>\n<\/div><\/figure>\n","protected":false},"excerpt":{"rendered":"<p>Nuestra Puntuaci\u00f3n Valoraci\u00f3n de los lectores [Total: 1 Media: 4] T\u00edtulo original: Quien a hierro mata A\u00f1o: 2019 Duraci\u00f3n: 107<\/p>\n","protected":false},"author":3,"featured_media":954,"comment_status":"open","ping_status":"open","sticky":false,"template":"","format":"standard","meta":{"yasr_overall_rating":3,"yasr_post_is_review":"","yasr_auto_insert_disabled":"","yasr_review_type":"","footnotes":""},"categories":[2],"tags":[],"class_list":["post-953","post","type-post","status-publish","format-standard","has-post-thumbnail","hentry","category-criticas"],"yasr_visitor_votes":{"stars_attributes":{"read_only":false,"span_bottom":false},"number_of_votes":1,"sum_votes":4},"_links":{"self":[{"href":"https:\/\/www.cineclubaranjuez.es\/index.php\/wp-json\/wp\/v2\/posts\/953"}],"collection":[{"href":"https:\/\/www.cineclubaranjuez.es\/index.php\/wp-json\/wp\/v2\/posts"}],"about":[{"href":"https:\/\/www.cineclubaranjuez.es\/index.php\/wp-json\/wp\/v2\/types\/post"}],"author":[{"embeddable":true,"href":"https:\/\/www.cineclubaranjuez.es\/index.php\/wp-json\/wp\/v2\/users\/3"}],"replies":[{"embeddable":true,"href":"https:\/\/www.cineclubaranjuez.es\/index.php\/wp-json\/wp\/v2\/comments?post=953"}],"version-history":[{"count":5,"href":"https:\/\/www.cineclubaranjuez.es\/index.php\/wp-json\/wp\/v2\/posts\/953\/revisions"}],"predecessor-version":[{"id":959,"href":"https:\/\/www.cineclubaranjuez.es\/index.php\/wp-json\/wp\/v2\/posts\/953\/revisions\/959"}],"wp:featuredmedia":[{"embeddable":true,"href":"https:\/\/www.cineclubaranjuez.es\/index.php\/wp-json\/wp\/v2\/media\/954"}],"wp:attachment":[{"href":"https:\/\/www.cineclubaranjuez.es\/index.php\/wp-json\/wp\/v2\/media?parent=953"}],"wp:term":[{"taxonomy":"category","embeddable":true,"href":"https:\/\/www.cineclubaranjuez.es\/index.php\/wp-json\/wp\/v2\/categories?post=953"},{"taxonomy":"post_tag","embeddable":true,"href":"https:\/\/www.cineclubaranjuez.es\/index.php\/wp-json\/wp\/v2\/tags?post=953"}],"curies":[{"name":"wp","href":"https:\/\/api.w.org\/{rel}","templated":true}]}}