{"id":976,"date":"2019-10-10T20:01:18","date_gmt":"2019-10-10T18:01:18","guid":{"rendered":"https:\/\/www.cineclubaranjuez.es\/?p=976"},"modified":"2019-10-10T20:29:12","modified_gmt":"2019-10-10T18:29:12","slug":"toni-erdmann","status":"publish","type":"post","link":"https:\/\/www.cineclubaranjuez.es\/index.php\/2019\/10\/10\/toni-erdmann\/","title":{"rendered":"Toni Erdmann"},"content":{"rendered":"<div style='text-align:left' class='yasr-auto-insert-overall'><!--Yasr Overall Rating Shortcode--><div class='yasr-custom-text-before-overall' id='yasr-custom-text-before-overall'>Nuestra Puntuaci\u00f3n<\/div><div class=\"yasr-overall-rating\"><div class=' yasr-rater-stars'\n                           id='yasr-overall-rating-rater-052f61a11f059'\n                           data-rating='3.5'\n                           data-rater-starsize='32'>\n                       <\/div><\/div><!--End Yasr Overall Rating Shortcode--><\/div><div style='text-align:left' class='yasr-auto-insert-visitor'><!--Yasr Visitor Votes Shortcode--><div id='yasr_visitor_votes_ffa10f2916485' class='yasr-visitor-votes'><div class=\"yasr-custom-text-vv-before yasr-custom-text-vv-before-976\">Valoraci\u00f3n de los lectores<\/div><div id='yasr-vv-second-row-container-ffa10f2916485'\n                                        class='yasr-vv-second-row-container'><div id='yasr-visitor-votes-rater-ffa10f2916485'\n                                      class='yasr-rater-stars-vv'\n                                      data-rater-postid='976'\n                                      data-rating='0'\n                                      data-rater-starsize='32'\n                                      data-rater-readonly='false'\n                                      data-rater-nonce='bee0312318'\n                                      data-issingular='false'\n                                    ><\/div><div class=\"yasr-vv-stats-text-container\" id=\"yasr-vv-stats-text-container-ffa10f2916485\"><svg xmlns=\"https:\/\/www.w3.org\/2000\/svg\" width=\"20\" height=\"20\"\n                                   class=\"yasr-dashicons-visitor-stats\"\n                                   data-postid=\"976\"\n                                   id=\"yasr-stats-dashicon-ffa10f2916485\">\n                                   <path d=\"M18 18v-16h-4v16h4zM12 18v-11h-4v11h4zM6 18v-8h-4v8h4z\"><\/path>\n                               <\/svg><span id=\"yasr-vv-text-container-ffa10f2916485\" class=\"yasr-vv-text-container\">[Total: <span id=\"yasr-vv-votes-number-container-ffa10f2916485\">0<\/span>  Media: <span id=\"yasr-vv-average-container-ffa10f2916485\">0<\/span>]<\/span><\/div><div id='yasr-vv-loader-ffa10f2916485' class='yasr-vv-container-loader'><\/div><\/div><div id='yasr-vv-bottom-container-ffa10f2916485' class='yasr-vv-bottom-container'><\/div><\/div><!--End Yasr Visitor Votes Shortcode--><\/div>\n<p><strong>T\u00edtulo original:<\/strong> Toni Erdmann<br> <strong>A\u00f1o:<\/strong> 2016<br> <strong>Duraci\u00f3n:<\/strong> 162 min.<br> <strong>Pa\u00eds:<\/strong> Alemania<br> <strong>Direcci\u00f3n:<\/strong> Maren Ade<br> <strong>Guion:<\/strong> Maren Ade<br> <strong>Fotograf\u00eda:<\/strong> Patrick Orth<\/p>\n\n\n\n<p><strong>Reparto:<\/strong><br>Peter Simonischek, Sandra H\u00fcller, Lucy Russell, Trystan P\u00fctter, Thomas Loibl, Hadewych Minis, Vlad Ivanov, Ingrid Bisu, John Keogh, Ingo Wimmer, Cosmin Padureanu, Anna Maria Bergold, Radu Banzaru, Alexandru Papadopol, Sava Lolov, J\u00fcrg L\u00f6w, Miriam Rizea, Michael Wittenborn<\/p>\n\n\n\n<p><strong>Sinopsis:<\/strong><br> In\u00e8s trabaja en una importante consultora alemana establecida en Bucarest. Su estresante vida est\u00e1 perfectamente organizada hasta que su extrovertido y bromista padre Winfried llega de improvisto y le pregunta \u201d\u00bferes feliz?\u201d. Tras su incapacidad para responder, sufre un profundo cambio. Ese padre que a veces estorba y que la averg\u00fcenza un poco le va a ayudar a dar nuevamente sentido a su vida gracias a un personaje imaginario: el divertido Toni Erdmann\u2026 (<a href=\"https:\/\/www.filmaffinity.com\/es\/film979452.html\">FILMAFFINITY<\/a>)<\/p>\n\n\n\n<p><strong>Premios:<\/strong><br> 2017: Premios Goya: Nominada a Mejor pel\u00edcula europea<br> 2016: 6 Premios del cine Alem\u00e1n, incluyendo pel\u00edcula y director<br> 2016: Premios Oscar: Nominada a mejor pel\u00edcula de habla no inglesa<br> 2016: Globos de Oro: Nominada a mejor pel\u00edcula de habla no inglesa<br> 2016: Premios BAFTA: Nominada a Mejor pel\u00edcula en habla no inglesa<br> 2016: Premios C\u00e9sar: Nominada a Mejor pel\u00edcula extranjera<br> 2016: Premios del Cine Europeo: Mejor pel\u00edcula, director, gui\u00f3n, actor y actriz<br> 2016: Festival de Cannes: Premio FIPRESCI<br> 2016: Premios Independent Spirit: Mejor pel\u00edcula extranjera<br> 2016: C\u00edrculo de Cr\u00edticos de Nueva York: Mejor pel\u00edcula extranjera<br> 2016: Asociaci\u00f3n de Cr\u00edticos de Los Angeles: Nominada a Mejor pel\u00edcula extranjera<br> 2016: Critics Choice Awards: Nominada a mejor pel\u00edcula de habla no inglesa<br> 2016: Asociaci\u00f3n de Cr\u00edticos de Chicago: Nominada a mejor pel\u00edcula extranjera<br> 2016: Premio FIPRESCI (Fed. Int. de Cr\u00edticos de Cine): mejor pel\u00edcula del a\u00f1o<br> 2016: British Independent Film Awards (BIFA): nom. mejor pel\u00edcula intern. independiente<br> 2016: Satellite Awards: Nominada a Mejor pel\u00edcula de habla no inglesa<br> 2016: Premios Guldbagge (Suecia): Nominada a Mejor film extranjero<br> 2017: Premios Gaud\u00ed: Nominada a Mejor pel\u00edcula europea<\/p>\n\n\n\n<!--more-->\n\n\n\n<p><strong>Opini\u00f3n:<\/strong> Una de las pel\u00edculas m\u00e1s curiosas que he visto en mucho tiempo. No s\u00e9 si decir si es divertida, graciosa, extra\u00f1a, surrealista o qu\u00e9. Desde el principio nos propone una historia muy divertida sobre un padre que no entiende a su hija, que vive absorbida por el trabajo. El padre es un autentico chiflado en el mejor sentido de la palabra. Utiliza el humor y la simpat\u00eda como modo de vida. Mientras que la hija es justo lo contrario: fr\u00eda y sin ning\u00fan sentido del humor. Las tribulaciones del padre para conseguir acercarse a su hija son el leit motif de la pel\u00edcula y genera situaciones muy surrealistas, que te sacan la sonrisa, pero a mi al menos no me arrancaron la carcajada, a excepci\u00f3n de un par de escenas (sobre todo la fiesta final). <\/p>\n\n\n\n<p>No tiene nada que ver con las pel\u00edculas americanas sobre padres e hijos\/as. Pero nada de nada. Lo que s\u00ed que es verdad es que durante las 2h y casi 45 minutos que dura, el tiempo vuela y te metes de lleno en esta historia, incluso el final es acorde con toda la obra: indefinible. No es la pel\u00edcula que os recomendar\u00eda para un domingo tarde tirado en el sill\u00f3n sin ganas de pensar, pero si os apetece ver una pel\u00edcula diferente, que os har\u00e1 sonre\u00edr, os extra\u00f1ar\u00e1 y por momentos os dejar\u00e1 pensando, Toni Erdmann es una gran candidata. Pero no es apta para verla por ver algo.<\/p>\n\n\n\n<p><strong>Lo mejor:<\/strong> Una pel\u00edcula muy diferente a lo que estamos acostumbrados a ver. Una comedia de sonrisas. Una historia muy <strong>diferente<\/strong> en toda la extensi\u00f3n de la palabra, demostrando que el cine europeo no tiene nada que envidiar a Hollywood.<\/p>\n\n\n\n<p><strong>Lo peor:<\/strong> La duraci\u00f3n, aunque no se hace para nada larga. Una pel\u00edcula que dif\u00edcilmente se ver\u00e1 en televisi\u00f3n.  Su humor es tan extra\u00f1o que te puede echar para atr\u00e1s.<\/p>\n\n\n\n<figure class=\"wp-block-embed-youtube wp-block-embed is-type-video is-provider-youtube wp-embed-aspect-16-9 wp-has-aspect-ratio\"><div class=\"wp-block-embed__wrapper\">\n<iframe loading=\"lazy\" title=\"Toni Erdmann - Trailer espa\u00f1ol (HD)\" width=\"800\" height=\"450\" src=\"https:\/\/www.youtube.com\/embed\/HyX9fMxOqwU?feature=oembed\" frameborder=\"0\" allow=\"accelerometer; autoplay; clipboard-write; encrypted-media; gyroscope; picture-in-picture\" allowfullscreen><\/iframe>\n<\/div><\/figure>\n","protected":false},"excerpt":{"rendered":"<p>Nuestra Puntuaci\u00f3n Valoraci\u00f3n de los lectores [Total: 0 Media: 0] T\u00edtulo original: Toni Erdmann A\u00f1o: 2016 Duraci\u00f3n: 162 min. Pa\u00eds:<\/p>\n","protected":false},"author":3,"featured_media":978,"comment_status":"open","ping_status":"open","sticky":false,"template":"","format":"standard","meta":{"yasr_overall_rating":3.5,"yasr_post_is_review":"","yasr_auto_insert_disabled":"","yasr_review_type":"","footnotes":""},"categories":[2],"tags":[28,35,36,37,38],"class_list":["post-976","post","type-post","status-publish","format-standard","has-post-thumbnail","hentry","category-criticas","tag-cine-europeo","tag-comedia","tag-maren-ade","tag-peter-simonischek","tag-sandra-huller"],"yasr_visitor_votes":{"stars_attributes":{"read_only":false,"span_bottom":false},"number_of_votes":0,"sum_votes":0},"_links":{"self":[{"href":"https:\/\/www.cineclubaranjuez.es\/index.php\/wp-json\/wp\/v2\/posts\/976"}],"collection":[{"href":"https:\/\/www.cineclubaranjuez.es\/index.php\/wp-json\/wp\/v2\/posts"}],"about":[{"href":"https:\/\/www.cineclubaranjuez.es\/index.php\/wp-json\/wp\/v2\/types\/post"}],"author":[{"embeddable":true,"href":"https:\/\/www.cineclubaranjuez.es\/index.php\/wp-json\/wp\/v2\/users\/3"}],"replies":[{"embeddable":true,"href":"https:\/\/www.cineclubaranjuez.es\/index.php\/wp-json\/wp\/v2\/comments?post=976"}],"version-history":[{"count":3,"href":"https:\/\/www.cineclubaranjuez.es\/index.php\/wp-json\/wp\/v2\/posts\/976\/revisions"}],"predecessor-version":[{"id":980,"href":"https:\/\/www.cineclubaranjuez.es\/index.php\/wp-json\/wp\/v2\/posts\/976\/revisions\/980"}],"wp:featuredmedia":[{"embeddable":true,"href":"https:\/\/www.cineclubaranjuez.es\/index.php\/wp-json\/wp\/v2\/media\/978"}],"wp:attachment":[{"href":"https:\/\/www.cineclubaranjuez.es\/index.php\/wp-json\/wp\/v2\/media?parent=976"}],"wp:term":[{"taxonomy":"category","embeddable":true,"href":"https:\/\/www.cineclubaranjuez.es\/index.php\/wp-json\/wp\/v2\/categories?post=976"},{"taxonomy":"post_tag","embeddable":true,"href":"https:\/\/www.cineclubaranjuez.es\/index.php\/wp-json\/wp\/v2\/tags?post=976"}],"curies":[{"name":"wp","href":"https:\/\/api.w.org\/{rel}","templated":true}]}}