{"id":993,"date":"2019-10-31T10:44:30","date_gmt":"2019-10-31T09:44:30","guid":{"rendered":"https:\/\/www.cineclubaranjuez.es\/?p=993"},"modified":"2019-10-31T10:45:17","modified_gmt":"2019-10-31T09:45:17","slug":"los-lunes-al-sol","status":"publish","type":"post","link":"https:\/\/www.cineclubaranjuez.es\/index.php\/2019\/10\/31\/los-lunes-al-sol\/","title":{"rendered":"Los lunes al sol"},"content":{"rendered":"<div style='text-align:left' class='yasr-auto-insert-overall'><!--Yasr Overall Rating Shortcode--><div class='yasr-custom-text-before-overall' id='yasr-custom-text-before-overall'>Nuestra Puntuaci\u00f3n<\/div><div class=\"yasr-overall-rating\"><div class=' yasr-rater-stars'\n                           id='yasr-overall-rating-rater-8cfec99e0624f'\n                           data-rating='3.9'\n                           data-rater-starsize='32'>\n                       <\/div><\/div><!--End Yasr Overall Rating Shortcode--><\/div><div style='text-align:left' class='yasr-auto-insert-visitor'><!--Yasr Visitor Votes Shortcode--><div id='yasr_visitor_votes_4c25f6f819b1e' class='yasr-visitor-votes'><div class=\"yasr-custom-text-vv-before yasr-custom-text-vv-before-993\">Valoraci\u00f3n de los lectores<\/div><div id='yasr-vv-second-row-container-4c25f6f819b1e'\n                                        class='yasr-vv-second-row-container'><div id='yasr-visitor-votes-rater-4c25f6f819b1e'\n                                      class='yasr-rater-stars-vv'\n                                      data-rater-postid='993'\n                                      data-rating='4'\n                                      data-rater-starsize='32'\n                                      data-rater-readonly='false'\n                                      data-rater-nonce='c0255e86f1'\n                                      data-issingular='false'\n                                    ><\/div><div class=\"yasr-vv-stats-text-container\" id=\"yasr-vv-stats-text-container-4c25f6f819b1e\"><svg xmlns=\"https:\/\/www.w3.org\/2000\/svg\" width=\"20\" height=\"20\"\n                                   class=\"yasr-dashicons-visitor-stats\"\n                                   data-postid=\"993\"\n                                   id=\"yasr-stats-dashicon-4c25f6f819b1e\">\n                                   <path d=\"M18 18v-16h-4v16h4zM12 18v-11h-4v11h4zM6 18v-8h-4v8h4z\"><\/path>\n                               <\/svg><span id=\"yasr-vv-text-container-4c25f6f819b1e\" class=\"yasr-vv-text-container\">[Total: <span id=\"yasr-vv-votes-number-container-4c25f6f819b1e\">1<\/span>  Media: <span id=\"yasr-vv-average-container-4c25f6f819b1e\">4<\/span>]<\/span><\/div><div id='yasr-vv-loader-4c25f6f819b1e' class='yasr-vv-container-loader'><\/div><\/div><div id='yasr-vv-bottom-container-4c25f6f819b1e' class='yasr-vv-bottom-container'><\/div><\/div><!--End Yasr Visitor Votes Shortcode--><\/div>\n<figure class=\"wp-block-image\"><img loading=\"lazy\" decoding=\"async\" width=\"847\" height=\"1200\" src=\"https:\/\/www.cineclubaranjuez.es\/wp-content\/uploads\/2019\/10\/los_lunes_al_sol-208306392-large.jpg\" alt=\"\" class=\"wp-image-994\"\/><figcaption><br><br><br><\/figcaption><\/figure>\n\n\n\n<p> T\u00edtulo originalLos lunes al sol<\/p>\n\n\n\n<p>A\u00f1o2002<\/p>\n\n\n\n<p>Duraci\u00f3n113 min.<\/p>\n\n\n\n<p>Pa\u00eds<\/p>\n\n\n\n<figure class=\"wp-block-image\"><img decoding=\"async\" src=\"https:\/\/www.filmaffinity.com\/imgs\/countries\/ES.jpg\" alt=\"Espa\u00f1a\"\/><\/figure>\n\n\n\n<p>Espa\u00f1a<\/p>\n\n\n\n<p>Direcci\u00f3n<a href=\"https:\/\/www.filmaffinity.com\/es\/search.php?stype=director&amp;sn&amp;stext=Fernando%20Le%C3%B3n%20de%20Aranoa\">Fernando Le\u00f3n de Aranoa<\/a><\/p>\n\n\n\n<p>GuionFernando Le\u00f3n de Aranoa,&nbsp;Ignacio del MoralM\u00fasicaLucio Godoy<\/p>\n\n\n\n<p>Fotograf\u00edaAlfredo F. Mayo<\/p>\n\n\n\n<p>Reparto<a href=\"https:\/\/www.filmaffinity.com\/es\/search.php?stype=cast&amp;sn&amp;stext=Javier%20Bardem\">Javier Bardem<\/a>,&nbsp;<a href=\"https:\/\/www.filmaffinity.com\/es\/search.php?stype=cast&amp;sn&amp;stext=Luis%20Tosar\">Luis Tosar<\/a>,&nbsp;<a href=\"https:\/\/www.filmaffinity.com\/es\/search.php?stype=cast&amp;sn&amp;stext=Jos%C3%A9%20%C3%81ngel%20Egido\">Jos\u00e9 \u00c1ngel Egido<\/a>,&nbsp;<a href=\"https:\/\/www.filmaffinity.com\/es\/search.php?stype=cast&amp;sn&amp;stext=Nieve%20de%20Medina\">Nieve de Medina<\/a>,&nbsp;<a href=\"https:\/\/www.filmaffinity.com\/es\/search.php?stype=cast&amp;sn&amp;stext=Enrique%20Vill%C3%A9n\">Enrique Vill\u00e9n<\/a>,&nbsp;<a href=\"https:\/\/www.filmaffinity.com\/es\/search.php?stype=cast&amp;sn&amp;stext=Celso%20Bugallo\">Celso Bugallo<\/a>,&nbsp;<a href=\"https:\/\/www.filmaffinity.com\/es\/search.php?stype=cast&amp;sn&amp;stext=Joaqu%C3%ADn%20Climent\">Joaqu\u00edn Climent<\/a>,&nbsp;<a href=\"https:\/\/www.filmaffinity.com\/es\/search.php?stype=cast&amp;sn&amp;stext=Aida%20Folch\">Aida Folch<\/a>,&nbsp;<a href=\"https:\/\/www.filmaffinity.com\/es\/search.php?stype=cast&amp;sn&amp;stext=Serge%20Riaboukine\">Serge Riaboukine<\/a>,&nbsp;<a href=\"https:\/\/www.filmaffinity.com\/es\/search.php?stype=cast&amp;sn&amp;stext=Laura%20Dom%C3%ADnguez\">Laura Dom\u00ednguez<\/a>,&nbsp;<a href=\"https:\/\/www.filmaffinity.com\/es\/search.php?stype=cast&amp;sn&amp;stext=Fernando%20Tejero\">Fernando Tejero<\/a><\/p>\n\n\n\n<p>ProductoraCoproducci\u00f3n Espa\u00f1a-Italia-Francia; El\u00edas Querejeta \/ Mediapro \/ Eyescreen \/ Quo Vadis Cin\u00e9ma \/ SogepaqG\u00e9nero<a href=\"https:\/\/www.filmaffinity.com\/es\/moviegenre.php?genre=DR&amp;attr=rat_count&amp;nodoc\">Drama<\/a>&nbsp;|&nbsp;<a href=\"https:\/\/www.filmaffinity.com\/es\/movietopic.php?topic=650611&amp;attr=rat_count&amp;nodoc\">Drama social<\/a>.&nbsp;<a href=\"https:\/\/www.filmaffinity.com\/es\/movietopic.php?topic=197689&amp;attr=rat_count&amp;nodoc\">Trabajo\/empleo<\/a><\/p>\n\n\n\n<p>SinopsisEn una ciudad costera del norte de Espa\u00f1a, a la que el desarrollo industrial ha hecho crecer desaforadamente, un grupo de hombres recorren cada d\u00eda sus empinadas calles, buscando salidas de emergencia. Son funambulistas de fin de mes, sin red y sin p\u00fablico, sin aplausos al final; viven en la cuerda floja del trabajo precario y sobreviven gracias a sus peque\u00f1as alegr\u00edas y rutinas.&nbsp; <\/p>\n\n\n\n<!--more-->\n\n\n\n<p>Opini\u00f3n:Si alguien todav\u00eda cree que nada del cine espa\u00f1ol merece la pena, o que Javier Bardem es un rojo sin ning\u00fan tipo de talento interpretativo, le recomiendo que vea esta peli para quitarse todos los complejos de encima.<\/p>\n\n\n\n<p>Una pel\u00edcula sin efectos especiales, sin explosiones, ni superh\u00e9roes inmortales.Una peli de seres humanos, con sus dudas, sus defectos, sus miserias, sus miedos&#8230;<\/p>\n\n\n\n<p>La peli  comienza cont\u00e1ndonos las huelgas que se llevan a cabo en Vigo, para evitar que se cierren los astilleros de la ciudad.Pero no lo consiguen, y la historia comienza a\u00f1os despu\u00e9s, cont\u00e1ndonos qu\u00e9 ha sido con algunos de esos trabajadores.Y es que a pesar de las indemnizaciones, si no reconvertimos a un tipo de trabajador en otro m\u00e1s acorde al momento, pues seguiremos sin encontrar una salida.Es el mismo problema que poco despu\u00e9s hubo con la construcci\u00f3n, y con la misma soluci\u00f3n:ninguna.As\u00ed nos va.<\/p>\n\n\n\n<p>Entre ellos est\u00e1 Santa(Javier Bardem), un tipo rudo y con un humor singular.Con una forma amarga de ver la vida, aunque con la esperanza de poder mejorar.Sin duda uno de los mejores trabajos de Bardem, con el que a veces te partes de risa, y otras te dan ganas de romper farolas.Sin duda el que m\u00e1s ideas pol\u00edticas tiene, y al que su temperamento le juega a veces malas pasadas.Genial la historia de la farola, de Australia o la escena en la que le cuenta al ni\u00f1o que tiene que cuidar el cuento de la cigarra y la hormiga.<\/p>\n\n\n\n<p>Luis Tosar, interpreta a Jose.Un tipo anodino y triste, casado con Ana(Nieve de Medina).Ella es quien lleva el dinero a casa, y \u00e9l apenas se dedica a perder el tiempo con sus amigos, y ahogar sus penas en el bar.En \u00e9l nos encontramos la desesperanza y la tristeza.A pesar de tener a su mujer, no consigue aceptar no sentirse \u00fatil.Y termina siendo una sombra de s\u00ed mismo.Solo al final cuando desnuda sus sentimientos, consigue que su mujer vuelva a ver al hombre del que se enamor\u00f3.<\/p>\n\n\n\n<p>Al contrario que los dos anteriores, Lino(Jose Angel Egido) todav\u00eda tiene esperanzas de encontrar un trabajo.Aunque ronda los cincuenta, mala edad para encontrar curro, no se desanima y sigue acudiendo a entrevistas de trabajo.Aunque a muchas de ellas ni siquiera llega a entrar, por miedo a ser rechazado.<\/p>\n\n\n\n<p>Tambi\u00e9n nos encontramos con Rico, el due\u00f1o del bar al que van a diario nuestros amigos, y en elq eu casi nunca pueden pagar.O Amador, un tipo abandonado por su mujer, y cuyo \u00fanico refugio est\u00e1 en la bebida.Solitario casi siempre, y el gran desconocido para sus propios amigos.<\/p>\n\n\n\n<p>La peli nos muestra el drama del paro a ciertas edades, la amistad entre tipos que est\u00e1n en circunstancias parecidas.Y a pesar de contarnos una historia muy dura, lo hace con un toque de humor, de cinismo y de esperanza, que hace que termines la peli con una sonrisa en la boca.<\/p>\n\n\n\n<p>Sin duda una de las mejores pelis espa\u00f1olas de Siglo XXI.Una pel\u00edcula dura, pero contada con un toque de humor que la hace digerible.Aunque en ocasiones \u00e9ste humor sea muy \u00e1cido.<\/p>\n\n\n\n<p>Por \u00faltimo destacar un papel muy peque\u00f1o, el de Fernando Tejero.Quiz\u00e1 uno de sus primeros papeles, y en el que demuestra la clase de actor en la que se terminar\u00eda convirtiendo.<\/p>\n\n\n\n<figure class=\"wp-block-embed-youtube wp-block-embed is-type-video is-provider-youtube wp-embed-aspect-16-9 wp-has-aspect-ratio\"><div class=\"wp-block-embed__wrapper\">\nhttps:\/\/www.youtube.com\/watch?v=EW4LmdSlzJw\n<\/div><\/figure>\n","protected":false},"excerpt":{"rendered":"<p>Nuestra Puntuaci\u00f3n Valoraci\u00f3n de los lectores [Total: 1 Media: 4] T\u00edtulo originalLos lunes al sol A\u00f1o2002 Duraci\u00f3n113 min. Pa\u00eds Espa\u00f1a<\/p>\n","protected":false},"author":2,"featured_media":0,"comment_status":"open","ping_status":"open","sticky":false,"template":"","format":"standard","meta":{"yasr_overall_rating":3.9,"yasr_post_is_review":"","yasr_auto_insert_disabled":"","yasr_review_type":"","footnotes":""},"categories":[2],"tags":[],"class_list":["post-993","post","type-post","status-publish","format-standard","hentry","category-criticas"],"yasr_visitor_votes":{"stars_attributes":{"read_only":false,"span_bottom":false},"number_of_votes":1,"sum_votes":4},"_links":{"self":[{"href":"https:\/\/www.cineclubaranjuez.es\/index.php\/wp-json\/wp\/v2\/posts\/993"}],"collection":[{"href":"https:\/\/www.cineclubaranjuez.es\/index.php\/wp-json\/wp\/v2\/posts"}],"about":[{"href":"https:\/\/www.cineclubaranjuez.es\/index.php\/wp-json\/wp\/v2\/types\/post"}],"author":[{"embeddable":true,"href":"https:\/\/www.cineclubaranjuez.es\/index.php\/wp-json\/wp\/v2\/users\/2"}],"replies":[{"embeddable":true,"href":"https:\/\/www.cineclubaranjuez.es\/index.php\/wp-json\/wp\/v2\/comments?post=993"}],"version-history":[{"count":3,"href":"https:\/\/www.cineclubaranjuez.es\/index.php\/wp-json\/wp\/v2\/posts\/993\/revisions"}],"predecessor-version":[{"id":1041,"href":"https:\/\/www.cineclubaranjuez.es\/index.php\/wp-json\/wp\/v2\/posts\/993\/revisions\/1041"}],"wp:attachment":[{"href":"https:\/\/www.cineclubaranjuez.es\/index.php\/wp-json\/wp\/v2\/media?parent=993"}],"wp:term":[{"taxonomy":"category","embeddable":true,"href":"https:\/\/www.cineclubaranjuez.es\/index.php\/wp-json\/wp\/v2\/categories?post=993"},{"taxonomy":"post_tag","embeddable":true,"href":"https:\/\/www.cineclubaranjuez.es\/index.php\/wp-json\/wp\/v2\/tags?post=993"}],"curies":[{"name":"wp","href":"https:\/\/api.w.org\/{rel}","templated":true}]}}